{"id":49363,"date":"2016-04-29T15:25:13","date_gmt":"2016-04-29T18:25:13","guid":{"rendered":"http:\/\/www.hoymercedes.com.ar\/principal\/?p=49363"},"modified":"2016-04-29T15:25:49","modified_gmt":"2016-04-29T18:25:49","slug":"fallecio-lucas-fal","status":"publish","type":"post","link":"https:\/\/www.hoymercedes.com.ar\/principal\/2016\/04\/29\/fallecio-lucas-fal\/","title":{"rendered":"Falleci\u00f3 Lucas Fal"},"content":{"rendered":"<p>&nbsp;<\/p>\n<p><img loading=\"lazy\" decoding=\"async\" data-attachment-id=\"44505\" data-permalink=\"https:\/\/www.hoymercedes.com.ar\/principal\/2015\/09\/10\/fal-el-estacionamiento-medido-el-sistema-asi-como-esta-planteado-para-mi-no-sirve\/lucasfal-2015\/#main\" data-orig-file=\"https:\/\/www.hoymercedes.com.ar\/principal\/wp-content\/uploads\/2015\/09\/LucasFal-2015.jpg\" data-orig-size=\"620,465\" data-comments-opened=\"1\" data-image-meta=\"{&quot;aperture&quot;:&quot;2.6&quot;,&quot;credit&quot;:&quot;&quot;,&quot;camera&quot;:&quot;SM-G360M&quot;,&quot;caption&quot;:&quot;&quot;,&quot;created_timestamp&quot;:&quot;1441880207&quot;,&quot;copyright&quot;:&quot;&quot;,&quot;focal_length&quot;:&quot;3.31&quot;,&quot;iso&quot;:&quot;250&quot;,&quot;shutter_speed&quot;:&quot;0.058823529411765&quot;,&quot;title&quot;:&quot;&quot;,&quot;orientation&quot;:&quot;0&quot;}\" data-image-title=\"LucasFal-2015\" data-image-description=\"\" data-image-caption=\"\" data-large-file=\"https:\/\/www.hoymercedes.com.ar\/principal\/wp-content\/uploads\/2015\/09\/LucasFal-2015.jpg\" class=\"aligncenter size-full wp-image-44505\" src=\"https:\/\/www.hoymercedes.com.ar\/principal\/wp-content\/uploads\/2015\/09\/LucasFal-2015.jpg\" alt=\"LucasFal-2015\" width=\"620\" height=\"465\" srcset=\"https:\/\/www.hoymercedes.com.ar\/principal\/wp-content\/uploads\/2015\/09\/LucasFal-2015.jpg 620w, https:\/\/www.hoymercedes.com.ar\/principal\/wp-content\/uploads\/2015\/09\/LucasFal-2015-150x113.jpg 150w, https:\/\/www.hoymercedes.com.ar\/principal\/wp-content\/uploads\/2015\/09\/LucasFal-2015-290x218.jpg 290w, https:\/\/www.hoymercedes.com.ar\/principal\/wp-content\/uploads\/2015\/09\/LucasFal-2015-50x38.jpg 50w, https:\/\/www.hoymercedes.com.ar\/principal\/wp-content\/uploads\/2015\/09\/LucasFal-2015-420x315.jpg 420w\" sizes=\"auto, (max-width: 620px) 100vw, 620px\" \/><\/p>\n<p><strong>El dirigente radical Lucas Fal muri\u00f3 este viernes en la ciudad de La Plata a causa de un trastorno severo de car\u00f3tida sufrido el jueves 21. Tras diversas intervenciones quir\u00fargicas, hab\u00eda mostrado una leve mejor\u00eda, aunque el desenlace fue el no esperado. Hondo pesar en la comunidad que llora a quien fuera candidato a Intendente por Cambiemos en octubre pasado.<\/strong><\/p>\n<p>Lucas Fal falleci\u00f3 este viernes en la ciudad de La Plata tras haber estado internado durante una semana en el Hospital Italiano tras descompensarse por un trastorno severo de car\u00f3tida que sufri\u00f3 el 21 de abril pasado. Padre de dos hijos, desde enero se desempe\u00f1aba como Director Provincial de Competitividad e Innovaci\u00f3n del Ministerio de la Producci\u00f3n, Ciencia y Tecnolog\u00eda de la provincia de Buenos Aires.<\/p>\n<p>Fal fue un reconocido dirigente de la Uni\u00f3n C\u00edvica Radical de Mercedes que en las elecciones generales de 2015 se present\u00f3 como candidato a Intendente, ganando la interna del Frente Cambiemos y luego estuvo a menos de 400 votos de vencer a quien hoy rige los destinos de la ciudad, Juan Ignacio Ustarroz.<\/p>\n<p>Hondo pesar en la comunidad local por la partida de este joven dirigente, que en junio pr\u00f3ximo hubiera cumplido 41 a\u00f1os y que desde su pasado en el secundario del Colegio Nacional se desempe\u00f1\u00f3 como un apasionado por la pol\u00edtica, militando en la Universidad entrerriana de Oro Verde perteneciendo a Franja Morada y luego participando del comit\u00e9 mercedino hasta llegar a ser candidato a Intendente.<\/p>\n","protected":false},"excerpt":{"rendered":"<p>&nbsp; El dirigente radical Lucas Fal muri\u00f3 este viernes en la ciudad de La Plata a causa de un trastorno &#8230; <a title=\"Falleci\u00f3 Lucas Fal\" class=\"read-more\" href=\"https:\/\/www.hoymercedes.com.ar\/principal\/2016\/04\/29\/fallecio-lucas-fal\/\" aria-label=\"Leer m\u00e1s sobre Falleci\u00f3 Lucas Fal\">Leer m\u00e1s<\/a><\/p>\n","protected":false},"author":1,"featured_media":44505,"comment_status":"open","ping_status":"open","sticky":false,"template":"","format":"standard","meta":{"_monsterinsights_skip_tracking":false,"_monsterinsights_sitenote_active":false,"_monsterinsights_sitenote_note":"","_monsterinsights_sitenote_category":0,"jetpack_post_was_ever_published":false,"_jetpack_newsletter_access":"","_jetpack_dont_email_post_to_subs":false,"_jetpack_newsletter_tier_id":0,"_jetpack_memberships_contains_paywalled_content":false,"_jetpack_memberships_contains_paid_content":false,"footnotes":"","jetpack_publicize_message":"","jetpack_publicize_feature_enabled":true,"jetpack_social_post_already_shared":true,"jetpack_social_options":{"image_generator_settings":{"template":"highway","default_image_id":0,"font":"","enabled":false},"version":2},"_wpas_customize_per_network":false},"categories":[8],"tags":[9112,2008,9113],"class_list":["post-49363","post","type-post","status-publish","format-standard","has-post-thumbnail","hentry","category-sociedad","tag-fallecio-lucas-fal","tag-lucas-fal","tag-muerte-de-lucas-fal","generate-columns","tablet-grid-50","mobile-grid-100","grid-parent","grid-50"],"jetpack_publicize_connections":[],"jetpack_featured_media_url":"https:\/\/www.hoymercedes.com.ar\/principal\/wp-content\/uploads\/2015\/09\/LucasFal-2015.jpg","wps_subtitle":" Profundo dolor en la ciudad","jetpack_sharing_enabled":true,"_links":{"self":[{"href":"https:\/\/www.hoymercedes.com.ar\/principal\/wp-json\/wp\/v2\/posts\/49363","targetHints":{"allow":["GET"]}}],"collection":[{"href":"https:\/\/www.hoymercedes.com.ar\/principal\/wp-json\/wp\/v2\/posts"}],"about":[{"href":"https:\/\/www.hoymercedes.com.ar\/principal\/wp-json\/wp\/v2\/types\/post"}],"author":[{"embeddable":true,"href":"https:\/\/www.hoymercedes.com.ar\/principal\/wp-json\/wp\/v2\/users\/1"}],"replies":[{"embeddable":true,"href":"https:\/\/www.hoymercedes.com.ar\/principal\/wp-json\/wp\/v2\/comments?post=49363"}],"version-history":[{"count":0,"href":"https:\/\/www.hoymercedes.com.ar\/principal\/wp-json\/wp\/v2\/posts\/49363\/revisions"}],"wp:featuredmedia":[{"embeddable":true,"href":"https:\/\/www.hoymercedes.com.ar\/principal\/wp-json\/wp\/v2\/media\/44505"}],"wp:attachment":[{"href":"https:\/\/www.hoymercedes.com.ar\/principal\/wp-json\/wp\/v2\/media?parent=49363"}],"wp:term":[{"taxonomy":"category","embeddable":true,"href":"https:\/\/www.hoymercedes.com.ar\/principal\/wp-json\/wp\/v2\/categories?post=49363"},{"taxonomy":"post_tag","embeddable":true,"href":"https:\/\/www.hoymercedes.com.ar\/principal\/wp-json\/wp\/v2\/tags?post=49363"}],"curies":[{"name":"wp","href":"https:\/\/api.w.org\/{rel}","templated":true}]}}