{"id":49383,"date":"2016-04-30T20:36:33","date_gmt":"2016-04-30T23:36:33","guid":{"rendered":"http:\/\/www.hoymercedes.com.ar\/principal\/?p=49383"},"modified":"2016-04-30T20:36:33","modified_gmt":"2016-04-30T23:36:33","slug":"despidieron-a-lucas-fal","status":"publish","type":"post","link":"https:\/\/www.hoymercedes.com.ar\/principal\/2016\/04\/30\/despidieron-a-lucas-fal\/","title":{"rendered":"Despidieron a Lucas Fal"},"content":{"rendered":"<p><em><strong><img loading=\"lazy\" decoding=\"async\" data-attachment-id=\"49385\" data-permalink=\"https:\/\/www.hoymercedes.com.ar\/principal\/2016\/04\/30\/despidieron-a-lucas-fal\/30-despedida-lucas-2l\/#main\" data-orig-file=\"https:\/\/www.hoymercedes.com.ar\/principal\/wp-content\/uploads\/2016\/04\/30-despedida-lucas-2l.jpg\" data-orig-size=\"640,384\" data-comments-opened=\"1\" data-image-meta=\"{&quot;aperture&quot;:&quot;0&quot;,&quot;credit&quot;:&quot;&quot;,&quot;camera&quot;:&quot;&quot;,&quot;caption&quot;:&quot;&quot;,&quot;created_timestamp&quot;:&quot;0&quot;,&quot;copyright&quot;:&quot;&quot;,&quot;focal_length&quot;:&quot;0&quot;,&quot;iso&quot;:&quot;0&quot;,&quot;shutter_speed&quot;:&quot;0&quot;,&quot;title&quot;:&quot;&quot;,&quot;orientation&quot;:&quot;0&quot;}\" data-image-title=\"30 despedida lucas 2l\" data-image-description=\"\" data-image-caption=\"\" data-large-file=\"https:\/\/www.hoymercedes.com.ar\/principal\/wp-content\/uploads\/2016\/04\/30-despedida-lucas-2l.jpg\" class=\"aligncenter size-full wp-image-49385\" src=\"https:\/\/www.hoymercedes.com.ar\/principal\/wp-content\/uploads\/2016\/04\/30-despedida-lucas-2l.jpg\" alt=\"30 despedida lucas 2l\" width=\"640\" height=\"384\" srcset=\"https:\/\/www.hoymercedes.com.ar\/principal\/wp-content\/uploads\/2016\/04\/30-despedida-lucas-2l.jpg 640w, https:\/\/www.hoymercedes.com.ar\/principal\/wp-content\/uploads\/2016\/04\/30-despedida-lucas-2l-150x90.jpg 150w, https:\/\/www.hoymercedes.com.ar\/principal\/wp-content\/uploads\/2016\/04\/30-despedida-lucas-2l-630x378.jpg 630w\" sizes=\"auto, (max-width: 640px) 100vw, 640px\" \/>Sus restos fueron velados en el Concejo Deliberante durante la tarde de este s\u00e1bado. Referentes del arco pol\u00edtico provincial, regional y local se hicieron presentes para saludarlo, entre ellos el Vicegobernador bonaerense.<\/strong><\/em><\/p>\n<p>Miles de personas pasaron por el Concejo Deliberante a despedir los restos de Lucas Fal. Miles de mercedinos que se hicieron un momento para subir al primer piso del Palacio Municipal a rezarlo, a llorarlo, a recordarlo.<\/p>\n<p>Un lugar extra\u00f1o para Lucas que no tuvo un cargo en la ciudad, pero que estuvo a 400 votos de llegar a ser Intendente. Un lugar que se merec\u00eda como un representante de muchos de los vecinos que decidieron acompa\u00f1arlo sin ninguna promesa a cambio.<\/p>\n<p>Gestionaba, daba sin pedir a cambio, armaba proyectos, incentivaba a otros, un emprendedor nato que contagiaba a otros en su proactividad. Logr\u00f3 un cargo provincial, uno que ten\u00eda un t\u00edtulo tan largo que bromeando dec\u00eda \u2018no lo digo completo porque se terminan los minutos que tengo para exponer\u2019.<\/p>\n<p>Desde La Plata e intercal\u00e1ndose con su oficina en el radio c\u00e9ntrico de Mercedes y gracias a la tecnolog\u00eda manten\u00eda reuniones por su empresa, por la provincia y por el comit\u00e9 radical que ayud\u00f3 a levantar cuando se reinstal\u00f3 en la ciudad con su familia en formaci\u00f3n.<\/p>\n<p>El Concejo Deliberante estuvo preparado para recibir a todos los vecinos que quisieron despedirlo. Promediando la ma\u00f1ana de este s\u00e1bado, amigos, familiares, correligionarios, vecinos fueron haci\u00e9ndose presente.<\/p>\n<p>Entre ellos, el Vice Gobernador bonaerense Daniel Salvador, el Ministro de Producci\u00f3n provincial Jorge Elustondo, el Ministro de Justicia de Provincia Carlos Mahiquez, los Diputados Nacionales Carlos Selva y Eduardo de Pedro, el Diputado Provincial Santiago R\u00e9vora, los Intendentes de Luj\u00e1n, Suipacha y General Rodr\u00edguez, por supuesto el Intendente de Mercedes Juan Ignacio Ustarroz, el presidente del Concejo Deliberante Mat\u00edas Dematei, todos los concejales y ex concejales de la ciudad, y representantes del arco pol\u00edtico partidario de la ciudad sin diferenciar banderas.<\/p>\n<p>Minutos antes de las cinco de la tarde, Eduardo Fal, padre de Lucas, y el Padre Mario Peralta de la Parroquia San Luis, dirigieron unas palabras antes los presentes. El primero expres\u00f3 en varias oportunidades su agradecimiento, mientras que el sacerdote se anim\u00f3 a contar un par de an\u00e9cdotas. Record\u00f3 a Lucas como padre, como marido y como vecino. Record\u00f3 algunas charlas y algunos consejos dados por Mario hacia Lucas que siempre le dec\u00eda, \u201cyo no prometo nada, s\u00f3lo pido que me acompa\u00f1en\u201d.<\/p>\n<p>La oraci\u00f3n religiosa se hizo eco entre los presentes, para luego hacer la despedida \u00faltima. Familiares y amigos salieron del Palacio Municipal con el f\u00e9retro y afuera, una multitud inimaginable lo aplaudi\u00f3 y as\u00ed les daban un \u00faltimo reconocimiento.<\/p>\n<p>El cortejo se traslad\u00f3 hacia la puerta del Comit\u00e9 Radical, ese que presidi\u00f3 entre 2009 y 2010. Se detuvo algunos minutos volviendo a sentirse el aplauso de sus correligionarios y el abrazo a los padres de Lucas \u2013 Lel\u00e9 y Eduardo &#8211; por parte de la dirigencia radical de la ciudad. Finalmente, el cortejo se traslad\u00f3 al Cementerio Local, para la ceremonia final, mucho m\u00e1s \u00edntima, en la b\u00f3veda de la familia.<\/p>\n<p><img loading=\"lazy\" decoding=\"async\" data-attachment-id=\"49384\" data-permalink=\"https:\/\/www.hoymercedes.com.ar\/principal\/2016\/04\/30\/despidieron-a-lucas-fal\/30-despedida-lucas\/#main\" data-orig-file=\"https:\/\/www.hoymercedes.com.ar\/principal\/wp-content\/uploads\/2016\/04\/30-despedida-lucas.jpg\" data-orig-size=\"448,299\" data-comments-opened=\"1\" data-image-meta=\"{&quot;aperture&quot;:&quot;0&quot;,&quot;credit&quot;:&quot;&quot;,&quot;camera&quot;:&quot;&quot;,&quot;caption&quot;:&quot;&quot;,&quot;created_timestamp&quot;:&quot;0&quot;,&quot;copyright&quot;:&quot;&quot;,&quot;focal_length&quot;:&quot;0&quot;,&quot;iso&quot;:&quot;0&quot;,&quot;shutter_speed&quot;:&quot;0&quot;,&quot;title&quot;:&quot;&quot;,&quot;orientation&quot;:&quot;0&quot;}\" data-image-title=\"30 despedida lucas\" data-image-description=\"\" data-image-caption=\"\" data-large-file=\"https:\/\/www.hoymercedes.com.ar\/principal\/wp-content\/uploads\/2016\/04\/30-despedida-lucas.jpg\" class=\"aligncenter size-full wp-image-49384\" src=\"https:\/\/www.hoymercedes.com.ar\/principal\/wp-content\/uploads\/2016\/04\/30-despedida-lucas.jpg\" alt=\"30 despedida lucas\" width=\"448\" height=\"299\" srcset=\"https:\/\/www.hoymercedes.com.ar\/principal\/wp-content\/uploads\/2016\/04\/30-despedida-lucas.jpg 448w, https:\/\/www.hoymercedes.com.ar\/principal\/wp-content\/uploads\/2016\/04\/30-despedida-lucas-150x100.jpg 150w, https:\/\/www.hoymercedes.com.ar\/principal\/wp-content\/uploads\/2016\/04\/30-despedida-lucas-300x200.jpg 300w\" sizes=\"auto, (max-width: 448px) 100vw, 448px\" \/><\/p>\n","protected":false},"excerpt":{"rendered":"<p>Sus restos fueron velados en el Concejo Deliberante durante la tarde de este s\u00e1bado. Referentes del arco pol\u00edtico provincial, regional &#8230; <a title=\"Despidieron a Lucas Fal\" class=\"read-more\" href=\"https:\/\/www.hoymercedes.com.ar\/principal\/2016\/04\/30\/despidieron-a-lucas-fal\/\" aria-label=\"Leer m\u00e1s sobre Despidieron a Lucas Fal\">Leer m\u00e1s<\/a><\/p>\n","protected":false},"author":1,"featured_media":49385,"comment_status":"open","ping_status":"open","sticky":false,"template":"","format":"standard","meta":{"_monsterinsights_skip_tracking":false,"_monsterinsights_sitenote_active":false,"_monsterinsights_sitenote_note":"","_monsterinsights_sitenote_category":0,"jetpack_post_was_ever_published":false,"_jetpack_newsletter_access":"","_jetpack_dont_email_post_to_subs":false,"_jetpack_newsletter_tier_id":0,"_jetpack_memberships_contains_paywalled_content":false,"_jetpack_memberships_contains_paid_content":false,"footnotes":"","jetpack_publicize_message":"","jetpack_publicize_feature_enabled":true,"jetpack_social_post_already_shared":true,"jetpack_social_options":{"image_generator_settings":{"template":"highway","default_image_id":0,"font":"","enabled":false},"version":2},"_wpas_customize_per_network":false},"categories":[8],"tags":[9117,8777,2008],"class_list":["post-49383","post","type-post","status-publish","format-standard","has-post-thumbnail","hentry","category-sociedad","tag-despedida","tag-fallecimiento","tag-lucas-fal","generate-columns","tablet-grid-50","mobile-grid-100","grid-parent","grid-50"],"jetpack_publicize_connections":[],"jetpack_featured_media_url":"https:\/\/www.hoymercedes.com.ar\/principal\/wp-content\/uploads\/2016\/04\/30-despedida-lucas-2l.jpg","wps_subtitle":"En la tarde del s\u00e1bado","jetpack_sharing_enabled":true,"_links":{"self":[{"href":"https:\/\/www.hoymercedes.com.ar\/principal\/wp-json\/wp\/v2\/posts\/49383","targetHints":{"allow":["GET"]}}],"collection":[{"href":"https:\/\/www.hoymercedes.com.ar\/principal\/wp-json\/wp\/v2\/posts"}],"about":[{"href":"https:\/\/www.hoymercedes.com.ar\/principal\/wp-json\/wp\/v2\/types\/post"}],"author":[{"embeddable":true,"href":"https:\/\/www.hoymercedes.com.ar\/principal\/wp-json\/wp\/v2\/users\/1"}],"replies":[{"embeddable":true,"href":"https:\/\/www.hoymercedes.com.ar\/principal\/wp-json\/wp\/v2\/comments?post=49383"}],"version-history":[{"count":0,"href":"https:\/\/www.hoymercedes.com.ar\/principal\/wp-json\/wp\/v2\/posts\/49383\/revisions"}],"wp:featuredmedia":[{"embeddable":true,"href":"https:\/\/www.hoymercedes.com.ar\/principal\/wp-json\/wp\/v2\/media\/49385"}],"wp:attachment":[{"href":"https:\/\/www.hoymercedes.com.ar\/principal\/wp-json\/wp\/v2\/media?parent=49383"}],"wp:term":[{"taxonomy":"category","embeddable":true,"href":"https:\/\/www.hoymercedes.com.ar\/principal\/wp-json\/wp\/v2\/categories?post=49383"},{"taxonomy":"post_tag","embeddable":true,"href":"https:\/\/www.hoymercedes.com.ar\/principal\/wp-json\/wp\/v2\/tags?post=49383"}],"curies":[{"name":"wp","href":"https:\/\/api.w.org\/{rel}","templated":true}]}}