{"id":49391,"date":"2016-05-01T18:48:48","date_gmt":"2016-05-01T21:48:48","guid":{"rendered":"http:\/\/www.hoymercedes.com.ar\/principal\/?p=49391"},"modified":"2016-05-01T18:48:48","modified_gmt":"2016-05-01T21:48:48","slug":"gresca-en-la-madrugada-con-rapida-intervencion-policial","status":"publish","type":"post","link":"https:\/\/www.hoymercedes.com.ar\/principal\/2016\/05\/01\/gresca-en-la-madrugada-con-rapida-intervencion-policial\/","title":{"rendered":"Gresca en la madrugada con r\u00e1pida intervenci\u00f3n policial"},"content":{"rendered":"<figure id=\"attachment_49393\" aria-describedby=\"caption-attachment-49393\" style=\"width: 610px\" class=\"wp-caption aligncenter\"><img loading=\"lazy\" decoding=\"async\" data-attachment-id=\"49393\" data-permalink=\"https:\/\/www.hoymercedes.com.ar\/principal\/2016\/05\/01\/gresca-en-la-madrugada-con-rapida-intervencion-policial\/whatsapp-image-20160501\/#main\" data-orig-file=\"https:\/\/www.hoymercedes.com.ar\/principal\/wp-content\/uploads\/2016\/05\/WhatsApp-Image-20160501.jpg\" data-orig-size=\"620,465\" data-comments-opened=\"1\" data-image-meta=\"{&quot;aperture&quot;:&quot;0&quot;,&quot;credit&quot;:&quot;&quot;,&quot;camera&quot;:&quot;&quot;,&quot;caption&quot;:&quot;&quot;,&quot;created_timestamp&quot;:&quot;0&quot;,&quot;copyright&quot;:&quot;&quot;,&quot;focal_length&quot;:&quot;0&quot;,&quot;iso&quot;:&quot;0&quot;,&quot;shutter_speed&quot;:&quot;0&quot;,&quot;title&quot;:&quot;&quot;,&quot;orientation&quot;:&quot;0&quot;}\" data-image-title=\"pelea centrica\" data-image-description=\"\" data-image-caption=\"\" data-large-file=\"https:\/\/www.hoymercedes.com.ar\/principal\/wp-content\/uploads\/2016\/05\/WhatsApp-Image-20160501.jpg\" class=\"wp-image-49393 size-full\" src=\"https:\/\/www.hoymercedes.com.ar\/principal\/wp-content\/uploads\/2016\/05\/WhatsApp-Image-20160501.jpg\" alt=\"pelea centrica\" width=\"620\" height=\"465\" srcset=\"https:\/\/www.hoymercedes.com.ar\/principal\/wp-content\/uploads\/2016\/05\/WhatsApp-Image-20160501.jpg 620w, https:\/\/www.hoymercedes.com.ar\/principal\/wp-content\/uploads\/2016\/05\/WhatsApp-Image-20160501-150x113.jpg 150w\" sizes=\"auto, (max-width: 620px) 100vw, 620px\" \/><figcaption id=\"caption-attachment-49393\" class=\"wp-caption-text\">Jovenes peleando en la v\u00eda p\u00fablica<\/figcaption><\/figure>\n<p><strong>La polic\u00eda debi\u00f3 actuar en la madrugada del domingo para dispersas a dos grupos de j\u00f3venes mercedinos que se dispusieron a crear todo un esc\u00e1ndalo en la zona c\u00e9ntrica. De no haber sido por el accionar de los uniformados, la persuasi\u00f3n y los movimientos de m\u00f3viles podr\u00eda haber sido una gresca de consecuencias impredecibles.<\/strong><\/p>\n<p>Cerca de las 05.00hs en la zona c\u00e9ntrica y con un epicentro en calle 26 y 23 fue donde no menos de 50 personas iniciaron una pelea. Se oyeron gritos como \u201cdonde est\u00e1 la banda de San Patricio\u201d o \u201cahora corren\u201d, narr\u00f3 un testigo de los hechos.<\/p>\n<figure id=\"attachment_49392\" aria-describedby=\"caption-attachment-49392\" style=\"width: 610px\" class=\"wp-caption aligncenter\"><img loading=\"lazy\" decoding=\"async\" data-attachment-id=\"49392\" data-permalink=\"https:\/\/www.hoymercedes.com.ar\/principal\/2016\/05\/01\/gresca-en-la-madrugada-con-rapida-intervencion-policial\/whatsapp-image-20160501-1\/#main\" data-orig-file=\"https:\/\/www.hoymercedes.com.ar\/principal\/wp-content\/uploads\/2016\/05\/WhatsApp-Image-20160501-1.jpg\" data-orig-size=\"620,813\" data-comments-opened=\"1\" data-image-meta=\"{&quot;aperture&quot;:&quot;0&quot;,&quot;credit&quot;:&quot;&quot;,&quot;camera&quot;:&quot;&quot;,&quot;caption&quot;:&quot;&quot;,&quot;created_timestamp&quot;:&quot;0&quot;,&quot;copyright&quot;:&quot;&quot;,&quot;focal_length&quot;:&quot;0&quot;,&quot;iso&quot;:&quot;0&quot;,&quot;shutter_speed&quot;:&quot;0&quot;,&quot;title&quot;:&quot;&quot;,&quot;orientation&quot;:&quot;0&quot;}\" data-image-title=\"Pelea.\" data-image-description=\"\" data-image-caption=\"\" data-large-file=\"https:\/\/www.hoymercedes.com.ar\/principal\/wp-content\/uploads\/2016\/05\/WhatsApp-Image-20160501-1.jpg\" class=\"wp-image-49392 size-full\" src=\"https:\/\/www.hoymercedes.com.ar\/principal\/wp-content\/uploads\/2016\/05\/WhatsApp-Image-20160501-1.jpg\" alt=\"Pelea.\" width=\"620\" height=\"813\" srcset=\"https:\/\/www.hoymercedes.com.ar\/principal\/wp-content\/uploads\/2016\/05\/WhatsApp-Image-20160501-1.jpg 620w, https:\/\/www.hoymercedes.com.ar\/principal\/wp-content\/uploads\/2016\/05\/WhatsApp-Image-20160501-1-114x150.jpg 114w, https:\/\/www.hoymercedes.com.ar\/principal\/wp-content\/uploads\/2016\/05\/WhatsApp-Image-20160501-1-473x620.jpg 473w\" sizes=\"auto, (max-width: 620px) 100vw, 620px\" \/><figcaption id=\"caption-attachment-49392\" class=\"wp-caption-text\">Vidrios rotos<\/figcaption><\/figure>\n<p>El movimiento de los j\u00f3venes se hizo de 23 y 26 a 23 y 24 y luego a 21 y 24. Hubo golpes de pu\u00f1o, corridas y vasos rotos. Gritos e invitaciones a incrementar la gresca de un grupo a otro de participantes.<\/p>\n<p>Sin demora se hizo presente la polic\u00eda que adem\u00e1s de persuadirlos y evitar sean mayores las consecuencias logr\u00f3 desconcentrarlos, no sin antes, los peleadores, en grupo, romper los vidrios del comercio de venta de antig\u00fcedades de 26 entre 23 y 25. Hubo balas de goma al aire disparadas por la fuerza de seguridad ampliamente superada en n\u00famero por quienes peleaban.<\/p>\n<p>Hace dos fines de semana se hab\u00eda vivido una situaci\u00f3n similar y tambi\u00e9n debi\u00f3 actuar la polic\u00eda.<\/p>\n<p>Sin lugar a dudas estamos en presencia de grupos de personas que no respetan al pr\u00f3jimo, que est\u00e1n dispuestos a imponer su visi\u00f3n de los hechos y a la provocaci\u00f3n constante. Es un problema social que debemos afrontar, tambi\u00e9n, desde las familias.<\/p>\n<p>&nbsp;<\/p>\n","protected":false},"excerpt":{"rendered":"<p>La polic\u00eda debi\u00f3 actuar en la madrugada del domingo para dispersas a dos grupos de j\u00f3venes mercedinos que se dispusieron &#8230; <a title=\"Gresca en la madrugada con r\u00e1pida intervenci\u00f3n policial\" class=\"read-more\" href=\"https:\/\/www.hoymercedes.com.ar\/principal\/2016\/05\/01\/gresca-en-la-madrugada-con-rapida-intervencion-policial\/\" aria-label=\"Leer m\u00e1s sobre Gresca en la madrugada con r\u00e1pida intervenci\u00f3n policial\">Leer m\u00e1s<\/a><\/p>\n","protected":false},"author":1,"featured_media":49393,"comment_status":"open","ping_status":"open","sticky":false,"template":"","format":"standard","meta":{"_monsterinsights_skip_tracking":false,"_monsterinsights_sitenote_active":false,"_monsterinsights_sitenote_note":"","_monsterinsights_sitenote_category":0,"jetpack_post_was_ever_published":false,"_jetpack_newsletter_access":"","_jetpack_dont_email_post_to_subs":false,"_jetpack_newsletter_tier_id":0,"_jetpack_memberships_contains_paywalled_content":false,"_jetpack_memberships_contains_paid_content":false,"footnotes":"","jetpack_publicize_message":"","jetpack_publicize_feature_enabled":true,"jetpack_social_post_already_shared":true,"jetpack_social_options":{"image_generator_settings":{"template":"highway","default_image_id":0,"font":"","enabled":false},"version":2},"_wpas_customize_per_network":false},"categories":[85],"tags":[9119,126],"class_list":["post-49391","post","type-post","status-publish","format-standard","has-post-thumbnail","hentry","category-policial","tag-pelea-en-centro","tag-policia-mercedes","generate-columns","tablet-grid-50","mobile-grid-100","grid-parent","grid-50"],"jetpack_publicize_connections":[],"jetpack_featured_media_url":"https:\/\/www.hoymercedes.com.ar\/principal\/wp-content\/uploads\/2016\/05\/WhatsApp-Image-20160501.jpg","wps_subtitle":"De nunca acabar ","jetpack_sharing_enabled":true,"_links":{"self":[{"href":"https:\/\/www.hoymercedes.com.ar\/principal\/wp-json\/wp\/v2\/posts\/49391","targetHints":{"allow":["GET"]}}],"collection":[{"href":"https:\/\/www.hoymercedes.com.ar\/principal\/wp-json\/wp\/v2\/posts"}],"about":[{"href":"https:\/\/www.hoymercedes.com.ar\/principal\/wp-json\/wp\/v2\/types\/post"}],"author":[{"embeddable":true,"href":"https:\/\/www.hoymercedes.com.ar\/principal\/wp-json\/wp\/v2\/users\/1"}],"replies":[{"embeddable":true,"href":"https:\/\/www.hoymercedes.com.ar\/principal\/wp-json\/wp\/v2\/comments?post=49391"}],"version-history":[{"count":0,"href":"https:\/\/www.hoymercedes.com.ar\/principal\/wp-json\/wp\/v2\/posts\/49391\/revisions"}],"wp:featuredmedia":[{"embeddable":true,"href":"https:\/\/www.hoymercedes.com.ar\/principal\/wp-json\/wp\/v2\/media\/49393"}],"wp:attachment":[{"href":"https:\/\/www.hoymercedes.com.ar\/principal\/wp-json\/wp\/v2\/media?parent=49391"}],"wp:term":[{"taxonomy":"category","embeddable":true,"href":"https:\/\/www.hoymercedes.com.ar\/principal\/wp-json\/wp\/v2\/categories?post=49391"},{"taxonomy":"post_tag","embeddable":true,"href":"https:\/\/www.hoymercedes.com.ar\/principal\/wp-json\/wp\/v2\/tags?post=49391"}],"curies":[{"name":"wp","href":"https:\/\/api.w.org\/{rel}","templated":true}]}}