{"id":49412,"date":"2016-05-02T18:04:12","date_gmt":"2016-05-02T21:04:12","guid":{"rendered":"http:\/\/www.hoymercedes.com.ar\/principal\/?p=49412"},"modified":"2016-05-02T18:04:12","modified_gmt":"2016-05-02T21:04:12","slug":"capacitacion-laboral-para-la-internas-de-la-unidad-no-5","status":"publish","type":"post","link":"https:\/\/www.hoymercedes.com.ar\/principal\/2016\/05\/02\/capacitacion-laboral-para-la-internas-de-la-unidad-no-5\/","title":{"rendered":"Capacitaci\u00f3n laboral para la internas de la Unidad N\u00ba 5"},"content":{"rendered":"<p>En el Anexo Femenino de la Unidad Penitenciaria N\u00ba 5 se realiz\u00f3 una actividad de capacitaci\u00f3n a cargo de la responsable de la Oficina de Empleo Municipal Carolina Galeano, acompa\u00f1ada por personal de la misma, Griselda Billordo y Valeria Vignau, adem\u00e1s el Vice Director del Centro de Educaci\u00f3n F\u00edsica N\u00b0 40 Profesor Fabian Brandoni, realiz\u00f3 juegos de integraci\u00f3n y trabajo colectivo, para incentivar la participaci\u00f3n y presentar el tema.<\/p>\n<p>El tema fue confecci\u00f3n de curriculum vitae y entrevistas laborales, siendo este, el primero de tres encuentros,en esta oportunidad, y luego de presentarse, las internas contaron experiencias tanto laborales como de c\u00f3mo hab\u00edan conseguido trabajos en su vida en libertad.<\/p>\n<p>Carolina Galeano dej\u00f3 muy en claro en su charla, que fue muy din\u00e1mica y \u00a0entretenida, que todas las experiencias sirven y como contarlas son parte de la descripci\u00f3n que se debe poner en ese documento. Contesto preguntas y se realizo una jornada con excelente feeb back entre las participantes.<\/p>\n<p>El Director de la Unidad Prefecto Adolfo Cersosimo, \u00a0se hizo presente y les habl\u00f3 a las internas de las nuevas formas de conseguir trabajo, de la importancia de \u00a0aprender a realizar un curr\u00edculum y de\u00a0 saber c\u00f3mo presentarse en una entrevista laboral, y las inst\u00f3 a aprovechar cada espacio de capacitaci\u00f3n que se les brinda en su permanencia detenida. Adem\u00e1s agradeci\u00f3 a las capacitadoras y ponder\u00f3 el trabajo conjunto entre distintas instituciones.<\/p>\n<p>La invitaci\u00f3n y coordinaci\u00f3n de este ciclo de fue efectuada por la Licenciada Celeste Burone, de la Oficina de Pre Egreso del Patronato de Liberados, que funciona dentro de la Unidad, la cual participo de las actividades, aportando en las exposiciones, resalto a su vez junto a Galeano la buena predisposici\u00f3n que ten\u00edan las internas y la gran reciprocidad que se gener\u00f3.<\/p>\n<p>Fuente: Prensa Unidad Penitenciaria N\u00ba 5<\/p>\n","protected":false},"excerpt":{"rendered":"<p>En el Anexo Femenino de la Unidad Penitenciaria N\u00ba 5 se realiz\u00f3 una actividad de capacitaci\u00f3n a cargo de la &#8230; <a title=\"Capacitaci\u00f3n laboral para la internas de la Unidad N\u00ba 5\" class=\"read-more\" href=\"https:\/\/www.hoymercedes.com.ar\/principal\/2016\/05\/02\/capacitacion-laboral-para-la-internas-de-la-unidad-no-5\/\" aria-label=\"Leer m\u00e1s sobre Capacitaci\u00f3n laboral para la internas de la Unidad N\u00ba 5\">Leer m\u00e1s<\/a><\/p>\n","protected":false},"author":1,"featured_media":49413,"comment_status":"open","ping_status":"open","sticky":false,"template":"","format":"standard","meta":{"_monsterinsights_skip_tracking":false,"_monsterinsights_sitenote_active":false,"_monsterinsights_sitenote_note":"","_monsterinsights_sitenote_category":0,"jetpack_post_was_ever_published":false,"_jetpack_newsletter_access":"","_jetpack_dont_email_post_to_subs":false,"_jetpack_newsletter_tier_id":0,"_jetpack_memberships_contains_paywalled_content":false,"_jetpack_memberships_contains_paid_content":false,"footnotes":"","jetpack_publicize_message":"","jetpack_publicize_feature_enabled":true,"jetpack_social_post_already_shared":true,"jetpack_social_options":{"image_generator_settings":{"template":"highway","default_image_id":0,"font":"","enabled":false},"version":2},"_wpas_customize_per_network":false},"categories":[8],"tags":[9124,9125,113],"class_list":["post-49412","post","type-post","status-publish","format-standard","has-post-thumbnail","hentry","category-sociedad","tag-anexo-femenino","tag-empleo","tag-unidad-5","generate-columns","tablet-grid-50","mobile-grid-100","grid-parent","grid-50"],"jetpack_publicize_connections":[],"jetpack_featured_media_url":"https:\/\/www.hoymercedes.com.ar\/principal\/wp-content\/uploads\/2016\/05\/02-internas-carcel.jpg","wps_subtitle":"A cargo de la Oficina de Empleo","jetpack_sharing_enabled":true,"_links":{"self":[{"href":"https:\/\/www.hoymercedes.com.ar\/principal\/wp-json\/wp\/v2\/posts\/49412","targetHints":{"allow":["GET"]}}],"collection":[{"href":"https:\/\/www.hoymercedes.com.ar\/principal\/wp-json\/wp\/v2\/posts"}],"about":[{"href":"https:\/\/www.hoymercedes.com.ar\/principal\/wp-json\/wp\/v2\/types\/post"}],"author":[{"embeddable":true,"href":"https:\/\/www.hoymercedes.com.ar\/principal\/wp-json\/wp\/v2\/users\/1"}],"replies":[{"embeddable":true,"href":"https:\/\/www.hoymercedes.com.ar\/principal\/wp-json\/wp\/v2\/comments?post=49412"}],"version-history":[{"count":0,"href":"https:\/\/www.hoymercedes.com.ar\/principal\/wp-json\/wp\/v2\/posts\/49412\/revisions"}],"wp:featuredmedia":[{"embeddable":true,"href":"https:\/\/www.hoymercedes.com.ar\/principal\/wp-json\/wp\/v2\/media\/49413"}],"wp:attachment":[{"href":"https:\/\/www.hoymercedes.com.ar\/principal\/wp-json\/wp\/v2\/media?parent=49412"}],"wp:term":[{"taxonomy":"category","embeddable":true,"href":"https:\/\/www.hoymercedes.com.ar\/principal\/wp-json\/wp\/v2\/categories?post=49412"},{"taxonomy":"post_tag","embeddable":true,"href":"https:\/\/www.hoymercedes.com.ar\/principal\/wp-json\/wp\/v2\/tags?post=49412"}],"curies":[{"name":"wp","href":"https:\/\/api.w.org\/{rel}","templated":true}]}}