{"id":49418,"date":"2016-05-05T18:23:28","date_gmt":"2016-05-05T21:23:28","guid":{"rendered":"http:\/\/www.hoymercedes.com.ar\/principal\/?p=49418"},"modified":"2016-05-07T10:42:47","modified_gmt":"2016-05-07T13:42:47","slug":"nuevo-horario-en-el-museo-de-arte","status":"publish","type":"post","link":"https:\/\/www.hoymercedes.com.ar\/principal\/2016\/05\/05\/nuevo-horario-en-el-museo-de-arte\/","title":{"rendered":"Nuevo horario en el Museo de Arte"},"content":{"rendered":"<p>A partir del s\u00e1bado 7 de mayo, el Museo de Arte cambia el horario adapt\u00e1ndose a la \u00e9poca fr\u00eda. Desde ese d\u00eda comenzar\u00e1 a regir un nuevo horario para los d\u00edas, s\u00e1bado, domingo y feriados. Desde aquel d\u00eda, los fines de semana el Museo abrir\u00e1 sus puertas de 16 a 20 horas.<\/p>\n","protected":false},"excerpt":{"rendered":"<p>A partir del s\u00e1bado 7 de mayo, el Museo de Arte cambia el horario adapt\u00e1ndose a la \u00e9poca fr\u00eda. Desde &#8230; <a title=\"Nuevo horario en el Museo de Arte\" class=\"read-more\" href=\"https:\/\/www.hoymercedes.com.ar\/principal\/2016\/05\/05\/nuevo-horario-en-el-museo-de-arte\/\" aria-label=\"Leer m\u00e1s sobre Nuevo horario en el Museo de Arte\">Leer m\u00e1s<\/a><\/p>\n","protected":false},"author":1,"featured_media":0,"comment_status":"open","ping_status":"open","sticky":false,"template":"","format":"standard","meta":{"_monsterinsights_skip_tracking":false,"_monsterinsights_sitenote_active":false,"_monsterinsights_sitenote_note":"","_monsterinsights_sitenote_category":0,"jetpack_post_was_ever_published":false,"_jetpack_newsletter_access":"","_jetpack_dont_email_post_to_subs":false,"_jetpack_newsletter_tier_id":0,"_jetpack_memberships_contains_paywalled_content":false,"_jetpack_memberships_contains_paid_content":false,"footnotes":"","jetpack_publicize_message":"","jetpack_publicize_feature_enabled":true,"jetpack_social_post_already_shared":true,"jetpack_social_options":{"image_generator_settings":{"template":"highway","default_image_id":0,"font":"","enabled":false},"version":2},"_wpas_customize_per_network":false},"categories":[104],"tags":[9127,8674],"class_list":["post-49418","post","type-post","status-publish","format-standard","hentry","category-cultura","tag-horario","tag-mamm","generate-columns","tablet-grid-50","mobile-grid-100","grid-parent","grid-50"],"jetpack_publicize_connections":[],"jetpack_featured_media_url":"","wps_subtitle":"","jetpack_sharing_enabled":true,"_links":{"self":[{"href":"https:\/\/www.hoymercedes.com.ar\/principal\/wp-json\/wp\/v2\/posts\/49418","targetHints":{"allow":["GET"]}}],"collection":[{"href":"https:\/\/www.hoymercedes.com.ar\/principal\/wp-json\/wp\/v2\/posts"}],"about":[{"href":"https:\/\/www.hoymercedes.com.ar\/principal\/wp-json\/wp\/v2\/types\/post"}],"author":[{"embeddable":true,"href":"https:\/\/www.hoymercedes.com.ar\/principal\/wp-json\/wp\/v2\/users\/1"}],"replies":[{"embeddable":true,"href":"https:\/\/www.hoymercedes.com.ar\/principal\/wp-json\/wp\/v2\/comments?post=49418"}],"version-history":[{"count":0,"href":"https:\/\/www.hoymercedes.com.ar\/principal\/wp-json\/wp\/v2\/posts\/49418\/revisions"}],"wp:attachment":[{"href":"https:\/\/www.hoymercedes.com.ar\/principal\/wp-json\/wp\/v2\/media?parent=49418"}],"wp:term":[{"taxonomy":"category","embeddable":true,"href":"https:\/\/www.hoymercedes.com.ar\/principal\/wp-json\/wp\/v2\/categories?post=49418"},{"taxonomy":"post_tag","embeddable":true,"href":"https:\/\/www.hoymercedes.com.ar\/principal\/wp-json\/wp\/v2\/tags?post=49418"}],"curies":[{"name":"wp","href":"https:\/\/api.w.org\/{rel}","templated":true}]}}