{"id":4945,"date":"2011-06-12T23:30:32","date_gmt":"2011-06-12T23:30:32","guid":{"rendered":"http:\/\/www.hoymercedes.com.ar\/principal\/?p=4945"},"modified":"2011-06-12T23:51:58","modified_gmt":"2011-06-12T23:51:58","slug":"importante-promocion-del-futbol-solidario","status":"publish","type":"post","link":"https:\/\/www.hoymercedes.com.ar\/principal\/2011\/06\/12\/importante-promocion-del-futbol-solidario\/","title":{"rendered":"Realizan promoci\u00f3n del F\u00fatbol Solidario"},"content":{"rendered":"<p>Fue en pleno centro de la ciudad. Participaron: Cuerpo de Bomberos Voluntarios, alumnos y directivos del CEPT N\u00ba  4, Hospital Blas L. Dubarry, Municipalidad de Mercedes, Consejo Escolar y Colegio del Farmac\u00e9uticos.<\/p>\n<p>Faltan poco d\u00edas para la realizaci\u00f3n del denominado F\u00fatbol Solidario en la ciudad de Mercedes, en este sentido las instituciones que participan de la organizaci\u00f3n de las actividades llevaron adelante una importante promoci\u00f3n de la jornada, que tendr\u00e1 lugar el pr\u00f3ximo 26 de junio, en pleno centro de la ciudad.<\/p>\n<p>En esta oportunidad el punto elegido fue la intersecci\u00f3n de calle 25 y 22, all\u00ed integrantes del Cuerpo de Bomberos Voluntarios, alumnos y docentes del CEPT N\u00ba 4, miembros de la Cooperadora y directivos del Hospital Blas L. Dubarry, funcionarios y colaboradores de la Municipalidad de Mercedes, responsables del Consejo Escolar, autoridades del Colegio de Farmac\u00e9uticos y dem\u00e1s mercedinos comprometidos con la solidaridad llevaron adelante la entrega de folletos. Las instituciones aprovecharon la ocasi\u00f3n para vender entradas anticipadas.<\/p>\n<p><strong>Figuras<\/strong><\/p>\n<p>Varias figuras del espect\u00e1culo ya confirmaron su presencia, entre ellas: Lito Cruz, Jorge Rojas, Peter, Mariano Iudica, \u201cChino\u201d Dangelo, Carna y Walter Nelson. Adem\u00e1s los deportistas: Lucas Castroman (organizador), Roberto \u201cEl rat\u00f3n\u201d Ayala, Claudio Yacob y los mercedinos Lucas y Cristian Biglia, Mat\u00edas Silvestre, Federico Lertora y Emanuel Culio.<\/p>\n<p><strong>Entradas<\/strong><\/p>\n<p>Contin\u00faan en venta las entradas anticipadas a tan solo 10 pesos, se pueden adquirir en las instituciones que participan, en la Municipalidad de Mercedes (Direcci\u00f3n de Turismo), el Consejo Escolar, las Farmacias, C\u00e1mara Econ\u00f3mica Mercedina o en los comercios Chelen Libros, La Catedral de Siempre, Bar El Cabildo y Tiempos de Papel.<\/p>\n<p><a href=\"https:\/\/www.hoymercedes.com.ar\/principal\/wp-content\/uploads\/2011\/06\/futbol-solidarioM.jpg\"><img loading=\"lazy\" decoding=\"async\" data-attachment-id=\"4947\" data-permalink=\"https:\/\/www.hoymercedes.com.ar\/principal\/2011\/06\/12\/importante-promocion-del-futbol-solidario\/futbol-solidariom\/#main\" data-orig-file=\"https:\/\/www.hoymercedes.com.ar\/principal\/wp-content\/uploads\/2011\/06\/futbol-solidarioM.jpg\" data-orig-size=\"600,323\" data-comments-opened=\"1\" data-image-meta=\"{&quot;aperture&quot;:&quot;0&quot;,&quot;credit&quot;:&quot;&quot;,&quot;camera&quot;:&quot;BlackBerry 9300&quot;,&quot;caption&quot;:&quot;&quot;,&quot;created_timestamp&quot;:&quot;0&quot;,&quot;copyright&quot;:&quot;&quot;,&quot;focal_length&quot;:&quot;0&quot;,&quot;iso&quot;:&quot;0&quot;,&quot;shutter_speed&quot;:&quot;0&quot;,&quot;title&quot;:&quot;&quot;}\" data-image-title=\"futbol-solidarioM\" data-image-description=\"\" data-image-caption=\"\" data-large-file=\"https:\/\/www.hoymercedes.com.ar\/principal\/wp-content\/uploads\/2011\/06\/futbol-solidarioM.jpg\" class=\"aligncenter size-full wp-image-4947\" title=\"futbol-solidarioM\" src=\"https:\/\/www.hoymercedes.com.ar\/principal\/wp-content\/uploads\/2011\/06\/futbol-solidarioM.jpg\" alt=\"\" width=\"600\" height=\"323\" \/><\/a><\/p>\n<p>&nbsp;<\/p>\n","protected":false},"excerpt":{"rendered":"<p>Fue en pleno centro de la ciudad. Participaron: Cuerpo de Bomberos Voluntarios, alumnos y directivos del CEPT N\u00ba 4, Hospital &#8230; <a title=\"Realizan promoci\u00f3n del F\u00fatbol Solidario\" class=\"read-more\" href=\"https:\/\/www.hoymercedes.com.ar\/principal\/2011\/06\/12\/importante-promocion-del-futbol-solidario\/\" aria-label=\"Leer m\u00e1s sobre Realizan promoci\u00f3n del F\u00fatbol Solidario\">Leer m\u00e1s<\/a><\/p>\n","protected":false},"author":1,"featured_media":0,"comment_status":"open","ping_status":"open","sticky":false,"template":"","format":"standard","meta":{"_monsterinsights_skip_tracking":false,"_monsterinsights_sitenote_active":false,"_monsterinsights_sitenote_note":"","_monsterinsights_sitenote_category":0,"jetpack_post_was_ever_published":false,"_jetpack_newsletter_access":"","_jetpack_dont_email_post_to_subs":false,"_jetpack_newsletter_tier_id":0,"_jetpack_memberships_contains_paywalled_content":false,"_jetpack_memberships_contains_paid_content":false,"footnotes":"","jetpack_publicize_message":"","jetpack_publicize_feature_enabled":true,"jetpack_social_post_already_shared":false,"jetpack_social_options":{"image_generator_settings":{"template":"highway","default_image_id":0,"font":"","enabled":false},"version":2},"_wpas_customize_per_network":false},"categories":[8],"tags":[800],"class_list":["post-4945","post","type-post","status-publish","format-standard","hentry","category-sociedad","tag-futbol-solidario","generate-columns","tablet-grid-50","mobile-grid-100","grid-parent","grid-50"],"jetpack_publicize_connections":[],"jetpack_featured_media_url":"","wps_subtitle":"","jetpack_sharing_enabled":true,"_links":{"self":[{"href":"https:\/\/www.hoymercedes.com.ar\/principal\/wp-json\/wp\/v2\/posts\/4945","targetHints":{"allow":["GET"]}}],"collection":[{"href":"https:\/\/www.hoymercedes.com.ar\/principal\/wp-json\/wp\/v2\/posts"}],"about":[{"href":"https:\/\/www.hoymercedes.com.ar\/principal\/wp-json\/wp\/v2\/types\/post"}],"author":[{"embeddable":true,"href":"https:\/\/www.hoymercedes.com.ar\/principal\/wp-json\/wp\/v2\/users\/1"}],"replies":[{"embeddable":true,"href":"https:\/\/www.hoymercedes.com.ar\/principal\/wp-json\/wp\/v2\/comments?post=4945"}],"version-history":[{"count":0,"href":"https:\/\/www.hoymercedes.com.ar\/principal\/wp-json\/wp\/v2\/posts\/4945\/revisions"}],"wp:attachment":[{"href":"https:\/\/www.hoymercedes.com.ar\/principal\/wp-json\/wp\/v2\/media?parent=4945"}],"wp:term":[{"taxonomy":"category","embeddable":true,"href":"https:\/\/www.hoymercedes.com.ar\/principal\/wp-json\/wp\/v2\/categories?post=4945"},{"taxonomy":"post_tag","embeddable":true,"href":"https:\/\/www.hoymercedes.com.ar\/principal\/wp-json\/wp\/v2\/tags?post=4945"}],"curies":[{"name":"wp","href":"https:\/\/api.w.org\/{rel}","templated":true}]}}