{"id":49452,"date":"2016-05-03T11:08:56","date_gmt":"2016-05-03T14:08:56","guid":{"rendered":"http:\/\/www.hoymercedes.com.ar\/principal\/?p=49452"},"modified":"2016-05-03T11:08:56","modified_gmt":"2016-05-03T14:08:56","slug":"municipio-aumento-el-numero-de-secuestros-de-motos","status":"publish","type":"post","link":"https:\/\/www.hoymercedes.com.ar\/principal\/2016\/05\/03\/municipio-aumento-el-numero-de-secuestros-de-motos\/","title":{"rendered":"Municipio: Aument\u00f3 el n\u00famero de secuestros de motos"},"content":{"rendered":"<p>De acuerdo a lo informado por la Municipalidad de Mercedes, por incumplimiento con las leyes vigentes, se increment\u00f3 en un alto porcentaje la cantidad de secuestros de motos en Mercedes<\/p>\n<p>Esto se debe al trabajo que viene efectuando la Secretar\u00eda de Control Urbano junto a los agentes de dicha oficina. \u00abEstamos trabajando mucho para mejorar el tr\u00e1nsito en Mercedes, no solo en base a controles sino tambi\u00e9n a la concientizaci\u00f3n de los conductores, tanto de autos como de motos principalmente. Adem\u00e1s estamos capacitando al personal para que cada d\u00eda tengan m\u00e1s herramientas en la labor de controlar la circulaci\u00f3n de los veh\u00edculos por las calles mercedinas\u00bb explicaba la Dra. Clara Zunino subSecretaria de Control Urbano.<\/p>\n<p>El trabajo propuesto por la Secretar\u00eda de Control Urbano es tener un mejor tr\u00e1nsito en la ciudad. Es por eso que por pedido expreso del intendente Dr. Juan Ustarroz se han intensificado los controles en distintos puntos de la ciudad, principalmente respecto a la circulaci\u00f3n de motos.<\/p>\n<p>En este sentido dialogamos con la subSecretaria de Control Urbano la Dra. Clara Zunino quien comentaba a nuestro medio, \u00abtenemos la firma intenci\u00f3n de mejorar el tr\u00e1nsito en Mercedes. Es lo que la sociedad nos pide y lo que desea el intendente Ustarroz. Es as\u00ed como capacitamos en lo que va del a\u00f1o a los agentes de tr\u00e1nsito con diferentes instituciones relacionadas a esta tem\u00e1tica, como el Juzgado de Faltas y la Agencia Nacional de Seguridad Vial. Tambi\u00e9n tenemos en diferentes medios de comunicaci\u00f3n campa\u00f1as para que la gente tome conciencia sobre la importancia del uso del casco, como primer campa\u00f1a de concientizacion. Profundizamos los controles en diferentes puntos de la ciudad y con la modalidad de puntos rotativos, para evitar que la gente se acostumbre a los mismos lugares de control, y sean facilmente evadidos. Todo esto, sumado al importante apoyo de la reciente Polic\u00eda Local en el control vehicular, arroj\u00f3 como resultado que la cantidad de secuestros se haya incrementado y que como consecuencia circulen menos motos en estado irregular\u00bb.<\/p>\n<p>Consultada la Dra. Zunino sobre la continuidad de los trabajos nos explicaba, \u00abeste m\u00e9todo de trabajo ir\u00e1 creciendo, y ser\u00e1 sostenido en el tiempo. Vamos a llevar a cabo m\u00e1s controles y aprovecho la entrevista para decirle a la gente que para circular deben estar haci\u00e9ndolo del modo que lo exige la ley. Con la documentaci\u00f3n necesaria y con el uso obligatorio del casco. Tuvimos un tiempo donde prevenimos a la gente sobre esto. Hoy nos toca la tarea de hacer cumplir la ley\u00bb.<\/p>\n<p>En cuanto al an\u00e1lisis sobre los secuestros en lo que va del a\u00f1o surgieron estos datos. ((Ver cuadros con cifras))<\/p>\n<p>Los motivos de secuestros son:<\/p>\n<p>&#8211; Falta de documentaci\u00f3n (titulo de propiedad, seguro obligatorio, VTV, licencia de conducir)<\/p>\n<p>&#8211; Falta de medidas de seguridad (espejos, luces, mal estado general -motos \u00abpalito\u00bb- etc)<\/p>\n<p>&#8211; Estado deficiente (ca\u00f1os de escapes modificados, accesorios de ruido, etc.)<\/p>\n<p>&#8211; Uso de casco<br \/>\nCapacitacion VTV<\/p>\n<p>El martes 26 de abril el Jefe de Planta VTV (Verificaci\u00f3n T\u00e9cnica Vehicular) Mercedes Ing. Lisandro Mainetti dict\u00f3 una capacitaci\u00f3n para todo el cuerpo de inspectores de tr\u00e1nsito en la sede de la Secretaria de Control Urbano, ubicado en el Predio del Ex Instituto Martin Rodriguez. Esta jornada se da en el marco de la planificaci\u00f3n anual de capacitaciones para los agentes de control, que tiende a la profesionalizaci\u00f3n de los mismos.<\/p>\n<p>&nbsp;<\/p>\n<p>Fuente: Prensa Municipal<\/p>\n","protected":false},"excerpt":{"rendered":"<p>De acuerdo a lo informado por la Municipalidad de Mercedes, por incumplimiento con las leyes vigentes, se increment\u00f3 en un &#8230; <a title=\"Municipio: Aument\u00f3 el n\u00famero de secuestros de motos\" class=\"read-more\" href=\"https:\/\/www.hoymercedes.com.ar\/principal\/2016\/05\/03\/municipio-aumento-el-numero-de-secuestros-de-motos\/\" aria-label=\"Leer m\u00e1s sobre Municipio: Aument\u00f3 el n\u00famero de secuestros de motos\">Leer m\u00e1s<\/a><\/p>\n","protected":false},"author":1,"featured_media":49453,"comment_status":"open","ping_status":"open","sticky":false,"template":"","format":"standard","meta":{"_monsterinsights_skip_tracking":false,"_monsterinsights_sitenote_active":false,"_monsterinsights_sitenote_note":"","_monsterinsights_sitenote_category":0,"jetpack_post_was_ever_published":false,"_jetpack_newsletter_access":"","_jetpack_dont_email_post_to_subs":false,"_jetpack_newsletter_tier_id":0,"_jetpack_memberships_contains_paywalled_content":false,"_jetpack_memberships_contains_paid_content":false,"footnotes":"","jetpack_publicize_message":"","jetpack_publicize_feature_enabled":true,"jetpack_social_post_already_shared":true,"jetpack_social_options":{"image_generator_settings":{"template":"highway","default_image_id":0,"font":"","enabled":false},"version":2},"_wpas_customize_per_network":false},"categories":[30],"tags":[1616,9136,1623,244,9135],"class_list":["post-49452","post","type-post","status-publish","format-standard","has-post-thumbnail","hentry","category-municipio","tag-control-urbano","tag-infracciones","tag-motos","tag-municipio-2","tag-secuestros","generate-columns","tablet-grid-50","mobile-grid-100","grid-parent","grid-50"],"jetpack_publicize_connections":[],"jetpack_featured_media_url":"https:\/\/www.hoymercedes.com.ar\/principal\/wp-content\/uploads\/2016\/05\/03-motos-secuestradas.jpg","wps_subtitle":"Por distintas infracciones","jetpack_sharing_enabled":true,"_links":{"self":[{"href":"https:\/\/www.hoymercedes.com.ar\/principal\/wp-json\/wp\/v2\/posts\/49452","targetHints":{"allow":["GET"]}}],"collection":[{"href":"https:\/\/www.hoymercedes.com.ar\/principal\/wp-json\/wp\/v2\/posts"}],"about":[{"href":"https:\/\/www.hoymercedes.com.ar\/principal\/wp-json\/wp\/v2\/types\/post"}],"author":[{"embeddable":true,"href":"https:\/\/www.hoymercedes.com.ar\/principal\/wp-json\/wp\/v2\/users\/1"}],"replies":[{"embeddable":true,"href":"https:\/\/www.hoymercedes.com.ar\/principal\/wp-json\/wp\/v2\/comments?post=49452"}],"version-history":[{"count":0,"href":"https:\/\/www.hoymercedes.com.ar\/principal\/wp-json\/wp\/v2\/posts\/49452\/revisions"}],"wp:featuredmedia":[{"embeddable":true,"href":"https:\/\/www.hoymercedes.com.ar\/principal\/wp-json\/wp\/v2\/media\/49453"}],"wp:attachment":[{"href":"https:\/\/www.hoymercedes.com.ar\/principal\/wp-json\/wp\/v2\/media?parent=49452"}],"wp:term":[{"taxonomy":"category","embeddable":true,"href":"https:\/\/www.hoymercedes.com.ar\/principal\/wp-json\/wp\/v2\/categories?post=49452"},{"taxonomy":"post_tag","embeddable":true,"href":"https:\/\/www.hoymercedes.com.ar\/principal\/wp-json\/wp\/v2\/tags?post=49452"}],"curies":[{"name":"wp","href":"https:\/\/api.w.org\/{rel}","templated":true}]}}