{"id":4949,"date":"2011-06-12T23:33:51","date_gmt":"2011-06-12T23:33:51","guid":{"rendered":"http:\/\/www.hoymercedes.com.ar\/principal\/?p=4949"},"modified":"2011-06-12T23:33:51","modified_gmt":"2011-06-12T23:33:51","slug":"importante-y-multitudinario-acto-del-frente-mercedino-para-la-victoria","status":"publish","type":"post","link":"https:\/\/www.hoymercedes.com.ar\/principal\/2011\/06\/12\/importante-y-multitudinario-acto-del-frente-mercedino-para-la-victoria\/","title":{"rendered":"Importante y multitudinario acto del Frente Mercedino para la Victoria"},"content":{"rendered":"<p>Con un multitudinario acto, como hac\u00eda a\u00f1os no se ve\u00edan en la ciudad, alrededor de 1300 personas concurrieron a la cena realizada por el Frente Mercedino en el club Uni\u00f3n. \u201cEs imponente ver como la juventud dice presente a este proyecto transformador de la ciudad\u201d, dijo un emocionado Ustarroz.<\/p>\n<p>Cada acto que realiza el Frente Mercedino Para la Victoria logra una concurrencia de p\u00fablico que supera las expectativas de los organizadores de los eventos. En esta oportunidad, Juan Ustarroz convoc\u00f3 a los j\u00f3venes a una cena y termin\u00f3 siendo una cena para todas las edades, ya que se sumaron mercedinos de todo tipo de raz\u00f3n et\u00e1rea.<\/p>\n<p>La cena estaba estipulada en el gimnasio del Club Uni\u00f3n, tal vez el m\u00e1s grande que tiene la ciudad, ya que la idea era completarlo en gran parte, pero la cantidad de gente que se acerc\u00f3 para apoyar al precandidato a Intendente oblig\u00f3 a sumar m\u00e1s caballetes y sillas para que todos se pudieran sentar.<\/p>\n<p><a href=\"https:\/\/www.hoymercedes.com.ar\/principal\/wp-content\/uploads\/2011\/06\/MHM_6054.jpg\"><img loading=\"lazy\" decoding=\"async\" data-attachment-id=\"4951\" data-permalink=\"https:\/\/www.hoymercedes.com.ar\/principal\/2011\/06\/12\/importante-y-multitudinario-acto-del-frente-mercedino-para-la-victoria\/mhm_6054\/#main\" data-orig-file=\"https:\/\/www.hoymercedes.com.ar\/principal\/wp-content\/uploads\/2011\/06\/MHM_6054.jpg\" data-orig-size=\"600,398\" data-comments-opened=\"1\" data-image-meta=\"{&quot;aperture&quot;:&quot;3.5&quot;,&quot;credit&quot;:&quot;Moreira Mario&quot;,&quot;camera&quot;:&quot;NIKON D300&quot;,&quot;caption&quot;:&quot;&quot;,&quot;created_timestamp&quot;:&quot;1307749071&quot;,&quot;copyright&quot;:&quot;Moreira \/ Ferraro&quot;,&quot;focal_length&quot;:&quot;18&quot;,&quot;iso&quot;:&quot;2500&quot;,&quot;shutter_speed&quot;:&quot;0.0125&quot;,&quot;title&quot;:&quot;&quot;}\" data-image-title=\"Frente Mercedino para la Victoria\" data-image-description=\"\" data-image-caption=\"\" data-large-file=\"https:\/\/www.hoymercedes.com.ar\/principal\/wp-content\/uploads\/2011\/06\/MHM_6054.jpg\" class=\"aligncenter size-full wp-image-4951\" title=\"Frente Mercedino para la Victoria\" src=\"https:\/\/www.hoymercedes.com.ar\/principal\/wp-content\/uploads\/2011\/06\/MHM_6054.jpg\" alt=\"\" width=\"600\" height=\"398\" \/><\/a><\/p>\n<p>Cuando se complet\u00f3 todo el rect\u00e1ngulo que comprende al gimnasio, la masividad de la concurrencia volvi\u00f3 a obligar a traer m\u00e1s mesas y sillas para poder cenar y brindarle apoyo y aliento a Ustarroz, por lo que se debi\u00f3 apelar a la cantina para estar m\u00e1s c\u00f3modos. Luego, en el pasadizo donde se encuentra la cancha de bochas, entre la cantina y el gimnasio, se debi\u00f3 poner un nuevo tabl\u00f3n con caballetes para que los \u00faltimos en entrar se sienten.<\/p>\n<p>Se esperaban 700 personas y terminaron entrando el doble de los previstos, algo que emocion\u00f3 a Juan Ignacio Ustarroz, quien d\u00eda a d\u00eda consigue m\u00e1s apoyo en su precandidatura a Intendente.<\/p>\n<p>\u201cMuchos de los que est\u00e1n ac\u00e1 me dijeron que nunca participaron de un acto pol\u00edtico, con lo cual es un doble orgullo para m\u00ed, porque muchas de esas personas se encargaron de invitar a sus amigos, sus allegados, y es muy importante para generar un fuerte lazo en pos de un proyecto colectivo y para estar comprometidos con la ciudad\u201d, dijo Juan Ignacio Ustarroz en su discurso.<\/p>\n<p><a href=\"https:\/\/www.hoymercedes.com.ar\/principal\/wp-content\/uploads\/2011\/06\/MHM_6077.jpg\"><img loading=\"lazy\" decoding=\"async\" data-attachment-id=\"4952\" data-permalink=\"https:\/\/www.hoymercedes.com.ar\/principal\/2011\/06\/12\/importante-y-multitudinario-acto-del-frente-mercedino-para-la-victoria\/mhm_6077\/#main\" data-orig-file=\"https:\/\/www.hoymercedes.com.ar\/principal\/wp-content\/uploads\/2011\/06\/MHM_6077.jpg\" data-orig-size=\"600,399\" data-comments-opened=\"1\" data-image-meta=\"{&quot;aperture&quot;:&quot;3.8&quot;,&quot;credit&quot;:&quot;Moreira Mario&quot;,&quot;camera&quot;:&quot;NIKON D300&quot;,&quot;caption&quot;:&quot;&quot;,&quot;created_timestamp&quot;:&quot;1307749813&quot;,&quot;copyright&quot;:&quot;Moreira \/ Ferraro&quot;,&quot;focal_length&quot;:&quot;26&quot;,&quot;iso&quot;:&quot;2500&quot;,&quot;shutter_speed&quot;:&quot;0.016666666666667&quot;,&quot;title&quot;:&quot;&quot;}\" data-image-title=\"Frente Mercedino para la Victoria\" data-image-description=\"\" data-image-caption=\"\" data-large-file=\"https:\/\/www.hoymercedes.com.ar\/principal\/wp-content\/uploads\/2011\/06\/MHM_6077.jpg\" class=\"aligncenter size-full wp-image-4952\" title=\"Frente Mercedino para la Victoria\" src=\"https:\/\/www.hoymercedes.com.ar\/principal\/wp-content\/uploads\/2011\/06\/MHM_6077.jpg\" alt=\"\" width=\"600\" height=\"399\" srcset=\"https:\/\/www.hoymercedes.com.ar\/principal\/wp-content\/uploads\/2011\/06\/MHM_6077.jpg 600w, https:\/\/www.hoymercedes.com.ar\/principal\/wp-content\/uploads\/2011\/06\/MHM_6077-300x199.jpg 300w\" sizes=\"auto, (max-width: 600px) 100vw, 600px\" \/><\/a><\/p>\n<p>Luego, continu\u00f3 hablando sobre la revitalizaci\u00f3n de la pol\u00edtica desde la aparici\u00f3n de N\u00e9stor Kirchner, entendi\u00e9ndolo como el que \u201chizo creer que la pol\u00edtica es la herramienta de transformaci\u00f3n de la realidad\u201d e inst\u00f3 a pensar en que el Frente Mercedino desbord\u00f3 de participaci\u00f3n desde su nacimiento, el 14 de diciembre de 2010.<\/p>\n<p>\u201cUn proyecto pol\u00edtico nuevo debe tener nuevas ideas, y la idea central es la de trabajar por Mercedes\u201d, sentenci\u00f3 Ustarroz e invit\u00f3 a los concurrentes a participar en el Frente y dejar sus propuestas, sus ideas, a trav\u00e9s de la Web, yendo a los barrios, trabajando codo a codo con la gente o yendo al local.<\/p>\n<p>El discurso de Ustarroz estuvo dirigido en parte a la juventud, ya que la cena estaba prevista para los j\u00f3venes, aunque la masividad que ha conseguido el Frente Mercedino hizo que la concurrencia sea variada. Juani dijo que quiere una ciudad donde los j\u00f3venes \u201cno tengan que ir a otras ciudades para trabajar y para eso hay que industrializar y desarrollar un perfil productivo de ciudad, porque los j\u00f3venes lo que piden es trabajar. Hoy ac\u00e1 hay muchos j\u00f3venes que est\u00e1n esperando su espacio propio, su vivienda, y nosotros les decimos que con el apoyo del gobierno nacional, que fue el que m\u00e1s trabaj\u00f3 por la juventud, le decimos que se pueden hacer las cosas bien y trabajar en el desarrollo de nuestra comunidad\u201d, dijo Ustarroz.<\/p>\n<p>Otro de los ejes sobre los que habl\u00f3 Ustarroz fue el de las viviendas, diciendo que \u201cnosotros nos comprometemos a hacer un plan de vivienda masivo y para todos los sectores, hay que atender a toda la ciudad en su conjunto\u201d, dijo un Juani que se sinti\u00f3 fuertemente respaldado por el pueblo, a trav\u00e9s de esta cena.<\/p>\n<p>\u201cQueremos ejercer la pol\u00edtica de una forma transparente y que la gente conf\u00ede en el municipio\u201d, manifest\u00f3 Ustarroz ante el aplauso del p\u00fablico y pidio por \u201cseguir trabajando unidos, porque la oportunidad hist\u00f3rica que tiene la ciudad es enorme\u201d, finaliz\u00f3.<\/p>\n<p>El acto finaliz\u00f3 con el conjunto Arde Roma D\u00fao, conformada por Gustavo Florella y Osmar Fabrasil.<\/p>\n","protected":false},"excerpt":{"rendered":"<p>Con un multitudinario acto, como hac\u00eda a\u00f1os no se ve\u00edan en la ciudad, alrededor de 1300 personas concurrieron a la &#8230; <a title=\"Importante y multitudinario acto del Frente Mercedino para la Victoria\" class=\"read-more\" href=\"https:\/\/www.hoymercedes.com.ar\/principal\/2011\/06\/12\/importante-y-multitudinario-acto-del-frente-mercedino-para-la-victoria\/\" aria-label=\"Leer m\u00e1s sobre Importante y multitudinario acto del Frente Mercedino para la Victoria\">Leer m\u00e1s<\/a><\/p>\n","protected":false},"author":1,"featured_media":0,"comment_status":"open","ping_status":"open","sticky":false,"template":"","format":"standard","meta":{"_monsterinsights_skip_tracking":false,"_monsterinsights_sitenote_active":false,"_monsterinsights_sitenote_note":"","_monsterinsights_sitenote_category":0,"jetpack_post_was_ever_published":false,"_jetpack_newsletter_access":"","_jetpack_dont_email_post_to_subs":false,"_jetpack_newsletter_tier_id":0,"_jetpack_memberships_contains_paywalled_content":false,"_jetpack_memberships_contains_paid_content":false,"footnotes":"","jetpack_publicize_message":"","jetpack_publicize_feature_enabled":true,"jetpack_social_post_already_shared":false,"jetpack_social_options":{"image_generator_settings":{"template":"highway","default_image_id":0,"font":"","enabled":false},"version":2},"_wpas_customize_per_network":false},"categories":[5],"tags":[379],"class_list":["post-4949","post","type-post","status-publish","format-standard","hentry","category-politica","tag-frente-mercedino-para-la-victoria","generate-columns","tablet-grid-50","mobile-grid-100","grid-parent","grid-50"],"jetpack_publicize_connections":[],"jetpack_featured_media_url":"","wps_subtitle":"","jetpack_sharing_enabled":true,"_links":{"self":[{"href":"https:\/\/www.hoymercedes.com.ar\/principal\/wp-json\/wp\/v2\/posts\/4949","targetHints":{"allow":["GET"]}}],"collection":[{"href":"https:\/\/www.hoymercedes.com.ar\/principal\/wp-json\/wp\/v2\/posts"}],"about":[{"href":"https:\/\/www.hoymercedes.com.ar\/principal\/wp-json\/wp\/v2\/types\/post"}],"author":[{"embeddable":true,"href":"https:\/\/www.hoymercedes.com.ar\/principal\/wp-json\/wp\/v2\/users\/1"}],"replies":[{"embeddable":true,"href":"https:\/\/www.hoymercedes.com.ar\/principal\/wp-json\/wp\/v2\/comments?post=4949"}],"version-history":[{"count":0,"href":"https:\/\/www.hoymercedes.com.ar\/principal\/wp-json\/wp\/v2\/posts\/4949\/revisions"}],"wp:attachment":[{"href":"https:\/\/www.hoymercedes.com.ar\/principal\/wp-json\/wp\/v2\/media?parent=4949"}],"wp:term":[{"taxonomy":"category","embeddable":true,"href":"https:\/\/www.hoymercedes.com.ar\/principal\/wp-json\/wp\/v2\/categories?post=4949"},{"taxonomy":"post_tag","embeddable":true,"href":"https:\/\/www.hoymercedes.com.ar\/principal\/wp-json\/wp\/v2\/tags?post=4949"}],"curies":[{"name":"wp","href":"https:\/\/api.w.org\/{rel}","templated":true}]}}