{"id":49500,"date":"2016-05-04T12:15:53","date_gmt":"2016-05-04T15:15:53","guid":{"rendered":"http:\/\/www.hoymercedes.com.ar\/principal\/?p=49500"},"modified":"2016-05-04T11:24:12","modified_gmt":"2016-05-04T14:24:12","slug":"peyras-y-rey-sumay-presentan-el-arca-de-manolo-y-orgaz","status":"publish","type":"post","link":"https:\/\/www.hoymercedes.com.ar\/principal\/2016\/05\/04\/peyras-y-rey-sumay-presentan-el-arca-de-manolo-y-orgaz\/","title":{"rendered":"Peyr\u00e1s y Rey Sumay presentan \u00abEl Arca de Manolo y Orgaz\u00bb"},"content":{"rendered":"<p><img loading=\"lazy\" decoding=\"async\" data-attachment-id=\"49499\" data-permalink=\"https:\/\/www.hoymercedes.com.ar\/principal\/04-peyras-rey-sumay\/\" data-orig-file=\"https:\/\/www.hoymercedes.com.ar\/principal\/wp-content\/uploads\/2016\/05\/04-peyras-rey-sumay.jpg\" data-orig-size=\"892,411\" data-comments-opened=\"1\" data-image-meta=\"{&quot;aperture&quot;:&quot;0&quot;,&quot;credit&quot;:&quot;&quot;,&quot;camera&quot;:&quot;&quot;,&quot;caption&quot;:&quot;&quot;,&quot;created_timestamp&quot;:&quot;0&quot;,&quot;copyright&quot;:&quot;&quot;,&quot;focal_length&quot;:&quot;0&quot;,&quot;iso&quot;:&quot;0&quot;,&quot;shutter_speed&quot;:&quot;0&quot;,&quot;title&quot;:&quot;&quot;,&quot;orientation&quot;:&quot;0&quot;}\" data-image-title=\"04 peyras rey sumay\" data-image-description=\"\" data-image-caption=\"\" data-large-file=\"https:\/\/www.hoymercedes.com.ar\/principal\/wp-content\/uploads\/2016\/05\/04-peyras-rey-sumay.jpg\" class=\"aligncenter size-full wp-image-49499\" src=\"https:\/\/www.hoymercedes.com.ar\/principal\/wp-content\/uploads\/2016\/05\/04-peyras-rey-sumay.jpg\" alt=\"04 peyras rey sumay\" width=\"892\" height=\"411\" srcset=\"https:\/\/www.hoymercedes.com.ar\/principal\/wp-content\/uploads\/2016\/05\/04-peyras-rey-sumay.jpg 892w, https:\/\/www.hoymercedes.com.ar\/principal\/wp-content\/uploads\/2016\/05\/04-peyras-rey-sumay-150x69.jpg 150w, https:\/\/www.hoymercedes.com.ar\/principal\/wp-content\/uploads\/2016\/05\/04-peyras-rey-sumay-630x290.jpg 630w, https:\/\/www.hoymercedes.com.ar\/principal\/wp-content\/uploads\/2016\/05\/04-peyras-rey-sumay-768x354.jpg 768w\" sizes=\"auto, (max-width: 892px) 100vw, 892px\" \/>En el contexto de la 42\u00ba Feria del Libro de Buenos Aires, los m\u00e9dicos y amigos Ricardo Peyr\u00e1s y Osvaldo Rey Sumay estar\u00e1n presentando\u00a0el libro publicado en conjunto titulado \u00abEl Arca de Manolo y Orgaz\u00bb. La presentaci\u00f3n ser\u00e1 este 4 de mayo, 18 horas, en la sede de la Editorial Dunken en\u00a0Ayacucho 357 CABA. Los acompa\u00f1ar\u00e1 el Profesor Dr. Guillermo Jaim Etcheverry quien prolog\u00f3 el libro que los une.<\/p>\n<p>Estos dos amigos m\u00e9dicos, escritores independientes, amantes del buen f\u00fatbol y de caf\u00e9s vespertinos decidieron un d\u00eda escribir juntos un libro: \u201cEl Arca de Manolo y Orgaz\u201d \u00bfDe d\u00f3nde salen sus nombres? Ellos \u00fanicamente lo saben, aunque es posible que si uno les pregunta, no est\u00e9n muy seguros. \u00bfMisterio u olvido? Pero\u2026 \u00bfQu\u00e9 vida no encierra en s\u00ed misma algo de las dos cosas? Lo cierto es que un d\u00eda muy caluroso, Manolo y Orgaz salieron del bar acostumbrado pero no volvieron a casa, sino que enfilaron para la historia, la lengua y la educaci\u00f3n, tomaron un poco de filosof\u00eda y pol\u00edtica, sin dejar de lado el f\u00fatbol, los amigos y el amor. Recordaron cosas terribles como el bombardeo del \u201855 en Plaza de Mayo y la guerra \u201cet\u00edlica\u201d de Malvinas, ni\u00f1os enfermos, la muerte, (peque\u00f1o tema), la memoria y la desmemoria, la tortura, el poder y los medios de informaci\u00f3n\u2026 Pero tambi\u00e9n meditaron sobre la patria, el sentimiento patri\u00f3tico. Y tambi\u00e9n sobre la felicidad, tal vez uno de los temas m\u00e1s dif\u00edciles (y en la forma m\u00e1s escurridiza) de expresar.<\/p>\n<p>Manolo y Orgaz escribieron este libro para no irse. \u00bfPero c\u00f3mo? Y s\u00ed, porque mientras el arca y sus ocupantes van viajando hacia sus destinos, el lector va advirtiendo que es para quedarse. Y para ocupar un lugar. El lugar de uno mismo. El lugar donde pensar y sentir, donde sopesar lo que est\u00e1 igual y lo que es diferente, donde reacomodar el tiempo que qued\u00f3 olvidado en el almanaque de la eternidad y donde vislumbrar el ma\u00f1ana que a\u00fan no puede alcanzarse. Es un libro para partir regresando y regresar a\u00fan sin haber partido. Es para quedarse yendo y volviendo sin pasar de largo. Porque en la vida suele pasarnos de todo y al final todo termina pasando. Pero en este libro muchas cosas quedan. Cosas que sin dudas son importantes.<\/p>\n<p>El libro fue prologado por el\u00a0Profesor Dr. Guillermo Jaim Etcheverry.\u00a0P\u00e1rrafo aparte merece el\u00a0prologuista que adem\u00e1s oficiar\u00e1 de presentador del libro de Ricardo Peyr\u00e1s y Osvaldo Rey Sumay. \u00a0El Dr. Jaim Etcheverry es m\u00e9dico, cient\u00edfico y acad\u00e9mico argentino. Fue rector de la Universidad de Buenos Aires entre 2002 y 2006. En 1965 se gradu\u00f3 de m\u00e9dico en la Universidad de Buenos Aires con Diploma de Honor. Fue Decano de la Facultad de Medicina de la UBA de 1986 A 1990, es investigador principal del CONICET, tambi\u00e9n miembro de n\u00famero de la\u00a0Academia Nacional de Educaci\u00f3n, de la\u00a0Academia Nacional de Ciencias de Buenos Aires\u00a0y de la\u00a0Academia Argentina de Artes y Ciencias de la Comunicaci\u00f3n\u00a0as\u00ed como tambi\u00e9n miembro correspondiente de la Academia de Medicina de C\u00f3rdoba, Dr. Honoris Causa de la Universidad de Mor\u00f3n y ganador de numerosos premios. Ha escrito varios libros, entre ellos el conocido: \u201cLa tragedia Educativa\u201d, de amplia repercusi\u00f3n y \u00e9xito. Pero, como el mismo profesor dice con particular orgullo (y figura expresamente al pie del pr\u00f3logo del libro), es un navegante distinguido de \u201cEl Arca de Manolo y Orgaz\u201d.<\/p>\n<p>Este 4 de mayo \u201cEl Arca de Manolo y Orgaz\u201d ser\u00e1 presentado en la editorial de escritores independientes Dunken, Ayacucho 357 CABA. A\u00a0la hora 18 comenzar\u00e1 el acto que, tanto Peyr\u00e1s como Rey Sumay prometen, pr\u00f3ximamente ser\u00e1 presentado en Mercedes tambi\u00e9n por el Dr. Jaim Etcheverry. La fecha y el lugar se confirmar\u00e1 en cualquier momento.<\/p>\n","protected":false},"excerpt":{"rendered":"<p>En el contexto de la 42\u00ba Feria del Libro de Buenos Aires, los m\u00e9dicos y amigos Ricardo Peyr\u00e1s y Osvaldo &#8230; <a title=\"Peyr\u00e1s y Rey Sumay presentan \u00abEl Arca de Manolo y Orgaz\u00bb\" class=\"read-more\" href=\"https:\/\/www.hoymercedes.com.ar\/principal\/2016\/05\/04\/peyras-y-rey-sumay-presentan-el-arca-de-manolo-y-orgaz\/\" aria-label=\"Leer m\u00e1s sobre Peyr\u00e1s y Rey Sumay presentan \u00abEl Arca de Manolo y Orgaz\u00bb\">Leer m\u00e1s<\/a><\/p>\n","protected":false},"author":1,"featured_media":49499,"comment_status":"open","ping_status":"open","sticky":false,"template":"","format":"standard","meta":{"_monsterinsights_skip_tracking":false,"_monsterinsights_sitenote_active":false,"_monsterinsights_sitenote_note":"","_monsterinsights_sitenote_category":0,"jetpack_post_was_ever_published":false,"_jetpack_newsletter_access":"","_jetpack_dont_email_post_to_subs":false,"_jetpack_newsletter_tier_id":0,"_jetpack_memberships_contains_paywalled_content":false,"_jetpack_memberships_contains_paid_content":false,"footnotes":"","jetpack_publicize_message":"","jetpack_publicize_feature_enabled":true,"jetpack_social_post_already_shared":true,"jetpack_social_options":{"image_generator_settings":{"template":"highway","default_image_id":0,"font":"","enabled":false},"version":2},"_wpas_customize_per_network":false},"categories":[104],"tags":[7805,869,73,9145,9144],"class_list":["post-49500","post","type-post","status-publish","format-standard","has-post-thumbnail","hentry","category-cultura","tag-cultura","tag-libro","tag-literatura","tag-osvaldo-rey-sumay","tag-ricardo-peyras","generate-columns","tablet-grid-50","mobile-grid-100","grid-parent","grid-50"],"jetpack_publicize_connections":[],"jetpack_featured_media_url":"https:\/\/www.hoymercedes.com.ar\/principal\/wp-content\/uploads\/2016\/05\/04-peyras-rey-sumay.jpg","wps_subtitle":"4 de mayo, 18 horas, en Buenos Aires","jetpack_sharing_enabled":true,"_links":{"self":[{"href":"https:\/\/www.hoymercedes.com.ar\/principal\/wp-json\/wp\/v2\/posts\/49500","targetHints":{"allow":["GET"]}}],"collection":[{"href":"https:\/\/www.hoymercedes.com.ar\/principal\/wp-json\/wp\/v2\/posts"}],"about":[{"href":"https:\/\/www.hoymercedes.com.ar\/principal\/wp-json\/wp\/v2\/types\/post"}],"author":[{"embeddable":true,"href":"https:\/\/www.hoymercedes.com.ar\/principal\/wp-json\/wp\/v2\/users\/1"}],"replies":[{"embeddable":true,"href":"https:\/\/www.hoymercedes.com.ar\/principal\/wp-json\/wp\/v2\/comments?post=49500"}],"version-history":[{"count":0,"href":"https:\/\/www.hoymercedes.com.ar\/principal\/wp-json\/wp\/v2\/posts\/49500\/revisions"}],"wp:featuredmedia":[{"embeddable":true,"href":"https:\/\/www.hoymercedes.com.ar\/principal\/wp-json\/wp\/v2\/media\/49499"}],"wp:attachment":[{"href":"https:\/\/www.hoymercedes.com.ar\/principal\/wp-json\/wp\/v2\/media?parent=49500"}],"wp:term":[{"taxonomy":"category","embeddable":true,"href":"https:\/\/www.hoymercedes.com.ar\/principal\/wp-json\/wp\/v2\/categories?post=49500"},{"taxonomy":"post_tag","embeddable":true,"href":"https:\/\/www.hoymercedes.com.ar\/principal\/wp-json\/wp\/v2\/tags?post=49500"}],"curies":[{"name":"wp","href":"https:\/\/api.w.org\/{rel}","templated":true}]}}