{"id":49518,"date":"2016-05-04T22:29:29","date_gmt":"2016-05-05T01:29:29","guid":{"rendered":"http:\/\/www.hoymercedes.com.ar\/principal\/?p=49518"},"modified":"2016-05-04T18:40:25","modified_gmt":"2016-05-04T21:40:25","slug":"este-jueves-5-comienzan-a-circular-los-colectivos-urbanos","status":"publish","type":"post","link":"https:\/\/www.hoymercedes.com.ar\/principal\/2016\/05\/04\/este-jueves-5-comienzan-a-circular-los-colectivos-urbanos\/","title":{"rendered":"Este jueves 5 comienzan a circular los colectivos urbanos"},"content":{"rendered":"<p><img loading=\"lazy\" decoding=\"async\" data-attachment-id=\"49523\" data-permalink=\"https:\/\/www.hoymercedes.com.ar\/principal\/2016\/05\/04\/este-jueves-5-comienzan-a-circular-los-colectivos-urbanos\/04-colectivos-1\/#main\" data-orig-file=\"https:\/\/www.hoymercedes.com.ar\/principal\/wp-content\/uploads\/2016\/05\/04-Colectivos-1.jpg\" data-orig-size=\"448,336\" data-comments-opened=\"1\" data-image-meta=\"{&quot;aperture&quot;:&quot;0&quot;,&quot;credit&quot;:&quot;&quot;,&quot;camera&quot;:&quot;&quot;,&quot;caption&quot;:&quot;&quot;,&quot;created_timestamp&quot;:&quot;0&quot;,&quot;copyright&quot;:&quot;&quot;,&quot;focal_length&quot;:&quot;0&quot;,&quot;iso&quot;:&quot;0&quot;,&quot;shutter_speed&quot;:&quot;0&quot;,&quot;title&quot;:&quot;&quot;,&quot;orientation&quot;:&quot;0&quot;}\" data-image-title=\"04 Colectivos (1)\" data-image-description=\"\" data-image-caption=\"\" data-large-file=\"https:\/\/www.hoymercedes.com.ar\/principal\/wp-content\/uploads\/2016\/05\/04-Colectivos-1.jpg\" class=\"aligncenter size-full wp-image-49523\" src=\"https:\/\/www.hoymercedes.com.ar\/principal\/wp-content\/uploads\/2016\/05\/04-Colectivos-1.jpg\" alt=\"04 Colectivos (1)\" width=\"448\" height=\"336\" srcset=\"https:\/\/www.hoymercedes.com.ar\/principal\/wp-content\/uploads\/2016\/05\/04-Colectivos-1.jpg 448w, https:\/\/www.hoymercedes.com.ar\/principal\/wp-content\/uploads\/2016\/05\/04-Colectivos-1-150x113.jpg 150w\" sizes=\"auto, (max-width: 448px) 100vw, 448px\" \/><br \/>\nAnunciado el 1\u00ba de abril, finalmente, desde las primeras horas de la ma\u00f1ana del d\u00eda jueves 5 de mayo comenzar\u00e1n a funcionar los nuevos colectivos urbanos en la ciudad de Mercedes.<\/p>\n<p>En principio ser\u00e1n dos los recorridos. El cl\u00e1sico Almac\u00e9n Matienzo &#8211; Cementerio y una segunda l\u00ednea que unifica y comprende un mayor n\u00famero de barrios. Esta l\u00ednea 2 une el Complejo Noelandia con el Parque Municipal, pero pasa por barrios como Pe\u00f1aloza, Los Robles, Calvillo, Esperanza, rodeando el casco hist\u00f3rico por las avenidas 17 y 16, la Terminal y terminar en ruta 5.<\/p>\n<p>Los trascendidos dicen que la presentaci\u00f3n oficial de las l\u00edneas y los recorridos se har\u00eda en la tarde del jueves, sin embargo, en las redes sociales ya se difundi\u00f3 el plano y por lo tanto, aqu\u00ed lo compartimos.<\/p>\n<p>Linea 1 \u00a0ser\u00e1 del Almac\u00e9n Matienzo hasta el Cementerio. Ida y vuelta. Los\u00a0primeros en salir desde la 22 bis y 113 ser\u00e1 y desde el Cementerio son a las 6:30 continuando los\u00a0servicios cada media hora.<\/p>\n<p>Ida: Matienzo desde la calle 22 bis y 113, a calle 24 hasta Avenida 17, siguiendo hasta Avenida 30, desde all\u00ed hasta Avenida 29, por Avenida 29 hasta calle 28, por calle 28 hasta Avenida 47, desde all\u00ed hasta Avenida 40, desde Avenida 40 a Avenida 29 hasta calle 12, desde calle 12 empalme hasta calle 10, desde calle 10 hasta el Cementerio.<\/p>\n<p>Vuelta: Cementerio empalme a calle 1o , desde calle 10 hasta Avenida 47, por Avenida 47 a calle 14, por calle 14 hasta Avenida 29, desde all\u00ed hasta Avenida 40, por Avenida 40 hasta Avenida 47, por Avenida 47 hasta calle 22, por calle 22 hasta calle 113, desde all\u00ed hasta calle 22 bis en Matienzo.<\/p>\n<p><img loading=\"lazy\" decoding=\"async\" data-attachment-id=\"49520\" data-permalink=\"https:\/\/www.hoymercedes.com.ar\/principal\/2016\/05\/04\/este-jueves-5-comienzan-a-circular-los-colectivos-urbanos\/04-colectivo-linea-1\/#main\" data-orig-file=\"https:\/\/www.hoymercedes.com.ar\/principal\/wp-content\/uploads\/2016\/05\/04-colectivo-linea-1.jpg\" data-orig-size=\"640,439\" data-comments-opened=\"1\" data-image-meta=\"{&quot;aperture&quot;:&quot;0&quot;,&quot;credit&quot;:&quot;&quot;,&quot;camera&quot;:&quot;&quot;,&quot;caption&quot;:&quot;&quot;,&quot;created_timestamp&quot;:&quot;0&quot;,&quot;copyright&quot;:&quot;&quot;,&quot;focal_length&quot;:&quot;0&quot;,&quot;iso&quot;:&quot;0&quot;,&quot;shutter_speed&quot;:&quot;0&quot;,&quot;title&quot;:&quot;&quot;,&quot;orientation&quot;:&quot;0&quot;}\" data-image-title=\"04 colectivo linea 1\" data-image-description=\"\" data-image-caption=\"\" data-large-file=\"https:\/\/www.hoymercedes.com.ar\/principal\/wp-content\/uploads\/2016\/05\/04-colectivo-linea-1.jpg\" class=\"aligncenter size-full wp-image-49520\" src=\"https:\/\/www.hoymercedes.com.ar\/principal\/wp-content\/uploads\/2016\/05\/04-colectivo-linea-1.jpg\" alt=\"04 colectivo linea 1\" width=\"640\" height=\"439\" srcset=\"https:\/\/www.hoymercedes.com.ar\/principal\/wp-content\/uploads\/2016\/05\/04-colectivo-linea-1.jpg 640w, https:\/\/www.hoymercedes.com.ar\/principal\/wp-content\/uploads\/2016\/05\/04-colectivo-linea-1-150x103.jpg 150w, https:\/\/www.hoymercedes.com.ar\/principal\/wp-content\/uploads\/2016\/05\/04-colectivo-linea-1-630x432.jpg 630w\" sizes=\"auto, (max-width: 640px) 100vw, 640px\" \/><\/p>\n<p><img loading=\"lazy\" decoding=\"async\" data-attachment-id=\"49526\" data-permalink=\"https:\/\/www.hoymercedes.com.ar\/principal\/2016\/05\/04\/este-jueves-5-comienzan-a-circular-los-colectivos-urbanos\/04-colectivo-linea-1-horarios\/#main\" data-orig-file=\"https:\/\/www.hoymercedes.com.ar\/principal\/wp-content\/uploads\/2016\/05\/04-colectivo-linea-1-horarios.jpg\" data-orig-size=\"468,640\" data-comments-opened=\"1\" data-image-meta=\"{&quot;aperture&quot;:&quot;0&quot;,&quot;credit&quot;:&quot;&quot;,&quot;camera&quot;:&quot;&quot;,&quot;caption&quot;:&quot;&quot;,&quot;created_timestamp&quot;:&quot;0&quot;,&quot;copyright&quot;:&quot;&quot;,&quot;focal_length&quot;:&quot;0&quot;,&quot;iso&quot;:&quot;0&quot;,&quot;shutter_speed&quot;:&quot;0&quot;,&quot;title&quot;:&quot;&quot;,&quot;orientation&quot;:&quot;0&quot;}\" data-image-title=\"04 colectivo linea 1 horarios\" data-image-description=\"\" data-image-caption=\"\" data-large-file=\"https:\/\/www.hoymercedes.com.ar\/principal\/wp-content\/uploads\/2016\/05\/04-colectivo-linea-1-horarios.jpg\" class=\"aligncenter size-full wp-image-49526\" src=\"https:\/\/www.hoymercedes.com.ar\/principal\/wp-content\/uploads\/2016\/05\/04-colectivo-linea-1-horarios.jpg\" alt=\"04 colectivo linea 1 horarios\" width=\"468\" height=\"640\" srcset=\"https:\/\/www.hoymercedes.com.ar\/principal\/wp-content\/uploads\/2016\/05\/04-colectivo-linea-1-horarios.jpg 468w, https:\/\/www.hoymercedes.com.ar\/principal\/wp-content\/uploads\/2016\/05\/04-colectivo-linea-1-horarios-110x150.jpg 110w, https:\/\/www.hoymercedes.com.ar\/principal\/wp-content\/uploads\/2016\/05\/04-colectivo-linea-1-horarios-453x620.jpg 453w\" sizes=\"auto, (max-width: 468px) 100vw, 468px\" \/><\/p>\n<p>Linea 2: Desde el Complejo Noelandia\/ Escuela El Pampero\u00a0hasta\u00a0el Parque Municipal. Ida y vuelta. El primer colectivo desde el Parque saldr\u00e1 a la hora 6 y partir\u00e1n cada una hora y media, mientras que desde Noelandia, el primer colectivo saldr\u00e1 a las 6:40 horas tambi\u00e9n partiendo desde all\u00ed cada una hora y media.<\/p>\n<p>Ida: Por H\u00e9roes de Malvinas a calle 48, desde calle 48 a calle 15, desde calle 15 a calle 52, desde all\u00ed hasta calle 9 siguiendo hasta calle 54, de calle 54 a calle 15 hasta Avenida 40 , por Avenida 40 hasta Avenida 17, desde Avenida 17 hasta Avenida 16 hasta llegar a Avenida 29, desde Avenida 29 hasta Avenida 2, desde Avenida 2 hasta calle 11, por calle 11 hasta calle 114, desde all\u00ed hasta llegar a calle 15, por calle 15 hasta Avenida 2, por Avenida 2 pasando por la Terminal de \u00d3mnibus , por acceso Manuel Sanmart\u00edn hasta Complejo Noelandia.<\/p>\n<p>Vuelta: Desde Noelandia por acceso Manuel Sanmart\u00edn hasta Avenida 2, pasando por la Terminal de \u00d3mnibus, por Avenida 2 hasta calle 19 , por calle 19 hasta calle 114, desde all\u00ed hasta calle 11, por calle 11 a Avenida 2, por Avenida 2 hasta Avenida 29, desde Avenida 29 hasta Avenida 16, desde all\u00ed hasta llegar a Avenida 17, por Avenida 17 hasta Avenida 40, por Avenida 40 hasta calle 15, por calle 15 hasta calle 52, desde calle 52 hasta calle 9, por calle 9 hasta calle 54, por calle 54 hasta calle 15, desde all\u00ed hasta calle 50, desde calle 50 hasta llegar a Avenida 29, por Avenida 29 hasta H\u00e9roes de Malvinas llegando al Parque Municipal Independencia.<\/p>\n<p><img loading=\"lazy\" decoding=\"async\" data-attachment-id=\"49519\" data-permalink=\"https:\/\/www.hoymercedes.com.ar\/principal\/2016\/05\/04\/este-jueves-5-comienzan-a-circular-los-colectivos-urbanos\/04-colectivo-linea-2\/#main\" data-orig-file=\"https:\/\/www.hoymercedes.com.ar\/principal\/wp-content\/uploads\/2016\/05\/04-colectivo-linea-2.jpg\" data-orig-size=\"640,436\" data-comments-opened=\"1\" data-image-meta=\"{&quot;aperture&quot;:&quot;0&quot;,&quot;credit&quot;:&quot;&quot;,&quot;camera&quot;:&quot;&quot;,&quot;caption&quot;:&quot;&quot;,&quot;created_timestamp&quot;:&quot;0&quot;,&quot;copyright&quot;:&quot;&quot;,&quot;focal_length&quot;:&quot;0&quot;,&quot;iso&quot;:&quot;0&quot;,&quot;shutter_speed&quot;:&quot;0&quot;,&quot;title&quot;:&quot;&quot;,&quot;orientation&quot;:&quot;0&quot;}\" data-image-title=\"04 colectivo linea 2\" data-image-description=\"\" data-image-caption=\"\" data-large-file=\"https:\/\/www.hoymercedes.com.ar\/principal\/wp-content\/uploads\/2016\/05\/04-colectivo-linea-2.jpg\" class=\"aligncenter size-full wp-image-49519\" src=\"https:\/\/www.hoymercedes.com.ar\/principal\/wp-content\/uploads\/2016\/05\/04-colectivo-linea-2.jpg\" alt=\"04 colectivo linea 2\" width=\"640\" height=\"436\" srcset=\"https:\/\/www.hoymercedes.com.ar\/principal\/wp-content\/uploads\/2016\/05\/04-colectivo-linea-2.jpg 640w, https:\/\/www.hoymercedes.com.ar\/principal\/wp-content\/uploads\/2016\/05\/04-colectivo-linea-2-150x102.jpg 150w, https:\/\/www.hoymercedes.com.ar\/principal\/wp-content\/uploads\/2016\/05\/04-colectivo-linea-2-630x429.jpg 630w\" sizes=\"auto, (max-width: 640px) 100vw, 640px\" \/><\/p>\n<p><img loading=\"lazy\" decoding=\"async\" data-attachment-id=\"49527\" data-permalink=\"https:\/\/www.hoymercedes.com.ar\/principal\/2016\/05\/04\/este-jueves-5-comienzan-a-circular-los-colectivos-urbanos\/04-colectivo-linea-2-horarios\/#main\" data-orig-file=\"https:\/\/www.hoymercedes.com.ar\/principal\/wp-content\/uploads\/2016\/05\/04-colectivo-linea-2-horarios-.jpg\" data-orig-size=\"560,480\" data-comments-opened=\"1\" data-image-meta=\"{&quot;aperture&quot;:&quot;0&quot;,&quot;credit&quot;:&quot;&quot;,&quot;camera&quot;:&quot;&quot;,&quot;caption&quot;:&quot;&quot;,&quot;created_timestamp&quot;:&quot;0&quot;,&quot;copyright&quot;:&quot;&quot;,&quot;focal_length&quot;:&quot;0&quot;,&quot;iso&quot;:&quot;0&quot;,&quot;shutter_speed&quot;:&quot;0&quot;,&quot;title&quot;:&quot;&quot;,&quot;orientation&quot;:&quot;0&quot;}\" data-image-title=\"04 colectivo linea 2 horarios\" data-image-description=\"\" data-image-caption=\"\" data-large-file=\"https:\/\/www.hoymercedes.com.ar\/principal\/wp-content\/uploads\/2016\/05\/04-colectivo-linea-2-horarios-.jpg\" class=\"aligncenter size-full wp-image-49527\" src=\"https:\/\/www.hoymercedes.com.ar\/principal\/wp-content\/uploads\/2016\/05\/04-colectivo-linea-2-horarios-.jpg\" alt=\"04 colectivo linea 2 horarios\" width=\"560\" height=\"480\" srcset=\"https:\/\/www.hoymercedes.com.ar\/principal\/wp-content\/uploads\/2016\/05\/04-colectivo-linea-2-horarios-.jpg 560w, https:\/\/www.hoymercedes.com.ar\/principal\/wp-content\/uploads\/2016\/05\/04-colectivo-linea-2-horarios--150x129.jpg 150w\" sizes=\"auto, (max-width: 560px) 100vw, 560px\" \/><\/p>\n","protected":false},"excerpt":{"rendered":"<p>Anunciado el 1\u00ba de abril, finalmente, desde las primeras horas de la ma\u00f1ana del d\u00eda jueves 5 de mayo comenzar\u00e1n &#8230; <a title=\"Este jueves 5 comienzan a circular los colectivos urbanos\" class=\"read-more\" href=\"https:\/\/www.hoymercedes.com.ar\/principal\/2016\/05\/04\/este-jueves-5-comienzan-a-circular-los-colectivos-urbanos\/\" aria-label=\"Leer m\u00e1s sobre Este jueves 5 comienzan a circular los colectivos urbanos\">Leer m\u00e1s<\/a><\/p>\n","protected":false},"author":1,"featured_media":49523,"comment_status":"open","ping_status":"open","sticky":false,"template":"","format":"standard","meta":{"_monsterinsights_skip_tracking":false,"_monsterinsights_sitenote_active":false,"_monsterinsights_sitenote_note":"","_monsterinsights_sitenote_category":0,"jetpack_post_was_ever_published":false,"_jetpack_newsletter_access":"","_jetpack_dont_email_post_to_subs":false,"_jetpack_newsletter_tier_id":0,"_jetpack_memberships_contains_paywalled_content":false,"_jetpack_memberships_contains_paid_content":false,"footnotes":"","jetpack_publicize_message":"","jetpack_publicize_feature_enabled":true,"jetpack_social_post_already_shared":true,"jetpack_social_options":{"image_generator_settings":{"template":"highway","default_image_id":0,"font":"","enabled":false},"version":2},"_wpas_customize_per_network":false},"categories":[5485],"tags":[1244,9154,9155,9156],"class_list":["post-49518","post","type-post","status-publish","format-standard","has-post-thumbnail","hentry","category-comunidad","tag-colectivos","tag-recorridos","tag-servicio","tag-transporte-local","generate-columns","tablet-grid-50","mobile-grid-100","grid-parent","grid-50"],"jetpack_publicize_connections":[],"jetpack_featured_media_url":"https:\/\/www.hoymercedes.com.ar\/principal\/wp-content\/uploads\/2016\/05\/04-Colectivos-1.jpg","wps_subtitle":"Desde las primeras horas","jetpack_sharing_enabled":true,"_links":{"self":[{"href":"https:\/\/www.hoymercedes.com.ar\/principal\/wp-json\/wp\/v2\/posts\/49518","targetHints":{"allow":["GET"]}}],"collection":[{"href":"https:\/\/www.hoymercedes.com.ar\/principal\/wp-json\/wp\/v2\/posts"}],"about":[{"href":"https:\/\/www.hoymercedes.com.ar\/principal\/wp-json\/wp\/v2\/types\/post"}],"author":[{"embeddable":true,"href":"https:\/\/www.hoymercedes.com.ar\/principal\/wp-json\/wp\/v2\/users\/1"}],"replies":[{"embeddable":true,"href":"https:\/\/www.hoymercedes.com.ar\/principal\/wp-json\/wp\/v2\/comments?post=49518"}],"version-history":[{"count":0,"href":"https:\/\/www.hoymercedes.com.ar\/principal\/wp-json\/wp\/v2\/posts\/49518\/revisions"}],"wp:featuredmedia":[{"embeddable":true,"href":"https:\/\/www.hoymercedes.com.ar\/principal\/wp-json\/wp\/v2\/media\/49523"}],"wp:attachment":[{"href":"https:\/\/www.hoymercedes.com.ar\/principal\/wp-json\/wp\/v2\/media?parent=49518"}],"wp:term":[{"taxonomy":"category","embeddable":true,"href":"https:\/\/www.hoymercedes.com.ar\/principal\/wp-json\/wp\/v2\/categories?post=49518"},{"taxonomy":"post_tag","embeddable":true,"href":"https:\/\/www.hoymercedes.com.ar\/principal\/wp-json\/wp\/v2\/tags?post=49518"}],"curies":[{"name":"wp","href":"https:\/\/api.w.org\/{rel}","templated":true}]}}