{"id":49567,"date":"2016-05-06T12:00:47","date_gmt":"2016-05-06T15:00:47","guid":{"rendered":"http:\/\/www.hoymercedes.com.ar\/principal\/?p=49567"},"modified":"2016-05-06T10:23:41","modified_gmt":"2016-05-06T13:23:41","slug":"la-sade-presento-numero-especial-de-la-gaceta","status":"publish","type":"post","link":"https:\/\/www.hoymercedes.com.ar\/principal\/2016\/05\/06\/la-sade-presento-numero-especial-de-la-gaceta\/","title":{"rendered":"La SADE present\u00f3 n\u00famero especial de La Gaceta"},"content":{"rendered":"<p>El pasado martes 3 , en el stand de la Sociedad Argentina de Escritores (SADE) \u00a0de la 42\u00b0 Feria Internacional del Libro, los miembors de la SADE Mercedes aprovecharon la oportunidad para presentar los libros publicados de los miembros de la instituci\u00f3n local y el \u00faltimo n\u00famero, especial, de la Gaceta de SADE Mercedes que tienen\u00a0reportajes y comentarios sobre la personalidad y la obra del Dr. Alejandro Vaccaro.<\/p>\n<p>En la Feria, los escritores de SADE Mercedes, entre ellos, Teresita Gallardo, Dra. Marta Prono, Stella Demergasso, Patricia Berho, Alicia Albanesi, Rub\u00e9n D. Gasparini y Jorge Citr\u00e1ngolo Casal pudieron ofrecer y exponer sus libros con todo \u00e9xito y tambi\u00e9n contestaron preguntas a diversas delegaciones escolares que visitaron el stand<\/p>\n<p>&nbsp;<\/p>\n","protected":false},"excerpt":{"rendered":"<p>El pasado martes 3 , en el stand de la Sociedad Argentina de Escritores (SADE) \u00a0de la 42\u00b0 Feria Internacional &#8230; <a title=\"La SADE present\u00f3 n\u00famero especial de La Gaceta\" class=\"read-more\" href=\"https:\/\/www.hoymercedes.com.ar\/principal\/2016\/05\/06\/la-sade-presento-numero-especial-de-la-gaceta\/\" aria-label=\"Leer m\u00e1s sobre La SADE present\u00f3 n\u00famero especial de La Gaceta\">Leer m\u00e1s<\/a><\/p>\n","protected":false},"author":1,"featured_media":49569,"comment_status":"open","ping_status":"open","sticky":false,"template":"","format":"standard","meta":{"_monsterinsights_skip_tracking":false,"_monsterinsights_sitenote_active":false,"_monsterinsights_sitenote_note":"","_monsterinsights_sitenote_category":0,"jetpack_post_was_ever_published":false,"_jetpack_newsletter_access":"","_jetpack_dont_email_post_to_subs":false,"_jetpack_newsletter_tier_id":0,"_jetpack_memberships_contains_paywalled_content":false,"_jetpack_memberships_contains_paid_content":false,"footnotes":"","jetpack_publicize_message":"","jetpack_publicize_feature_enabled":true,"jetpack_social_post_already_shared":true,"jetpack_social_options":{"image_generator_settings":{"template":"highway","default_image_id":0,"font":"","enabled":false},"version":2},"_wpas_customize_per_network":false},"categories":[104],"tags":[7805,685,8974],"class_list":["post-49567","post","type-post","status-publish","format-standard","has-post-thumbnail","hentry","category-cultura","tag-cultura","tag-feria-del-libro","tag-sade","generate-columns","tablet-grid-50","mobile-grid-100","grid-parent","grid-50"],"jetpack_publicize_connections":[],"jetpack_featured_media_url":"https:\/\/www.hoymercedes.com.ar\/principal\/wp-content\/uploads\/2016\/05\/06-SADE-libros.jpg","wps_subtitle":"En la Feria del Libro","jetpack_sharing_enabled":true,"_links":{"self":[{"href":"https:\/\/www.hoymercedes.com.ar\/principal\/wp-json\/wp\/v2\/posts\/49567","targetHints":{"allow":["GET"]}}],"collection":[{"href":"https:\/\/www.hoymercedes.com.ar\/principal\/wp-json\/wp\/v2\/posts"}],"about":[{"href":"https:\/\/www.hoymercedes.com.ar\/principal\/wp-json\/wp\/v2\/types\/post"}],"author":[{"embeddable":true,"href":"https:\/\/www.hoymercedes.com.ar\/principal\/wp-json\/wp\/v2\/users\/1"}],"replies":[{"embeddable":true,"href":"https:\/\/www.hoymercedes.com.ar\/principal\/wp-json\/wp\/v2\/comments?post=49567"}],"version-history":[{"count":0,"href":"https:\/\/www.hoymercedes.com.ar\/principal\/wp-json\/wp\/v2\/posts\/49567\/revisions"}],"wp:featuredmedia":[{"embeddable":true,"href":"https:\/\/www.hoymercedes.com.ar\/principal\/wp-json\/wp\/v2\/media\/49569"}],"wp:attachment":[{"href":"https:\/\/www.hoymercedes.com.ar\/principal\/wp-json\/wp\/v2\/media?parent=49567"}],"wp:term":[{"taxonomy":"category","embeddable":true,"href":"https:\/\/www.hoymercedes.com.ar\/principal\/wp-json\/wp\/v2\/categories?post=49567"},{"taxonomy":"post_tag","embeddable":true,"href":"https:\/\/www.hoymercedes.com.ar\/principal\/wp-json\/wp\/v2\/tags?post=49567"}],"curies":[{"name":"wp","href":"https:\/\/api.w.org\/{rel}","templated":true}]}}