{"id":4958,"date":"2011-06-13T13:54:38","date_gmt":"2011-06-13T13:54:38","guid":{"rendered":"http:\/\/www.hoymercedes.com.ar\/principal\/?p=4958"},"modified":"2011-06-13T13:54:38","modified_gmt":"2011-06-13T13:54:38","slug":"medios-nacionales-aseveran-de-mendiguren-apoya-a-ustarroz","status":"publish","type":"post","link":"https:\/\/www.hoymercedes.com.ar\/principal\/2011\/06\/13\/medios-nacionales-aseveran-de-mendiguren-apoya-a-ustarroz\/","title":{"rendered":"Medios nacionales aseveran de Mendiguren apoya a Ustarr\u00f3z"},"content":{"rendered":"<p>Nuevamente la prensa nacional se hace eco de algo sucedido en nuestra ciudad. Lo importante es que no se trata como en ocasiones pasadas por hechos violentos sino que se debe directamente a las acciones pol\u00edticas locales.<\/p>\n<p>En esta ocasi\u00f3n el reconocido medio pol\u00edtico La Pol\u00edtica online le dedica una nota a la visita del presidente de la Uni\u00f3n Industrial De Mendiguren qui\u00e9n fue convocado por el Frente Mercedino para la Victoria. El n\u00facleo del art\u00edculo es que de Mendiguren, al participar, se hizo eco de la interna entre La C\u00e1mpora y otras fueras dentro del Kirchnerismo. Real o no, lo interesante es c\u00f3mo los medios nacionales miran nuestra ciudad.<\/p>\n<p>A continuaci\u00f3n la noticia completa:<\/p>\n<p><em><strong>El presidente de la UIA se meti\u00f3 en la interna entre La Campora y Moreno<\/strong><\/em><\/p>\n<p><em>Jos\u00e9 Ignacio de Mendiguren particip\u00f3 de un acto en la ciudad bonaerense de Mercedes, organizado por Juan Ignacio Ustarroz, dirigente de La C\u00e1mpora y candidato a intendente de esa localidad. El gesto de apoyo del presidente de la UIA ocurre poco despu\u00e9s de la pelea entre Wado de Pedro y Guillermo Moreno por el manejo de los millonarios subsidios de la ex ONCCA.<\/em><\/p>\n<p><em>En los \u00faltimos d\u00edas, el presidente de la Uni\u00f3n Industrial Argentina tuvo que desmentir desmentir su apoyo a la candidatura de Cristina Kirchner y Daniel Scioli, y asegur\u00f3 que se trat\u00f3 de una mala interpretaci\u00f3n de sus declaraciones. Pero De Mendiguren volvi\u00f3 a meterse en la escena pol\u00edtica del oficialismo al respaldar el jueves pasado la candidatura de Juan Ignacio Ustarroz, el dirigente de La C\u00e1mpora que pelear\u00e1 por la intendencia de Mercedes.<\/em><\/p>\n<p><em>\u00abLo veo con mucha fuerza y entusiasmo para encarar todo esto\u00bb, afirm\u00f3 Mendiguren en relaci\u00f3n al candidato impulsado por Wado de Pedro y actual funcionario de la Anses de Mercedes.<\/em><\/p>\n<p><em>De este modo, el titular de la Uni\u00f3n Industrial muestra qu\u00e9 lugar elige tras el cortocircuito entre La C\u00e1mpora y el secretario de Comerio Interio, Guillermo Montengro, por el manejo de los millonarios subsidios de la ex ONCCA.<\/em><\/p>\n<p><em>Es que Wado de Pedro, confiado, hab\u00eda comunicado a varios empresarios amigos que ahora ser\u00edan ellos los que administrar\u00edan esos fondos. Pero Cristina, a pesar de alentar el crecimiento de La C\u00e1mpora en contra de la voluntad de muchos aliados, hizo equilibrio y otorg\u00f3 el manejo de los m\u00e1s de 2 mil millones de pesos al pol\u00e9mco secretario.<\/em><\/p>\n<p><em>Mendiguren tambi\u00e9n elogi\u00f3 la pol\u00edtica econ\u00f3mica oficial. \u00abSomos optimistas sobre el futuro\u00bb, sostuvo. Y agreg\u00f3: \u00abHay que aprovechar este ciclo positivo que permite este per\u00edodo de atesoramiento, acumulaci\u00f3n, para dar un gran salto y transformar la matriz productiva\u00bb.<\/em><\/p>\n<p><em>Tambi\u00e9n critic\u00f3 al gobierno de la Alianza y lo diferenci\u00f3 de la gesti\u00f3n actual. \u00abRompimos todo, en lo pol\u00edtico, lo econ\u00f3mico, el sistema financiero. Tenemos que saber lo que pas\u00f3 para no repetirlo\u00bb, afirm\u00f3 Mendiguren.<\/em><\/p>\n<p>&nbsp;<\/p>\n","protected":false},"excerpt":{"rendered":"<p>Nuevamente la prensa nacional se hace eco de algo sucedido en nuestra ciudad. Lo importante es que no se trata &#8230; <a title=\"Medios nacionales aseveran de Mendiguren apoya a Ustarr\u00f3z\" class=\"read-more\" href=\"https:\/\/www.hoymercedes.com.ar\/principal\/2011\/06\/13\/medios-nacionales-aseveran-de-mendiguren-apoya-a-ustarroz\/\" aria-label=\"Leer m\u00e1s sobre Medios nacionales aseveran de Mendiguren apoya a Ustarr\u00f3z\">Leer m\u00e1s<\/a><\/p>\n","protected":false},"author":1,"featured_media":0,"comment_status":"open","ping_status":"open","sticky":false,"template":"","format":"standard","meta":{"_monsterinsights_skip_tracking":false,"_monsterinsights_sitenote_active":false,"_monsterinsights_sitenote_note":"","_monsterinsights_sitenote_category":0,"jetpack_post_was_ever_published":false,"_jetpack_newsletter_access":"","_jetpack_dont_email_post_to_subs":false,"_jetpack_newsletter_tier_id":0,"_jetpack_memberships_contains_paywalled_content":false,"_jetpack_memberships_contains_paid_content":false,"footnotes":"","jetpack_publicize_message":"","jetpack_publicize_feature_enabled":true,"jetpack_social_post_already_shared":false,"jetpack_social_options":{"image_generator_settings":{"template":"highway","default_image_id":0,"font":"","enabled":false},"version":2},"_wpas_customize_per_network":false},"categories":[5],"tags":[884],"class_list":["post-4958","post","type-post","status-publish","format-standard","hentry","category-politica","tag-de-mendiguren","generate-columns","tablet-grid-50","mobile-grid-100","grid-parent","grid-50"],"jetpack_publicize_connections":[],"jetpack_featured_media_url":"","wps_subtitle":"","jetpack_sharing_enabled":true,"_links":{"self":[{"href":"https:\/\/www.hoymercedes.com.ar\/principal\/wp-json\/wp\/v2\/posts\/4958","targetHints":{"allow":["GET"]}}],"collection":[{"href":"https:\/\/www.hoymercedes.com.ar\/principal\/wp-json\/wp\/v2\/posts"}],"about":[{"href":"https:\/\/www.hoymercedes.com.ar\/principal\/wp-json\/wp\/v2\/types\/post"}],"author":[{"embeddable":true,"href":"https:\/\/www.hoymercedes.com.ar\/principal\/wp-json\/wp\/v2\/users\/1"}],"replies":[{"embeddable":true,"href":"https:\/\/www.hoymercedes.com.ar\/principal\/wp-json\/wp\/v2\/comments?post=4958"}],"version-history":[{"count":0,"href":"https:\/\/www.hoymercedes.com.ar\/principal\/wp-json\/wp\/v2\/posts\/4958\/revisions"}],"wp:attachment":[{"href":"https:\/\/www.hoymercedes.com.ar\/principal\/wp-json\/wp\/v2\/media?parent=4958"}],"wp:term":[{"taxonomy":"category","embeddable":true,"href":"https:\/\/www.hoymercedes.com.ar\/principal\/wp-json\/wp\/v2\/categories?post=4958"},{"taxonomy":"post_tag","embeddable":true,"href":"https:\/\/www.hoymercedes.com.ar\/principal\/wp-json\/wp\/v2\/tags?post=4958"}],"curies":[{"name":"wp","href":"https:\/\/api.w.org\/{rel}","templated":true}]}}