{"id":49645,"date":"2016-05-07T13:33:15","date_gmt":"2016-05-07T16:33:15","guid":{"rendered":"http:\/\/www.hoymercedes.com.ar\/principal\/?p=49645"},"modified":"2016-05-07T13:33:15","modified_gmt":"2016-05-07T16:33:15","slug":"visita-guiada-a-un-mundo-extrano","status":"publish","type":"post","link":"https:\/\/www.hoymercedes.com.ar\/principal\/2016\/05\/07\/visita-guiada-a-un-mundo-extrano\/","title":{"rendered":"Visita guiada a un Mundo Extra\u00f1o"},"content":{"rendered":"<p><img loading=\"lazy\" decoding=\"async\" data-attachment-id=\"49646\" data-permalink=\"https:\/\/www.hoymercedes.com.ar\/principal\/2016\/05\/07\/visita-guiada-a-un-mundo-extrano\/07-de-lorenzo\/#main\" data-orig-file=\"https:\/\/www.hoymercedes.com.ar\/principal\/wp-content\/uploads\/2016\/05\/07-de-Lorenzo.jpg\" data-orig-size=\"448,298\" data-comments-opened=\"1\" data-image-meta=\"{&quot;aperture&quot;:&quot;0&quot;,&quot;credit&quot;:&quot;&quot;,&quot;camera&quot;:&quot;&quot;,&quot;caption&quot;:&quot;&quot;,&quot;created_timestamp&quot;:&quot;0&quot;,&quot;copyright&quot;:&quot;&quot;,&quot;focal_length&quot;:&quot;0&quot;,&quot;iso&quot;:&quot;0&quot;,&quot;shutter_speed&quot;:&quot;0&quot;,&quot;title&quot;:&quot;&quot;,&quot;orientation&quot;:&quot;0&quot;}\" data-image-title=\"07 de Lorenzo\" data-image-description=\"\" data-image-caption=\"\" data-large-file=\"https:\/\/www.hoymercedes.com.ar\/principal\/wp-content\/uploads\/2016\/05\/07-de-Lorenzo.jpg\" class=\"aligncenter size-full wp-image-49646\" src=\"https:\/\/www.hoymercedes.com.ar\/principal\/wp-content\/uploads\/2016\/05\/07-de-Lorenzo.jpg\" alt=\"07 de Lorenzo\" width=\"448\" height=\"298\" srcset=\"https:\/\/www.hoymercedes.com.ar\/principal\/wp-content\/uploads\/2016\/05\/07-de-Lorenzo.jpg 448w, https:\/\/www.hoymercedes.com.ar\/principal\/wp-content\/uploads\/2016\/05\/07-de-Lorenzo-150x100.jpg 150w, https:\/\/www.hoymercedes.com.ar\/principal\/wp-content\/uploads\/2016\/05\/07-de-Lorenzo-300x200.jpg 300w\" sizes=\"auto, (max-width: 448px) 100vw, 448px\" \/>El pasado viernes 29 de abril inaugur\u00f3 la muestra del artista pl\u00e1stico bonaerense Jorge De Lorenzo, una serie titulada \u00abMundo Extra\u00f1o (Visiones Personales)\u00bb, compuesta de obras imponentes, de gran tama\u00f1o, vibraciones lum\u00ednicas, una metaf\u00edsica org\u00e1nica que respira dentro de una dimensi\u00f3n escondida en las ra\u00edces imaginarias de la cultura Tup\u00ed Guaran\u00ed.<\/p>\n<p>\u00abTratar de lograr la comunicaci\u00f3n con el espectador, mediante un mensaje que podr\u00eda ser definido como ancestral, subjetivo, inexplicable, esa es mi intenci\u00f3n\u00bb, comenta De Lorenzo.<\/p>\n<p>El s\u00e1bado 07, a las 16 horas, el artista estar\u00e1 visitando nuevamente el Museo de Arte con la intenci\u00f3n de brindar una visita guiada para el p\u00fablico presente, junto a muchos artistas locales que se acercar\u00e1n a charlar con De Lorenzo.<\/p>\n<p>Jorge de Lorenzo cuenta con una gran trayectoria, con premios y menciones desde sus primeras exposiciones individuales a fines de los a\u00f1os &#8217;60, entre ellas: Primer Premio &#8211; Sal\u00f3n Anual de Bocetos Escult\u00f3ricos de la Ciudad de Buenos Aires (1967), Primera Menci\u00f3n &#8211; Sal\u00f3n Nacional de Artes Pl\u00e1sticas- escultura (1975), Seleccionado por Academia Nacional de Bellas Artes Premio Fundaci\u00f3n Shaw &#8211; escultura (1981), Primer Premio Sal\u00f3n Puertas Abiertas en el Abasto,Galer\u00eda GD,de Buenos Aires, Gran Premio de Honor, III Sal\u00f3n Nacional Ra\u00fal Soldi (Galer\u00eda de las Naciones), Primer Premio Sal\u00f3n Nacional de Arte Contempor\u00e1neo-Galer\u00eda Nucleo de Arte, Menci\u00f3n Especial del jurado, Sal\u00f3n de Oto\u00f1o de la SAAP, Buenos Aires, Tercer premio Sal\u00f3n F\u00e9lix Amador, de Vicente L\u00f3pez, Primer premio Sal\u00f3n XXX GBH, Abriendo Caminos en el Arte, Primer premio Sal\u00f3n Primavera de la Municipalidad de San Fernando (2002), Premio THE ART GALLERY de pintura ( CC Recoleta 2009), Feria HOUSTON FINE ART FAIR (EEUU 2013).<\/p>\n","protected":false},"excerpt":{"rendered":"<p>El pasado viernes 29 de abril inaugur\u00f3 la muestra del artista pl\u00e1stico bonaerense Jorge De Lorenzo, una serie titulada \u00abMundo &#8230; <a title=\"Visita guiada a un Mundo Extra\u00f1o\" class=\"read-more\" href=\"https:\/\/www.hoymercedes.com.ar\/principal\/2016\/05\/07\/visita-guiada-a-un-mundo-extrano\/\" aria-label=\"Leer m\u00e1s sobre Visita guiada a un Mundo Extra\u00f1o\">Leer m\u00e1s<\/a><\/p>\n","protected":false},"author":1,"featured_media":49646,"comment_status":"open","ping_status":"open","sticky":false,"template":"","format":"standard","meta":{"_monsterinsights_skip_tracking":false,"_monsterinsights_sitenote_active":false,"_monsterinsights_sitenote_note":"","_monsterinsights_sitenote_category":0,"jetpack_post_was_ever_published":false,"_jetpack_newsletter_access":"","_jetpack_dont_email_post_to_subs":false,"_jetpack_newsletter_tier_id":0,"_jetpack_memberships_contains_paywalled_content":false,"_jetpack_memberships_contains_paid_content":false,"footnotes":"","jetpack_publicize_message":"","jetpack_publicize_feature_enabled":true,"jetpack_social_post_already_shared":true,"jetpack_social_options":{"image_generator_settings":{"template":"highway","default_image_id":0,"font":"","enabled":false},"version":2},"_wpas_customize_per_network":false},"categories":[104],"tags":[1734,7805,9077,8674],"class_list":["post-49645","post","type-post","status-publish","format-standard","has-post-thumbnail","hentry","category-cultura","tag-ciudad-2","tag-cultura","tag-de-lorenzo","tag-mamm","generate-columns","tablet-grid-50","mobile-grid-100","grid-parent","grid-50"],"jetpack_publicize_connections":[],"jetpack_featured_media_url":"https:\/\/www.hoymercedes.com.ar\/principal\/wp-content\/uploads\/2016\/05\/07-de-Lorenzo.jpg","wps_subtitle":"Este s\u00e1bado 7, 16 horas","jetpack_sharing_enabled":true,"_links":{"self":[{"href":"https:\/\/www.hoymercedes.com.ar\/principal\/wp-json\/wp\/v2\/posts\/49645","targetHints":{"allow":["GET"]}}],"collection":[{"href":"https:\/\/www.hoymercedes.com.ar\/principal\/wp-json\/wp\/v2\/posts"}],"about":[{"href":"https:\/\/www.hoymercedes.com.ar\/principal\/wp-json\/wp\/v2\/types\/post"}],"author":[{"embeddable":true,"href":"https:\/\/www.hoymercedes.com.ar\/principal\/wp-json\/wp\/v2\/users\/1"}],"replies":[{"embeddable":true,"href":"https:\/\/www.hoymercedes.com.ar\/principal\/wp-json\/wp\/v2\/comments?post=49645"}],"version-history":[{"count":0,"href":"https:\/\/www.hoymercedes.com.ar\/principal\/wp-json\/wp\/v2\/posts\/49645\/revisions"}],"wp:featuredmedia":[{"embeddable":true,"href":"https:\/\/www.hoymercedes.com.ar\/principal\/wp-json\/wp\/v2\/media\/49646"}],"wp:attachment":[{"href":"https:\/\/www.hoymercedes.com.ar\/principal\/wp-json\/wp\/v2\/media?parent=49645"}],"wp:term":[{"taxonomy":"category","embeddable":true,"href":"https:\/\/www.hoymercedes.com.ar\/principal\/wp-json\/wp\/v2\/categories?post=49645"},{"taxonomy":"post_tag","embeddable":true,"href":"https:\/\/www.hoymercedes.com.ar\/principal\/wp-json\/wp\/v2\/tags?post=49645"}],"curies":[{"name":"wp","href":"https:\/\/api.w.org\/{rel}","templated":true}]}}