{"id":49648,"date":"2016-05-07T23:02:48","date_gmt":"2016-05-08T02:02:48","guid":{"rendered":"http:\/\/www.hoymercedes.com.ar\/principal\/?p=49648"},"modified":"2016-05-07T23:02:48","modified_gmt":"2016-05-08T02:02:48","slug":"policia-federal-mercedes-participo-de-allanamiento-por-drogas-en-lujan","status":"publish","type":"post","link":"https:\/\/www.hoymercedes.com.ar\/principal\/2016\/05\/07\/policia-federal-mercedes-participo-de-allanamiento-por-drogas-en-lujan\/","title":{"rendered":"Polic\u00eda Federal Mercedes participo de allanamiento por drogas en Luj\u00e1n"},"content":{"rendered":"<figure id=\"attachment_49649\" aria-describedby=\"caption-attachment-49649\" style=\"width: 610px\" class=\"wp-caption aligncenter\"><img loading=\"lazy\" decoding=\"async\" data-attachment-id=\"49649\" data-permalink=\"https:\/\/www.hoymercedes.com.ar\/principal\/2016\/05\/07\/policia-federal-mercedes-participo-de-allanamiento-por-drogas-en-lujan\/policia-federal-mercedes-procedimineto\/#main\" data-orig-file=\"https:\/\/www.hoymercedes.com.ar\/principal\/wp-content\/uploads\/2016\/05\/policia-federal-mercedes-procedimineto.jpg\" data-orig-size=\"620,465\" data-comments-opened=\"1\" data-image-meta=\"{&quot;aperture&quot;:&quot;0&quot;,&quot;credit&quot;:&quot;&quot;,&quot;camera&quot;:&quot;&quot;,&quot;caption&quot;:&quot;&quot;,&quot;created_timestamp&quot;:&quot;0&quot;,&quot;copyright&quot;:&quot;&quot;,&quot;focal_length&quot;:&quot;0&quot;,&quot;iso&quot;:&quot;0&quot;,&quot;shutter_speed&quot;:&quot;0&quot;,&quot;title&quot;:&quot;&quot;,&quot;orientation&quot;:&quot;0&quot;}\" data-image-title=\"policia-federal-mercedes-procedimineto\" data-image-description=\"\" data-image-caption=\"&lt;p&gt;Elementos incautados&lt;\/p&gt;\n\" data-large-file=\"https:\/\/www.hoymercedes.com.ar\/principal\/wp-content\/uploads\/2016\/05\/policia-federal-mercedes-procedimineto.jpg\" class=\"size-full wp-image-49649\" src=\"https:\/\/www.hoymercedes.com.ar\/principal\/wp-content\/uploads\/2016\/05\/policia-federal-mercedes-procedimineto.jpg\" alt=\"Elementos incautados\" width=\"620\" height=\"465\" srcset=\"https:\/\/www.hoymercedes.com.ar\/principal\/wp-content\/uploads\/2016\/05\/policia-federal-mercedes-procedimineto.jpg 620w, https:\/\/www.hoymercedes.com.ar\/principal\/wp-content\/uploads\/2016\/05\/policia-federal-mercedes-procedimineto-150x113.jpg 150w\" sizes=\"auto, (max-width: 620px) 100vw, 620px\" \/><figcaption id=\"caption-attachment-49649\" class=\"wp-caption-text\">Elementos incautados<\/figcaption><\/figure>\n<p><em><strong>En la vecina localidad de Luj\u00e1n se produjo la detenci\u00f3n de un joven apodado \u201cMaxi\u201d a instancias de una investigaci\u00f3n que termin\u00f3 con un operativo a manos de la Polic\u00eda Federal de Mercedes y la Comisar\u00eda Luj\u00e1n Primera<\/strong><\/em>.<\/p>\n<p>Se trata de un joven de 22 a\u00f1os que qued\u00f3 a disposici\u00f3n de la justicia.<\/p>\n<p>El procedimiento fue\u00a0 en la calle Zapiola al 600 tras una investigaci\u00f3n que lleg\u00f3 casi tres meses. Fue el accionar policial alrededor de las 10.30hs de \u00e9ste s\u00e1bado.<\/p>\n<p>\u201cMaxi\u201d llev\u00f3 adelante un intento de resistencia a la autoridad cuando se vio en la vivienda que alquilaba con la polic\u00eda realizando el operativo y la revisi\u00f3n del domicilio que habitaba con su pareja y la hija de la mencionada.<\/p>\n<p>La imputaci\u00f3n que se le realiz\u00f3 fue: \u201ccomercializaci\u00f3n de estupefacientes\u201d por la Fiscal\u00eda Tem\u00e1tica de Estupefacientes que se encuentra a cargo del Dr. Perrota.<\/p>\n<p>Tal situaci\u00f3n se vio agravada por el hecho de contar, el detenido, con antecedentes delictivos.<\/p>\n<figure id=\"attachment_49650\" aria-describedby=\"caption-attachment-49650\" style=\"width: 610px\" class=\"wp-caption aligncenter\"><img loading=\"lazy\" decoding=\"async\" data-attachment-id=\"49650\" data-permalink=\"https:\/\/www.hoymercedes.com.ar\/principal\/2016\/05\/07\/policia-federal-mercedes-participo-de-allanamiento-por-drogas-en-lujan\/policia-federal-mercedes-procedimineto-2\/#main\" data-orig-file=\"https:\/\/www.hoymercedes.com.ar\/principal\/wp-content\/uploads\/2016\/05\/policia-federal-mercedes-procedimineto-2.jpg\" data-orig-size=\"620,349\" data-comments-opened=\"1\" data-image-meta=\"{&quot;aperture&quot;:&quot;0&quot;,&quot;credit&quot;:&quot;&quot;,&quot;camera&quot;:&quot;&quot;,&quot;caption&quot;:&quot;&quot;,&quot;created_timestamp&quot;:&quot;0&quot;,&quot;copyright&quot;:&quot;&quot;,&quot;focal_length&quot;:&quot;0&quot;,&quot;iso&quot;:&quot;0&quot;,&quot;shutter_speed&quot;:&quot;0&quot;,&quot;title&quot;:&quot;&quot;,&quot;orientation&quot;:&quot;0&quot;}\" data-image-title=\"policia-federal-mercedes-procedimineto-2\" data-image-description=\"\" data-image-caption=\"&lt;p&gt;Participaci\u00f3n de la Polic\u00eda Federal de Mercedes &lt;\/p&gt;\n\" data-large-file=\"https:\/\/www.hoymercedes.com.ar\/principal\/wp-content\/uploads\/2016\/05\/policia-federal-mercedes-procedimineto-2.jpg\" class=\"size-full wp-image-49650\" src=\"https:\/\/www.hoymercedes.com.ar\/principal\/wp-content\/uploads\/2016\/05\/policia-federal-mercedes-procedimineto-2.jpg\" alt=\"Participaci\u00f3n de la Polic\u00eda Federal de Mercedes \" width=\"620\" height=\"349\" srcset=\"https:\/\/www.hoymercedes.com.ar\/principal\/wp-content\/uploads\/2016\/05\/policia-federal-mercedes-procedimineto-2.jpg 620w, https:\/\/www.hoymercedes.com.ar\/principal\/wp-content\/uploads\/2016\/05\/policia-federal-mercedes-procedimineto-2-150x84.jpg 150w\" sizes=\"auto, (max-width: 620px) 100vw, 620px\" \/><figcaption id=\"caption-attachment-49650\" class=\"wp-caption-text\">Participaci\u00f3n de la Polic\u00eda Federal de Mercedes<\/figcaption><\/figure>\n<p>La polic\u00eda encontr\u00f3 gran cantidad de envoltorios con clorhidrato de coca\u00edna y marihuana as\u00ed como elementos para fraccionar y rebajar drogas. Adem\u00e1s hallaron armas de fuego con la numeraci\u00f3n borrada.<\/p>\n<p>Desde la vecina localidad de Luj\u00e1n afirman que \u201cMaxi\u201d comercializaba estupefaciente en la plaza del barrio Juan XXIII acusando que buscaba su clientela entre j\u00f3venes escolares.<\/p>\n<p>La Polic\u00eda Federal de Mercedes fue uno de los elementos de la investigaci\u00f3n y del procedimiento contando en su haber con informaci\u00f3n y un gabinete crominologico.<\/p>\n<p>Tras la detenci\u00f3n fue trasladado a la comisar\u00eda hasta tanto se determine el lugar de detenci\u00f3n.<\/p>\n<p>El informe de la Polic\u00eda Federal Mercedes, adem\u00e1s, especific\u00f3:<\/p>\n<p>\u201cEn ese contexto, se incautaron dos (2) panes de Marihuana prensado, envoltorios de la misma sustancia, eh importante cantidad de Clorhidrato de Coca\u00edna como as\u00ed tambi\u00e9n envoltorios fraccionados para su comercializaci\u00f3n al menudeo, elementos destinados al fraccionamiento y Tres (3) armas de fuego. Destacando que las tareas investigativas por personal de la Delegaci\u00f3n Mercedes, se viene realizando desde hace tiempo atr\u00e1s.<\/p>\n<p>Asimismo, se logr\u00f3 la aprehensi\u00f3n de un individuo de 22 a\u00f1os de edad domiciliado en el lugar, quien se halla a disposici\u00f3n del Juzgado de Garant\u00edas nro. 2 del Depto. Judicial de Mercedes con intervenci\u00f3n de la UFI Especializada en Estupefacientes a\/c del Dr. COURTADE, por ante la Sec.\u201d<\/p>\n","protected":false},"excerpt":{"rendered":"<p>En la vecina localidad de Luj\u00e1n se produjo la detenci\u00f3n de un joven apodado \u201cMaxi\u201d a instancias de una investigaci\u00f3n &#8230; <a title=\"Polic\u00eda Federal Mercedes participo de allanamiento por drogas en Luj\u00e1n\" class=\"read-more\" href=\"https:\/\/www.hoymercedes.com.ar\/principal\/2016\/05\/07\/policia-federal-mercedes-participo-de-allanamiento-por-drogas-en-lujan\/\" aria-label=\"Leer m\u00e1s sobre Polic\u00eda Federal Mercedes participo de allanamiento por drogas en Luj\u00e1n\">Leer m\u00e1s<\/a><\/p>\n","protected":false},"author":1,"featured_media":49649,"comment_status":"open","ping_status":"open","sticky":false,"template":"","format":"standard","meta":{"_monsterinsights_skip_tracking":false,"_monsterinsights_sitenote_active":false,"_monsterinsights_sitenote_note":"","_monsterinsights_sitenote_category":0,"jetpack_post_was_ever_published":false,"_jetpack_newsletter_access":"","_jetpack_dont_email_post_to_subs":false,"_jetpack_newsletter_tier_id":0,"_jetpack_memberships_contains_paywalled_content":false,"_jetpack_memberships_contains_paid_content":false,"footnotes":"","jetpack_publicize_message":"","jetpack_publicize_feature_enabled":true,"jetpack_social_post_already_shared":true,"jetpack_social_options":{"image_generator_settings":{"template":"highway","default_image_id":0,"font":"","enabled":false},"version":2},"_wpas_customize_per_network":false},"categories":[85],"tags":[2925,9176],"class_list":["post-49648","post","type-post","status-publish","format-standard","has-post-thumbnail","hentry","category-policial","tag-policia-federal-mercedes","tag-procedimiento-anti-drogas","generate-columns","tablet-grid-50","mobile-grid-100","grid-parent","grid-50"],"jetpack_publicize_connections":[],"jetpack_featured_media_url":"https:\/\/www.hoymercedes.com.ar\/principal\/wp-content\/uploads\/2016\/05\/policia-federal-mercedes-procedimineto.jpg","wps_subtitle":"Joven de 22 a\u00f1os detenido","jetpack_sharing_enabled":true,"_links":{"self":[{"href":"https:\/\/www.hoymercedes.com.ar\/principal\/wp-json\/wp\/v2\/posts\/49648","targetHints":{"allow":["GET"]}}],"collection":[{"href":"https:\/\/www.hoymercedes.com.ar\/principal\/wp-json\/wp\/v2\/posts"}],"about":[{"href":"https:\/\/www.hoymercedes.com.ar\/principal\/wp-json\/wp\/v2\/types\/post"}],"author":[{"embeddable":true,"href":"https:\/\/www.hoymercedes.com.ar\/principal\/wp-json\/wp\/v2\/users\/1"}],"replies":[{"embeddable":true,"href":"https:\/\/www.hoymercedes.com.ar\/principal\/wp-json\/wp\/v2\/comments?post=49648"}],"version-history":[{"count":0,"href":"https:\/\/www.hoymercedes.com.ar\/principal\/wp-json\/wp\/v2\/posts\/49648\/revisions"}],"wp:featuredmedia":[{"embeddable":true,"href":"https:\/\/www.hoymercedes.com.ar\/principal\/wp-json\/wp\/v2\/media\/49649"}],"wp:attachment":[{"href":"https:\/\/www.hoymercedes.com.ar\/principal\/wp-json\/wp\/v2\/media?parent=49648"}],"wp:term":[{"taxonomy":"category","embeddable":true,"href":"https:\/\/www.hoymercedes.com.ar\/principal\/wp-json\/wp\/v2\/categories?post=49648"},{"taxonomy":"post_tag","embeddable":true,"href":"https:\/\/www.hoymercedes.com.ar\/principal\/wp-json\/wp\/v2\/tags?post=49648"}],"curies":[{"name":"wp","href":"https:\/\/api.w.org\/{rel}","templated":true}]}}