{"id":49698,"date":"2016-05-09T13:56:25","date_gmt":"2016-05-09T16:56:25","guid":{"rendered":"http:\/\/www.hoymercedes.com.ar\/principal\/?p=49698"},"modified":"2016-05-09T13:56:26","modified_gmt":"2016-05-09T16:56:26","slug":"judiciales-marcharon-por-las-calles-centricas","status":"publish","type":"post","link":"https:\/\/www.hoymercedes.com.ar\/principal\/2016\/05\/09\/judiciales-marcharon-por-las-calles-centricas\/","title":{"rendered":"Judiciales marcharon por las calles c\u00e9ntricas"},"content":{"rendered":"<p><img loading=\"lazy\" decoding=\"async\" data-attachment-id=\"49701\" data-permalink=\"https:\/\/www.hoymercedes.com.ar\/principal\/2016\/05\/09\/judiciales-marcharon-por-las-calles-centricas\/09-judiciales-3\/#main\" data-orig-file=\"https:\/\/www.hoymercedes.com.ar\/principal\/wp-content\/uploads\/2016\/05\/09-judiciales-3.jpg\" data-orig-size=\"448,336\" data-comments-opened=\"1\" data-image-meta=\"{&quot;aperture&quot;:&quot;0&quot;,&quot;credit&quot;:&quot;&quot;,&quot;camera&quot;:&quot;&quot;,&quot;caption&quot;:&quot;&quot;,&quot;created_timestamp&quot;:&quot;0&quot;,&quot;copyright&quot;:&quot;&quot;,&quot;focal_length&quot;:&quot;0&quot;,&quot;iso&quot;:&quot;0&quot;,&quot;shutter_speed&quot;:&quot;0&quot;,&quot;title&quot;:&quot;&quot;,&quot;orientation&quot;:&quot;0&quot;}\" data-image-title=\"09 judiciales 3\" data-image-description=\"\" data-image-caption=\"\" data-large-file=\"https:\/\/www.hoymercedes.com.ar\/principal\/wp-content\/uploads\/2016\/05\/09-judiciales-3.jpg\" class=\"aligncenter size-full wp-image-49701\" src=\"https:\/\/www.hoymercedes.com.ar\/principal\/wp-content\/uploads\/2016\/05\/09-judiciales-3.jpg\" alt=\"09 judiciales 3\" width=\"448\" height=\"336\" srcset=\"https:\/\/www.hoymercedes.com.ar\/principal\/wp-content\/uploads\/2016\/05\/09-judiciales-3.jpg 448w, https:\/\/www.hoymercedes.com.ar\/principal\/wp-content\/uploads\/2016\/05\/09-judiciales-3-150x113.jpg 150w\" sizes=\"auto, (max-width: 448px) 100vw, 448px\" \/>En la ma\u00f1ana de este lunes, representantes de la Asociaci\u00f3n Judicial Bonaerense de Mercedes marcharon por las calles c\u00e9ntricas hasta llegar a la Delegaci\u00f3n Local del Ministerio de Trabajo de la provincia de Buenos Aires. La marcha comenz\u00f3 en la sede central de los Tribunales en donde anticiparon que este martes comenzar\u00e1n otras 72 horas de paro de actividades.<\/p>\n<p>En el marco del conflicto que nuclea a los trabajadores de la Justicia de la provincia de Buenos Aires en reclamo de una recomposici\u00f3n salarial y otras demandas, la Asociaci\u00f3n Judicial bonaerense anunci\u00f3 un nuevo paro de actividades de 72 horas para los d\u00edas martes, mi\u00e9rcoles y jueves de esta semana.<\/p>\n<p>El segundo d\u00eda de paro se movilizar\u00e1n a la ciudad de La Plata con distintos gremios estatales entre los que se destaca la Asociaci\u00f3n Sindical de Profesionales de la Salud de la Provincia de Buenos Aires (CICOP), el Sindicato Unificado de Trabajadores de la Educaci\u00f3n de Buenos Aires (SUTEBA), entre otros. A su vez, el jueves seg\u00fan anticiparon realizar\u00e1n un Congreso Extraordinario para debatir la estrategia a desarrollar en lo que queda del conflicto.<\/p>\n<p>Por otro lado, informaron que tanto este lunes y el viernes las Departamentales que as\u00ed lo hayan resuelto realizar\u00e1n actividades locales como asambleas con retiro, recorridas, volanteadas, permanencia en edificios, entre otras medidas. Ello con el fin de continuar instalando el conflicto y expresando la bronca de los trabajadores judiciales.<\/p>\n<p>Los judiciales iniciaron sus reclamos hace varios meses. Tienen como punto central el reclamo de los trabajadores de una recomposici\u00f3n del sueldo en un 45 por ciento junto con la conversi\u00f3n del cargo de auxiliar tercero en auxiliar primero, el pago de bloqueo de t\u00edtulos a los peritos, la incorporaci\u00f3n del cargo de jefe de despacho para todas las dependencias, la sanci\u00f3n de la ley de licencia por motivos de g\u00e9nero y la devoluci\u00f3n de antig\u00fcedad del 3%.<\/p>\n<p><img loading=\"lazy\" decoding=\"async\" data-attachment-id=\"49699\" data-permalink=\"https:\/\/www.hoymercedes.com.ar\/principal\/2016\/05\/09\/judiciales-marcharon-por-las-calles-centricas\/09-judiciales-1\/#main\" data-orig-file=\"https:\/\/www.hoymercedes.com.ar\/principal\/wp-content\/uploads\/2016\/05\/09-judiciales-1.jpg\" data-orig-size=\"336,448\" data-comments-opened=\"1\" data-image-meta=\"{&quot;aperture&quot;:&quot;0&quot;,&quot;credit&quot;:&quot;&quot;,&quot;camera&quot;:&quot;&quot;,&quot;caption&quot;:&quot;&quot;,&quot;created_timestamp&quot;:&quot;0&quot;,&quot;copyright&quot;:&quot;&quot;,&quot;focal_length&quot;:&quot;0&quot;,&quot;iso&quot;:&quot;0&quot;,&quot;shutter_speed&quot;:&quot;0&quot;,&quot;title&quot;:&quot;&quot;,&quot;orientation&quot;:&quot;0&quot;}\" data-image-title=\"09 judiciales 1\" data-image-description=\"\" data-image-caption=\"\" data-large-file=\"https:\/\/www.hoymercedes.com.ar\/principal\/wp-content\/uploads\/2016\/05\/09-judiciales-1.jpg\" class=\"aligncenter size-full wp-image-49699\" src=\"https:\/\/www.hoymercedes.com.ar\/principal\/wp-content\/uploads\/2016\/05\/09-judiciales-1.jpg\" alt=\"09 judiciales 1\" width=\"336\" height=\"448\" srcset=\"https:\/\/www.hoymercedes.com.ar\/principal\/wp-content\/uploads\/2016\/05\/09-judiciales-1.jpg 336w, https:\/\/www.hoymercedes.com.ar\/principal\/wp-content\/uploads\/2016\/05\/09-judiciales-1-113x150.jpg 113w\" sizes=\"auto, (max-width: 336px) 100vw, 336px\" \/><\/p>\n","protected":false},"excerpt":{"rendered":"<p>En la ma\u00f1ana de este lunes, representantes de la Asociaci\u00f3n Judicial Bonaerense de Mercedes marcharon por las calles c\u00e9ntricas hasta &#8230; <a title=\"Judiciales marcharon por las calles c\u00e9ntricas\" class=\"read-more\" href=\"https:\/\/www.hoymercedes.com.ar\/principal\/2016\/05\/09\/judiciales-marcharon-por-las-calles-centricas\/\" aria-label=\"Leer m\u00e1s sobre Judiciales marcharon por las calles c\u00e9ntricas\">Leer m\u00e1s<\/a><\/p>\n","protected":false},"author":1,"featured_media":49700,"comment_status":"open","ping_status":"open","sticky":false,"template":"","format":"standard","meta":{"_monsterinsights_skip_tracking":false,"_monsterinsights_sitenote_active":false,"_monsterinsights_sitenote_note":"","_monsterinsights_sitenote_category":0,"jetpack_post_was_ever_published":false,"_jetpack_newsletter_access":"","_jetpack_dont_email_post_to_subs":false,"_jetpack_newsletter_tier_id":0,"_jetpack_memberships_contains_paywalled_content":false,"_jetpack_memberships_contains_paid_content":false,"footnotes":"","jetpack_publicize_message":"","jetpack_publicize_feature_enabled":true,"jetpack_social_post_already_shared":true,"jetpack_social_options":{"image_generator_settings":{"template":"highway","default_image_id":0,"font":"","enabled":false},"version":2},"_wpas_customize_per_network":false},"categories":[8],"tags":[95,523,9180,9181,1443],"class_list":["post-49698","post","type-post","status-publish","format-standard","has-post-thumbnail","hentry","category-sociedad","tag-ajb","tag-judiciales","tag-marcha","tag-paro-de-actividades","tag-sindicatos","generate-columns","tablet-grid-50","mobile-grid-100","grid-parent","grid-50"],"jetpack_publicize_connections":[],"jetpack_featured_media_url":"https:\/\/www.hoymercedes.com.ar\/principal\/wp-content\/uploads\/2016\/05\/09-judiciales-2.jpg","wps_subtitle":"Paran otras 72 horas esta semana","jetpack_sharing_enabled":true,"_links":{"self":[{"href":"https:\/\/www.hoymercedes.com.ar\/principal\/wp-json\/wp\/v2\/posts\/49698","targetHints":{"allow":["GET"]}}],"collection":[{"href":"https:\/\/www.hoymercedes.com.ar\/principal\/wp-json\/wp\/v2\/posts"}],"about":[{"href":"https:\/\/www.hoymercedes.com.ar\/principal\/wp-json\/wp\/v2\/types\/post"}],"author":[{"embeddable":true,"href":"https:\/\/www.hoymercedes.com.ar\/principal\/wp-json\/wp\/v2\/users\/1"}],"replies":[{"embeddable":true,"href":"https:\/\/www.hoymercedes.com.ar\/principal\/wp-json\/wp\/v2\/comments?post=49698"}],"version-history":[{"count":0,"href":"https:\/\/www.hoymercedes.com.ar\/principal\/wp-json\/wp\/v2\/posts\/49698\/revisions"}],"wp:featuredmedia":[{"embeddable":true,"href":"https:\/\/www.hoymercedes.com.ar\/principal\/wp-json\/wp\/v2\/media\/49700"}],"wp:attachment":[{"href":"https:\/\/www.hoymercedes.com.ar\/principal\/wp-json\/wp\/v2\/media?parent=49698"}],"wp:term":[{"taxonomy":"category","embeddable":true,"href":"https:\/\/www.hoymercedes.com.ar\/principal\/wp-json\/wp\/v2\/categories?post=49698"},{"taxonomy":"post_tag","embeddable":true,"href":"https:\/\/www.hoymercedes.com.ar\/principal\/wp-json\/wp\/v2\/tags?post=49698"}],"curies":[{"name":"wp","href":"https:\/\/api.w.org\/{rel}","templated":true}]}}