{"id":49729,"date":"2016-05-10T13:48:02","date_gmt":"2016-05-10T16:48:02","guid":{"rendered":"http:\/\/www.hoymercedes.com.ar\/principal\/?p=49729"},"modified":"2016-05-10T13:48:02","modified_gmt":"2016-05-10T16:48:02","slug":"caritas-argentina-anuncio-su-colecta-anual","status":"publish","type":"post","link":"https:\/\/www.hoymercedes.com.ar\/principal\/2016\/05\/10\/caritas-argentina-anuncio-su-colecta-anual\/","title":{"rendered":"C\u00e1ritas Argentina anunci\u00f3 su colecta anual"},"content":{"rendered":"<p>Bajo\u00a0el lema\u00a0\u00abSi das lo mejor de vos el mundo ser\u00e1 distinto\u00bb, C\u00e1ritas Argentina comenz\u00f3 la campa\u00f1a de su Colecta Anual en favor de los m\u00e1s necesitados, que se realizar\u00e1 el s\u00e1bado 11 y domingo 12 de junio. El lema de este a\u00f1o est\u00e1 inspirado en las palabras que el Papa Francisco dirigi\u00f3 a los j\u00f3venes cubanos en La Habana.<\/p>\n<p>Reflexionando sobre este pensamiento, Mons. Oscar Ojea, Presidente de C\u00e1ritas Argentina, destaca que \u00abllama la atenci\u00f3n que esta invitaci\u00f3n el Papa no se la hace a un grupo poderoso que puede dar vuelta la historia, sino a un grupo de j\u00f3venes de un pa\u00eds pobre. Podemos vivir las palabras de Francisco como unas caritativas palabras de aliento, para dar \u00e1nimo a unas personas que est\u00e1n pasando por una situaci\u00f3n dif\u00edcil o podemos mirar un poco m\u00e1s all\u00e1 y verlas desde una perspectiva m\u00e1s desafiante y prof\u00e9tica: son las posibilidades del Reino de Dios, que se construyen desde la pobreza y la fragilidad y producen resultados extraordinarios, impensados\u00bb.<\/p>\n<p>\u00abDesde esta perspectiva, concluye Mons. Ojea, las palabras del Papa son una posibilidad y un desaf\u00edo, no s\u00f3lo para los j\u00f3venes de Cuba, sino para nosotros que adoptamos este lema para la Colecta\u00bb.<\/p>\n<p>C\u00e1ritas sostiene y desarrolla durante todo el a\u00f1o, iniciativas relacionadas con micro-emprendimientos productivos y de autoconsumo, capacitaci\u00f3n laboral, planes de inclusi\u00f3n educativa, formaci\u00f3n en ciudadan\u00eda, centros comunitarios de atenci\u00f3n integral, jardines maternales, entre otros.<\/p>\n<p>Tambi\u00e9n asume tareas en prevenci\u00f3n y atenci\u00f3n de emergencias clim\u00e1ticas y trabajo con personas en situaci\u00f3n de calle, junto a otras acciones de tipo asistencial, conforme a necesidades y lugares espec\u00edficos.<\/p>\n<p>\u00bfC\u00f3mo colaborar con la Colecta Anual de C\u00e1ritas?<\/p>\n<p>&#8211; Acercando la contribuci\u00f3n a la parroquia m\u00e1s cercana del barrio o localidad<\/p>\n<p>&#8211; Telef\u00f3nicamente, llamando al 0810-222-74827<\/p>\n<p>&#8211; A trav\u00e9s de internet, ingresando a www.caritas.org.ar\/sumate<\/p>\n<p>&#8211; Con dep\u00f3sito en cheque o efectivo a nombre de C\u00e1ritas Argentina en la cuenta corriente del Banco Naci\u00f3n 38632\/92 (sucursal 0085 Plaza de Mayo) CBU 01105995-20000038632921 \u2013 CUIT: 30-51731290-4.<\/p>\n<p><img loading=\"lazy\" decoding=\"async\" data-attachment-id=\"49730\" data-permalink=\"https:\/\/www.hoymercedes.com.ar\/principal\/2016\/05\/10\/caritas-argentina-anuncio-su-colecta-anual\/10-carita-759x450\/#main\" data-orig-file=\"https:\/\/www.hoymercedes.com.ar\/principal\/wp-content\/uploads\/2016\/05\/10-carita-759x450.jpg\" data-orig-size=\"448,266\" data-comments-opened=\"1\" data-image-meta=\"{&quot;aperture&quot;:&quot;0&quot;,&quot;credit&quot;:&quot;&quot;,&quot;camera&quot;:&quot;&quot;,&quot;caption&quot;:&quot;&quot;,&quot;created_timestamp&quot;:&quot;0&quot;,&quot;copyright&quot;:&quot;&quot;,&quot;focal_length&quot;:&quot;0&quot;,&quot;iso&quot;:&quot;0&quot;,&quot;shutter_speed&quot;:&quot;0&quot;,&quot;title&quot;:&quot;&quot;,&quot;orientation&quot;:&quot;0&quot;}\" data-image-title=\"10 carita-759&amp;#215;450\" data-image-description=\"\" data-image-caption=\"\" data-large-file=\"https:\/\/www.hoymercedes.com.ar\/principal\/wp-content\/uploads\/2016\/05\/10-carita-759x450.jpg\" class=\"aligncenter size-full wp-image-49730\" src=\"https:\/\/www.hoymercedes.com.ar\/principal\/wp-content\/uploads\/2016\/05\/10-carita-759x450.jpg\" alt=\"10 carita-759x450\" width=\"448\" height=\"266\" srcset=\"https:\/\/www.hoymercedes.com.ar\/principal\/wp-content\/uploads\/2016\/05\/10-carita-759x450.jpg 448w, https:\/\/www.hoymercedes.com.ar\/principal\/wp-content\/uploads\/2016\/05\/10-carita-759x450-150x89.jpg 150w\" sizes=\"auto, (max-width: 448px) 100vw, 448px\" \/><\/p>\n<p>Fuente: C\u00e1ritas Catedral Mercedes<\/p>\n","protected":false},"excerpt":{"rendered":"<p>Bajo\u00a0el lema\u00a0\u00abSi das lo mejor de vos el mundo ser\u00e1 distinto\u00bb, C\u00e1ritas Argentina comenz\u00f3 la campa\u00f1a de su Colecta Anual &#8230; <a title=\"C\u00e1ritas Argentina anunci\u00f3 su colecta anual\" class=\"read-more\" href=\"https:\/\/www.hoymercedes.com.ar\/principal\/2016\/05\/10\/caritas-argentina-anuncio-su-colecta-anual\/\" aria-label=\"Leer m\u00e1s sobre C\u00e1ritas Argentina anunci\u00f3 su colecta anual\">Leer m\u00e1s<\/a><\/p>\n","protected":false},"author":1,"featured_media":49730,"comment_status":"open","ping_status":"open","sticky":false,"template":"","format":"standard","meta":{"_monsterinsights_skip_tracking":false,"_monsterinsights_sitenote_active":false,"_monsterinsights_sitenote_note":"","_monsterinsights_sitenote_category":0,"jetpack_post_was_ever_published":false,"_jetpack_newsletter_access":"","_jetpack_dont_email_post_to_subs":false,"_jetpack_newsletter_tier_id":0,"_jetpack_memberships_contains_paywalled_content":false,"_jetpack_memberships_contains_paid_content":false,"footnotes":"","jetpack_publicize_message":"","jetpack_publicize_feature_enabled":true,"jetpack_social_post_already_shared":true,"jetpack_social_options":{"image_generator_settings":{"template":"highway","default_image_id":0,"font":"","enabled":false},"version":2},"_wpas_customize_per_network":false},"categories":[5485],"tags":[9186,8729,9187],"class_list":["post-49729","post","type-post","status-publish","format-standard","has-post-thumbnail","hentry","category-comunidad","tag-caritas","tag-catedral","tag-colecta-anual","generate-columns","tablet-grid-50","mobile-grid-100","grid-parent","grid-50"],"jetpack_publicize_connections":[],"jetpack_featured_media_url":"https:\/\/www.hoymercedes.com.ar\/principal\/wp-content\/uploads\/2016\/05\/10-carita-759x450.jpg","wps_subtitle":"11 y 12 de junio","jetpack_sharing_enabled":true,"_links":{"self":[{"href":"https:\/\/www.hoymercedes.com.ar\/principal\/wp-json\/wp\/v2\/posts\/49729","targetHints":{"allow":["GET"]}}],"collection":[{"href":"https:\/\/www.hoymercedes.com.ar\/principal\/wp-json\/wp\/v2\/posts"}],"about":[{"href":"https:\/\/www.hoymercedes.com.ar\/principal\/wp-json\/wp\/v2\/types\/post"}],"author":[{"embeddable":true,"href":"https:\/\/www.hoymercedes.com.ar\/principal\/wp-json\/wp\/v2\/users\/1"}],"replies":[{"embeddable":true,"href":"https:\/\/www.hoymercedes.com.ar\/principal\/wp-json\/wp\/v2\/comments?post=49729"}],"version-history":[{"count":0,"href":"https:\/\/www.hoymercedes.com.ar\/principal\/wp-json\/wp\/v2\/posts\/49729\/revisions"}],"wp:featuredmedia":[{"embeddable":true,"href":"https:\/\/www.hoymercedes.com.ar\/principal\/wp-json\/wp\/v2\/media\/49730"}],"wp:attachment":[{"href":"https:\/\/www.hoymercedes.com.ar\/principal\/wp-json\/wp\/v2\/media?parent=49729"}],"wp:term":[{"taxonomy":"category","embeddable":true,"href":"https:\/\/www.hoymercedes.com.ar\/principal\/wp-json\/wp\/v2\/categories?post=49729"},{"taxonomy":"post_tag","embeddable":true,"href":"https:\/\/www.hoymercedes.com.ar\/principal\/wp-json\/wp\/v2\/tags?post=49729"}],"curies":[{"name":"wp","href":"https:\/\/api.w.org\/{rel}","templated":true}]}}