{"id":49764,"date":"2016-05-11T06:20:32","date_gmt":"2016-05-11T09:20:32","guid":{"rendered":"http:\/\/www.hoymercedes.com.ar\/principal\/?p=49764"},"modified":"2016-05-10T19:40:29","modified_gmt":"2016-05-10T22:40:29","slug":"acuerdo-entre-proeba-y-el-isfd-no-137","status":"publish","type":"post","link":"https:\/\/www.hoymercedes.com.ar\/principal\/2016\/05\/11\/acuerdo-entre-proeba-y-el-isfd-no-137\/","title":{"rendered":"Acuerdo entre PROEBA y el ISFD N\u00ba 137"},"content":{"rendered":"<p>Desde el Programa de Educaci\u00f3n Barrial (ProEBa) confirmaron el acuerdo con las autoridades del Instituto de Formaci\u00f3n Docente N\u00ba 137 (Escuela Normal) para que los estudiantes del primer a\u00f1o del Profesorado de Nivel Primaria colaboren con el proyecto.<\/p>\n<p>Mar\u00eda Florencia Comalini, la encargada del programa en Mercedes, confirm\u00f3 la\u00a0articulaci\u00f3n con el Profesorado de la Escuela\u00a0Normal para que los alumnos del Instituto brinden apoyo escolar y alfabetizaci\u00f3n a los alumnos asistente al ProEBa. Una forma de que los estudiantes para ser docentes de nivel primario comiencen con sus pr\u00e1cticas antes de lo previsto por el programa institucional.<\/p>\n<p>\u201cLos centros del ProEBa en Mercedes son quince, pero dentro de poco contaremos con dieciocho\u201d relat\u00f3\u00a0Comalini, y confirm\u00f3 que los estudiantes del nivel terciarios estar\u00e1n presentes en los centros de los barrios\u00a0Lopardo y Villa Asunci\u00f3n (ex &#8211; TEDO), as\u00ed como en las sedes del Mart\u00edn Rodr\u00edguez, Unzu\u00e9 y C.I.C.\u00a0\u00abEn pr\u00f3ximos d\u00edas estaremos informando sobre direcciones, d\u00edas y horarios\u201d, destac\u00f3 la responsable local del Programa.<\/p>\n<p>La institucionalizaci\u00f3n del ProEBa tuvo como finalidad el apoyo escolar, la alfabetizaci\u00f3n de adultos y la alfabetizaci\u00f3n complementaria a la escolar, avanz\u00f3 expandi\u00e9ndose a distintos puntos, cubriendo as\u00ed las necesidades de ni\u00f1os\/as de diferentes barriadas.\u00a0El programa viene funcionando como un voluntariado, y se ofrece de manera totalmente gratuita, brindando clases de apoyo pedag\u00f3gico en todas las materias de nivel primario y acompa\u00f1amiento en el proceso de alfabetizaci\u00f3n.<\/p>\n<p>&nbsp;<\/p>\n","protected":false},"excerpt":{"rendered":"<p>Desde el Programa de Educaci\u00f3n Barrial (ProEBa) confirmaron el acuerdo con las autoridades del Instituto de Formaci\u00f3n Docente N\u00ba 137 &#8230; <a title=\"Acuerdo entre PROEBA y el ISFD N\u00ba 137\" class=\"read-more\" href=\"https:\/\/www.hoymercedes.com.ar\/principal\/2016\/05\/11\/acuerdo-entre-proeba-y-el-isfd-no-137\/\" aria-label=\"Leer m\u00e1s sobre Acuerdo entre PROEBA y el ISFD N\u00ba 137\">Leer m\u00e1s<\/a><\/p>\n","protected":false},"author":1,"featured_media":49765,"comment_status":"open","ping_status":"open","sticky":false,"template":"","format":"standard","meta":{"_monsterinsights_skip_tracking":false,"_monsterinsights_sitenote_active":false,"_monsterinsights_sitenote_note":"","_monsterinsights_sitenote_category":0,"jetpack_post_was_ever_published":false,"_jetpack_newsletter_access":"","_jetpack_dont_email_post_to_subs":false,"_jetpack_newsletter_tier_id":0,"_jetpack_memberships_contains_paywalled_content":false,"_jetpack_memberships_contains_paid_content":false,"footnotes":"","jetpack_publicize_message":"","jetpack_publicize_feature_enabled":true,"jetpack_social_post_already_shared":true,"jetpack_social_options":{"image_generator_settings":{"template":"highway","default_image_id":0,"font":"","enabled":false},"version":2},"_wpas_customize_per_network":false},"categories":[30],"tags":[9196,2266,244,9195],"class_list":["post-49764","post","type-post","status-publish","format-standard","has-post-thumbnail","hentry","category-municipio","tag-educacion-isfd-no-137","tag-escuela-normal","tag-municipio-2","tag-proeba","generate-columns","tablet-grid-50","mobile-grid-100","grid-parent","grid-50"],"jetpack_publicize_connections":[],"jetpack_featured_media_url":"https:\/\/www.hoymercedes.com.ar\/principal\/wp-content\/uploads\/2016\/05\/10-proeba.jpg","wps_subtitle":"Estudiantes dar\u00e1n apoyo escolar","jetpack_sharing_enabled":true,"_links":{"self":[{"href":"https:\/\/www.hoymercedes.com.ar\/principal\/wp-json\/wp\/v2\/posts\/49764","targetHints":{"allow":["GET"]}}],"collection":[{"href":"https:\/\/www.hoymercedes.com.ar\/principal\/wp-json\/wp\/v2\/posts"}],"about":[{"href":"https:\/\/www.hoymercedes.com.ar\/principal\/wp-json\/wp\/v2\/types\/post"}],"author":[{"embeddable":true,"href":"https:\/\/www.hoymercedes.com.ar\/principal\/wp-json\/wp\/v2\/users\/1"}],"replies":[{"embeddable":true,"href":"https:\/\/www.hoymercedes.com.ar\/principal\/wp-json\/wp\/v2\/comments?post=49764"}],"version-history":[{"count":0,"href":"https:\/\/www.hoymercedes.com.ar\/principal\/wp-json\/wp\/v2\/posts\/49764\/revisions"}],"wp:featuredmedia":[{"embeddable":true,"href":"https:\/\/www.hoymercedes.com.ar\/principal\/wp-json\/wp\/v2\/media\/49765"}],"wp:attachment":[{"href":"https:\/\/www.hoymercedes.com.ar\/principal\/wp-json\/wp\/v2\/media?parent=49764"}],"wp:term":[{"taxonomy":"category","embeddable":true,"href":"https:\/\/www.hoymercedes.com.ar\/principal\/wp-json\/wp\/v2\/categories?post=49764"},{"taxonomy":"post_tag","embeddable":true,"href":"https:\/\/www.hoymercedes.com.ar\/principal\/wp-json\/wp\/v2\/tags?post=49764"}],"curies":[{"name":"wp","href":"https:\/\/api.w.org\/{rel}","templated":true}]}}