{"id":49791,"date":"2016-05-11T14:39:50","date_gmt":"2016-05-11T17:39:50","guid":{"rendered":"http:\/\/www.hoymercedes.com.ar\/principal\/?p=49791"},"modified":"2016-05-11T14:39:50","modified_gmt":"2016-05-11T17:39:50","slug":"la-verdad-sobre-los-alquileres","status":"publish","type":"post","link":"https:\/\/www.hoymercedes.com.ar\/principal\/2016\/05\/11\/la-verdad-sobre-los-alquileres\/","title":{"rendered":"La Verdad Sobre los Alquileres"},"content":{"rendered":"<p>&nbsp;<\/p>\n<p>Desde la Presidencia del Colegio de Martilleros del Departamento Judicial Mercedes, comunicaron su perspectiva sobre la informaci\u00f3n y debate en torno a los alquileres. Firmada por el titular del Colegio, el martillero Luis Colao, la informaci\u00f3n dice:<\/p>\n<p>\u00abNuevamente nos vemos compelidos a realizar aclaraciones respecto de la legislaci\u00f3n vigente en materia de Locaciones, habida cuenta de las err\u00f3neas interpretaciones realizadas en distintos medios period\u00edsticos por algunas denominadas \u201cAsociaciones de Inquilinos\u201d que confunden y llevan a situaciones de confrontaci\u00f3n entre Locadores, Locatarios y Profesionales.<\/p>\n<p>En orden a lo antedicho, este Colegio Profesional se ve en la obligaci\u00f3n de clarificar la especie.<\/p>\n<p>La Locaci\u00f3n se halla regulada por el C\u00f3digo Civil y Comercial de la Naci\u00f3n (Arts. 1187 al 1226), y dentro de ese cap\u00edtulo establece en su art\u00edculo 1196 que cuando el destino de la locaci\u00f3n es habitacional el propietario NO puede exigir al locatario:<\/p>\n<p>\u00b7\u00a0\u00a0\u00a0\u00a0\u00a0 El pago de alquileres anticipados de m\u00e1s de un mes.<\/p>\n<p>\u00b7\u00a0\u00a0\u00a0\u00a0\u00a0 \u00a0Dep\u00f3sito de garant\u00eda hasta una suma de pesos equivalente a un mes de alquiler por cada a\u00f1o de locaci\u00f3n contratado.<\/p>\n<p>\u00b7\u00a0\u00a0\u00a0\u00a0\u00a0 Pago de llave o equivalente.<\/p>\n<p>Por otro lado en el Art. 1208 se aclara que el canon est\u00e1 compuesto por el precio de la locaci\u00f3n y toda prestaci\u00f3n de pago peri\u00f3dico asumida.<\/p>\n<p>En cuanto a los gastos administrativos que genera la celebraci\u00f3n del contrato (sellado ARBA, certificaci\u00f3n de firmas, expedici\u00f3n de informes de dominio para acreditar la capacidad econ\u00f3mica del fiador, etc) mantiene absoluta vigencia el principio de autonom\u00eda de la voluntad por lo que\u00a0partes pueden acordar la forma en que ser\u00e1n solventados.<\/p>\n<p>De intermediar en la locaci\u00f3n un corredor y\/o martillero p\u00fablico tiene derecho a percibir los honorarios y ellos resultan fijados por la ley que regula su ejercicio profesional\u00a0 numero 14085 la que prev\u00e9 en su art\u00edculo 54 lo siguiente: \u201cLos honorarios que percibir\u00e1n los Martilleros y Corredores P\u00fablicos por los trabajos profesionales que realicen, se ajustar\u00e1n a la siguiente escala arancelaria:\u20266) Arrendamientos en locaciones urbanas o rurales: del 1% al 2% a cargo de cada parte sobre el importe del plazo de contrato pudiendo asumir una de las partes la totalidad del pago de sus honorarios\u201d.<\/p>\n<p>El Art. 1218 establece que al finalizar el contrato no hay t\u00e1cita reconducci\u00f3n, es decir que no se prorroga de manera autom\u00e1tica, tambi\u00e9n en el mismo sentido el Art. 1225 se\u00f1ala que la fianza caduca al finalizar el contrato, es decir finalizado el contrato SE ACUERDAN NUEVASCONDICIONES que van desde nuevo monto de alquiler, nuevo plazo, nueva o ratificaci\u00f3n de fianza, es decir el profesional Martillero o Corredor intermedia en la proyecci\u00f3n de un nuevo contrato y por lo tanto las partes tambi\u00e9n pactan el pago de los honorarios que se le deben por la tarea profesional seg\u00fan lo se\u00f1alado en p\u00e1rrafos anteriores.<\/p>\n<p>ESTE ES EL ORDENAMIENTO JUR\u00cdDICO QUE ENMARCA LA RELACI\u00d3N DE LA LOCACI\u00d3N ENTRE LAS PARTES Y DE ESTAS CON EL PROFESIONAL INTERVINIENTE.<\/p>\n<p>NO SE DEJE ENGA\u00d1AR y ante cualquier duda consulte al Colegio de Martilleros y Corredores P\u00fablicos del Departamento Judicial de Mercedes Avenida 29 N\u00ba 783 de la ciudad hom\u00f3nima, de lunes a viernes de 8 a 12 horas a los tel\u00e9fonos 02324-426096\/421449 \u00a0o por correo electr\u00f3nico acomarcomercedes@gmail.com donde ser\u00e1n evacuadas sus inquietudes\u00bb.<\/p>\n<p>&nbsp;<\/p>\n","protected":false},"excerpt":{"rendered":"<p>&nbsp; Desde la Presidencia del Colegio de Martilleros del Departamento Judicial Mercedes, comunicaron su perspectiva sobre la informaci\u00f3n y debate &#8230; <a title=\"La Verdad Sobre los Alquileres\" class=\"read-more\" href=\"https:\/\/www.hoymercedes.com.ar\/principal\/2016\/05\/11\/la-verdad-sobre-los-alquileres\/\" aria-label=\"Leer m\u00e1s sobre La Verdad Sobre los Alquileres\">Leer m\u00e1s<\/a><\/p>\n","protected":false},"author":1,"featured_media":49792,"comment_status":"open","ping_status":"open","sticky":false,"template":"","format":"standard","meta":{"_monsterinsights_skip_tracking":false,"_monsterinsights_sitenote_active":false,"_monsterinsights_sitenote_note":"","_monsterinsights_sitenote_category":0,"jetpack_post_was_ever_published":false,"_jetpack_newsletter_access":"","_jetpack_dont_email_post_to_subs":false,"_jetpack_newsletter_tier_id":0,"_jetpack_memberships_contains_paywalled_content":false,"_jetpack_memberships_contains_paid_content":false,"footnotes":"","jetpack_publicize_message":"","jetpack_publicize_feature_enabled":true,"jetpack_social_post_already_shared":true,"jetpack_social_options":{"image_generator_settings":{"template":"highway","default_image_id":0,"font":"","enabled":false},"version":2},"_wpas_customize_per_network":false},"categories":[1],"tags":[1619,9202,8748],"class_list":["post-49791","post","type-post","status-publish","format-standard","has-post-thumbnail","hentry","category-opinion","tag-alquileres","tag-colegio-de-martilleros","tag-opinion","generate-columns","tablet-grid-50","mobile-grid-100","grid-parent","grid-50"],"jetpack_publicize_connections":[],"jetpack_featured_media_url":"https:\/\/www.hoymercedes.com.ar\/principal\/wp-content\/uploads\/2016\/05\/11-colegio-de-martilleros.jpg","wps_subtitle":"Colegio de Martilleros","jetpack_sharing_enabled":true,"_links":{"self":[{"href":"https:\/\/www.hoymercedes.com.ar\/principal\/wp-json\/wp\/v2\/posts\/49791","targetHints":{"allow":["GET"]}}],"collection":[{"href":"https:\/\/www.hoymercedes.com.ar\/principal\/wp-json\/wp\/v2\/posts"}],"about":[{"href":"https:\/\/www.hoymercedes.com.ar\/principal\/wp-json\/wp\/v2\/types\/post"}],"author":[{"embeddable":true,"href":"https:\/\/www.hoymercedes.com.ar\/principal\/wp-json\/wp\/v2\/users\/1"}],"replies":[{"embeddable":true,"href":"https:\/\/www.hoymercedes.com.ar\/principal\/wp-json\/wp\/v2\/comments?post=49791"}],"version-history":[{"count":0,"href":"https:\/\/www.hoymercedes.com.ar\/principal\/wp-json\/wp\/v2\/posts\/49791\/revisions"}],"wp:featuredmedia":[{"embeddable":true,"href":"https:\/\/www.hoymercedes.com.ar\/principal\/wp-json\/wp\/v2\/media\/49792"}],"wp:attachment":[{"href":"https:\/\/www.hoymercedes.com.ar\/principal\/wp-json\/wp\/v2\/media?parent=49791"}],"wp:term":[{"taxonomy":"category","embeddable":true,"href":"https:\/\/www.hoymercedes.com.ar\/principal\/wp-json\/wp\/v2\/categories?post=49791"},{"taxonomy":"post_tag","embeddable":true,"href":"https:\/\/www.hoymercedes.com.ar\/principal\/wp-json\/wp\/v2\/tags?post=49791"}],"curies":[{"name":"wp","href":"https:\/\/api.w.org\/{rel}","templated":true}]}}