{"id":49808,"date":"2016-05-11T20:00:43","date_gmt":"2016-05-11T23:00:43","guid":{"rendered":"http:\/\/www.hoymercedes.com.ar\/principal\/?p=49808"},"modified":"2016-05-11T19:42:36","modified_gmt":"2016-05-11T22:42:36","slug":"municipales-podran-viajar-sin-costo-en-el-colectivo-local","status":"publish","type":"post","link":"https:\/\/www.hoymercedes.com.ar\/principal\/2016\/05\/11\/municipales-podran-viajar-sin-costo-en-el-colectivo-local\/","title":{"rendered":"Municipales podr\u00e1n viajar sin costo en el colectivo local"},"content":{"rendered":"<p>En el marco de una reuni\u00f3n entre el Departamento Ejecutivo de la Municipalidad de Mercedes y representantes del Sindicato de Trabajadores Municipales para tratar diferentes temas, entre los cuales se encuentra la firma del convenio laboral y cuestiones planteadas por el gremio, el\u00a0intendente Juan Ignacio Ustarroz anunci\u00f3 un nuevo beneficio para los empleados municipales.<\/p>\n<p>Este beneficio consiste en otorgarles a los municipales\u00a0la posibilidad de viajar sin costo en la l\u00ednea de colectivos locales en el horario de ingreso y salida de sus tareas laborales.<\/p>\n<p>Junto al Jefe Comunal estuvo el Secretario del Sindicato de Trabajadores Municipales de Mercedes Ernesto Ballesteros, qui\u00e9n se acerc\u00f3 con la inquietud planteada por los empleados que trabajan en el cementerio.<\/p>\n<p>El intendente decidi\u00f3 extender este beneficio a todos los empleados municipales, proporcion\u00e1ndoles un ahorro importante en transporte y brind\u00e1ndoles m\u00e1s seguridad a los mismos.<\/p>\n<p>El beneficio comenzar\u00eda a regir a partir del mes de junio y en las pr\u00f3ximas horas se dar\u00edan a conocer m\u00e1s detalles para que los trabajadores puedan acceder al beneficio.<\/p>\n","protected":false},"excerpt":{"rendered":"<p>En el marco de una reuni\u00f3n entre el Departamento Ejecutivo de la Municipalidad de Mercedes y representantes del Sindicato de &#8230; <a title=\"Municipales podr\u00e1n viajar sin costo en el colectivo local\" class=\"read-more\" href=\"https:\/\/www.hoymercedes.com.ar\/principal\/2016\/05\/11\/municipales-podran-viajar-sin-costo-en-el-colectivo-local\/\" aria-label=\"Leer m\u00e1s sobre Municipales podr\u00e1n viajar sin costo en el colectivo local\">Leer m\u00e1s<\/a><\/p>\n","protected":false},"author":1,"featured_media":49809,"comment_status":"open","ping_status":"open","sticky":false,"template":"","format":"standard","meta":{"_monsterinsights_skip_tracking":false,"_monsterinsights_sitenote_active":false,"_monsterinsights_sitenote_note":"","_monsterinsights_sitenote_category":0,"jetpack_post_was_ever_published":false,"_jetpack_newsletter_access":"","_jetpack_dont_email_post_to_subs":false,"_jetpack_newsletter_tier_id":0,"_jetpack_memberships_contains_paywalled_content":false,"_jetpack_memberships_contains_paid_content":false,"footnotes":"","jetpack_publicize_message":"","jetpack_publicize_feature_enabled":true,"jetpack_social_post_already_shared":true,"jetpack_social_options":{"image_generator_settings":{"template":"highway","default_image_id":0,"font":"","enabled":false},"version":2},"_wpas_customize_per_network":false},"categories":[30],"tags":[924,244,9200,8869],"class_list":["post-49808","post","type-post","status-publish","format-standard","has-post-thumbnail","hentry","category-municipio","tag-municipales","tag-municipio-2","tag-sindicato","tag-transporte-publico","generate-columns","tablet-grid-50","mobile-grid-100","grid-parent","grid-50"],"jetpack_publicize_connections":[],"jetpack_featured_media_url":"https:\/\/www.hoymercedes.com.ar\/principal\/wp-content\/uploads\/2016\/05\/11-municipales.jpg","wps_subtitle":"A partir del mes de junio","jetpack_sharing_enabled":true,"_links":{"self":[{"href":"https:\/\/www.hoymercedes.com.ar\/principal\/wp-json\/wp\/v2\/posts\/49808","targetHints":{"allow":["GET"]}}],"collection":[{"href":"https:\/\/www.hoymercedes.com.ar\/principal\/wp-json\/wp\/v2\/posts"}],"about":[{"href":"https:\/\/www.hoymercedes.com.ar\/principal\/wp-json\/wp\/v2\/types\/post"}],"author":[{"embeddable":true,"href":"https:\/\/www.hoymercedes.com.ar\/principal\/wp-json\/wp\/v2\/users\/1"}],"replies":[{"embeddable":true,"href":"https:\/\/www.hoymercedes.com.ar\/principal\/wp-json\/wp\/v2\/comments?post=49808"}],"version-history":[{"count":0,"href":"https:\/\/www.hoymercedes.com.ar\/principal\/wp-json\/wp\/v2\/posts\/49808\/revisions"}],"wp:featuredmedia":[{"embeddable":true,"href":"https:\/\/www.hoymercedes.com.ar\/principal\/wp-json\/wp\/v2\/media\/49809"}],"wp:attachment":[{"href":"https:\/\/www.hoymercedes.com.ar\/principal\/wp-json\/wp\/v2\/media?parent=49808"}],"wp:term":[{"taxonomy":"category","embeddable":true,"href":"https:\/\/www.hoymercedes.com.ar\/principal\/wp-json\/wp\/v2\/categories?post=49808"},{"taxonomy":"post_tag","embeddable":true,"href":"https:\/\/www.hoymercedes.com.ar\/principal\/wp-json\/wp\/v2\/tags?post=49808"}],"curies":[{"name":"wp","href":"https:\/\/api.w.org\/{rel}","templated":true}]}}