{"id":4981,"date":"2011-06-14T14:18:11","date_gmt":"2011-06-14T14:18:11","guid":{"rendered":"http:\/\/www.hoymercedes.com.ar\/principal\/?p=4981"},"modified":"2011-06-14T14:18:11","modified_gmt":"2011-06-14T14:18:11","slug":"teatro-callejero-se-conocen-los-barrios-donde-se-presentan-las-diferentes-obras","status":"publish","type":"post","link":"https:\/\/www.hoymercedes.com.ar\/principal\/2011\/06\/14\/teatro-callejero-se-conocen-los-barrios-donde-se-presentan-las-diferentes-obras\/","title":{"rendered":"Teatro Callejero: Se conocen los barrios donde se presentan las diferentes obras"},"content":{"rendered":"<figure id=\"attachment_4983\" aria-describedby=\"caption-attachment-4983\" style=\"width: 290px\" class=\"wp-caption alignleft\"><a href=\"https:\/\/www.hoymercedes.com.ar\/principal\/wp-content\/uploads\/2011\/06\/FabianMorales.jpg\"><img loading=\"lazy\" decoding=\"async\" data-attachment-id=\"4983\" data-permalink=\"https:\/\/www.hoymercedes.com.ar\/principal\/2011\/06\/14\/teatro-callejero-se-conocen-los-barrios-donde-se-presentan-las-diferentes-obras\/fabianmorales-2\/#main\" data-orig-file=\"https:\/\/www.hoymercedes.com.ar\/principal\/wp-content\/uploads\/2011\/06\/FabianMorales.jpg\" data-orig-size=\"311,213\" data-comments-opened=\"1\" data-image-meta=\"{&quot;aperture&quot;:&quot;2.8&quot;,&quot;credit&quot;:&quot;&quot;,&quot;camera&quot;:&quot;COOLPIX L10&quot;,&quot;caption&quot;:&quot;&quot;,&quot;created_timestamp&quot;:&quot;1307780024&quot;,&quot;copyright&quot;:&quot;Copyright 2006&quot;,&quot;focal_length&quot;:&quot;6.2&quot;,&quot;iso&quot;:&quot;64&quot;,&quot;shutter_speed&quot;:&quot;0.0043610989969472&quot;,&quot;title&quot;:&quot;&quot;}\" data-image-title=\"FabianMorales\" data-image-description=\"\" data-image-caption=\"&lt;p&gt;Fabi\u00e1n Morales&lt;\/p&gt;\n\" data-large-file=\"https:\/\/www.hoymercedes.com.ar\/principal\/wp-content\/uploads\/2011\/06\/FabianMorales.jpg\" class=\"size-medium wp-image-4983\" title=\"FabianMorales\" src=\"https:\/\/www.hoymercedes.com.ar\/principal\/wp-content\/uploads\/2011\/06\/FabianMorales-300x205.jpg\" alt=\"\" width=\"300\" height=\"205\" srcset=\"https:\/\/www.hoymercedes.com.ar\/principal\/wp-content\/uploads\/2011\/06\/FabianMorales-300x205.jpg 300w, https:\/\/www.hoymercedes.com.ar\/principal\/wp-content\/uploads\/2011\/06\/FabianMorales.jpg 311w\" sizes=\"auto, (max-width: 300px) 100vw, 300px\" \/><\/a><figcaption id=\"caption-attachment-4983\" class=\"wp-caption-text\">Fabi\u00e1n Morales<\/figcaption><\/figure>\n<p>Nuestra ciudad se prepara  con muchas expectativas para la presentaci\u00f3n del 1\u00ba Encuentro de Teatro Callejero Mercedes 2011 que desde el 17 hasta el 20 se desarrollar\u00e1 en nuestro medio con la participaci\u00f3n de 13 elencos.<\/p>\n<p>Fabi\u00e1n Morales, explic\u00f3 al dialogar con los medios de prensa \u201clo importante m\u00e1s all\u00e1 de tener la suerte que por primera vez podamos contar en nuestra ciudad con una muy buena cantidad de elencos de teatro callejero, es que este programa se hizo desde los propios barrios que se ver\u00e1n beneficiados, es decir que naci\u00f3 en esos barrios a instancia de su gente uy as\u00ed llego a nosotros que nos dispusimos a organizar algo diferente con el apoyo total del intendente Carlos Selva<\/p>\n<p>Es verdad que tendremos espect\u00e1culos en la plaza San Mart\u00edn y en El Limonero pero el resto de las obras se presentar\u00e1n de manera absolutamente gratis en diferentes barrios de nuestra ciudad.<\/p>\n<p>De esta manera estamos permitiendo que muchas personas a quienes se les hace muy dif\u00edcil por diferentes motivos poder encontrarse con expresiones culturales de esta naturaleza lo puedan tener a muy pocos metros de sus viviendas sin tener la necesidad de llegar hasta el centro.<\/p>\n<p>Como ya lo dije este Encuentro de Teatro Callejero cuenta con el apoyo total de la municipalidad de Mercedes tal como ocurriera en marzo des este a\u00f1o cuando por primeras vez en la historia de la ciudad pudimos concretar el primer encuentro provincial de Teatro Independiente.<\/p>\n<p>As\u00ed como ocurri\u00f3 en dicha oportunidad en la que la totalidad de los grupos que se presentaron cobraron por hacerlo, lo mismo ocurrir\u00e1 ahora, es decir que cada grupo que venga a Mercedes tendr\u00e1 su remuneraci\u00f3n econ\u00f3mica porque as\u00ed lo ha resuelto el se\u00f1or intendente aportando los fondos necesarios lo cual significa un aporte muy significativo para la cultura de nuestra ciudad a trav\u00e9s de sus diferentes expresiones y hoy puedo asegurarles que desde que comenz\u00f3 el a\u00f1o hasta el momento el municipio invirti\u00f3 casi 200 mil pesos justamente en el \u00e1rea cultural.<\/p>\n<p>Como ya lo manifest\u00e9 el encuentro tiene la Organizaci\u00f3n de la Municipalidad de Mercedes con el apoyo del Consejo Provincial de Teatro Independiente, el Consejo Escolar de Mercedes, la adhesi\u00f3n  de Norte Teatro que es la Asociaci\u00f3n de Teatristas del Norte Bonaerense y en la parte de coordinaci\u00f3n se encuentran los integrantes de las organizaciones El Negro Olmedo, Los Cuentacuentos y La Morisqueta\u201d<\/p>\n<p>A continuaci\u00f3n detallamos el programa de presentaciones con lugares y horarios<\/p>\n<p>17 de Junio<\/p>\n<p>15.00   Apertura oficial. Plaza San Mart\u00edn \u201cBIN<\/p>\n<p>BON DAN\u201d<\/p>\n<p>18 de junio<\/p>\n<p>14.30  Barrio San Mart\u00edn     Eskaparate<\/p>\n<p>14.30  C.I.C                             Picadita y Circo<\/p>\n<p>14.30  Jard\u00edn Maternal 2     La Patera<\/p>\n<p>15.15  Villa Industrial O       La Posta del Viajero<\/p>\n<p>15.30  Plaza San Mart\u00edn     La Patera<\/p>\n<p>21.30  El Limonero              Gringo Golondra<\/p>\n<p>19 de junio<\/p>\n<p>14.30  Blandengues            ESKAPARTE<\/p>\n<p>14.30  C.I.C                            Piolito de Am\u00e9rica<\/p>\n<p>14.30  Jard\u00edn Maternal 2    Picadita y Circo<\/p>\n<p>15.15  San Mart\u00edn               La Posta del Viajero<\/p>\n<p>15.15  Ravello                      Atroke y Circo<\/p>\n<p>15.15  Villa Industrial O      FAF\u00c1 y Margarita<\/p>\n<p>14,30  Plaza San Mart\u00edn     Pelambre y<\/p>\n<p>Matambre<\/p>\n<p>15.30  Plaza San Mart\u00edn    Murga \u201cClaro que Si\u201d<\/p>\n<p>21.00  El Limonero             Variette<\/p>\n<p>20 de junio<\/p>\n<p>14.30  Blandengues          Faf\u00e1 y Margarita<\/p>\n<p>14.30  C.I.C                         La Patera<\/p>\n<p>15.15  Gowland                 Pelambre y<\/p>\n<p>Matambre<\/p>\n<p>15.15  Jard\u00edn Maternal 2   Junto y Aparte<\/p>\n<p>15.30  Plaza San Mart\u00edn    \u201cMurga Claro que S\u00ed<\/p>\n<p>16.30  Plaza San Mart\u00edn     Cierre del Encuentro<\/p>\n<p>&nbsp;<\/p>\n","protected":false},"excerpt":{"rendered":"<p>Nuestra ciudad se prepara con muchas expectativas para la presentaci\u00f3n del 1\u00ba Encuentro de Teatro Callejero Mercedes 2011 que desde &#8230; <a title=\"Teatro Callejero: Se conocen los barrios donde se presentan las diferentes obras\" class=\"read-more\" href=\"https:\/\/www.hoymercedes.com.ar\/principal\/2011\/06\/14\/teatro-callejero-se-conocen-los-barrios-donde-se-presentan-las-diferentes-obras\/\" aria-label=\"Leer m\u00e1s sobre Teatro Callejero: Se conocen los barrios donde se presentan las diferentes obras\">Leer m\u00e1s<\/a><\/p>\n","protected":false},"author":1,"featured_media":0,"comment_status":"open","ping_status":"open","sticky":false,"template":"","format":"standard","meta":{"_monsterinsights_skip_tracking":false,"_monsterinsights_sitenote_active":false,"_monsterinsights_sitenote_note":"","_monsterinsights_sitenote_category":0,"jetpack_post_was_ever_published":false,"_jetpack_newsletter_access":"","_jetpack_dont_email_post_to_subs":false,"_jetpack_newsletter_tier_id":0,"_jetpack_memberships_contains_paywalled_content":false,"_jetpack_memberships_contains_paid_content":false,"footnotes":"","jetpack_publicize_message":"","jetpack_publicize_feature_enabled":true,"jetpack_social_post_already_shared":false,"jetpack_social_options":{"image_generator_settings":{"template":"highway","default_image_id":0,"font":"","enabled":false},"version":2},"_wpas_customize_per_network":false},"categories":[104],"tags":[479,876],"class_list":["post-4981","post","type-post","status-publish","format-standard","hentry","category-cultura","tag-fabian-morales","tag-teatro-callejero","generate-columns","tablet-grid-50","mobile-grid-100","grid-parent","grid-50"],"jetpack_publicize_connections":[],"jetpack_featured_media_url":"","wps_subtitle":"","jetpack_sharing_enabled":true,"_links":{"self":[{"href":"https:\/\/www.hoymercedes.com.ar\/principal\/wp-json\/wp\/v2\/posts\/4981","targetHints":{"allow":["GET"]}}],"collection":[{"href":"https:\/\/www.hoymercedes.com.ar\/principal\/wp-json\/wp\/v2\/posts"}],"about":[{"href":"https:\/\/www.hoymercedes.com.ar\/principal\/wp-json\/wp\/v2\/types\/post"}],"author":[{"embeddable":true,"href":"https:\/\/www.hoymercedes.com.ar\/principal\/wp-json\/wp\/v2\/users\/1"}],"replies":[{"embeddable":true,"href":"https:\/\/www.hoymercedes.com.ar\/principal\/wp-json\/wp\/v2\/comments?post=4981"}],"version-history":[{"count":0,"href":"https:\/\/www.hoymercedes.com.ar\/principal\/wp-json\/wp\/v2\/posts\/4981\/revisions"}],"wp:attachment":[{"href":"https:\/\/www.hoymercedes.com.ar\/principal\/wp-json\/wp\/v2\/media?parent=4981"}],"wp:term":[{"taxonomy":"category","embeddable":true,"href":"https:\/\/www.hoymercedes.com.ar\/principal\/wp-json\/wp\/v2\/categories?post=4981"},{"taxonomy":"post_tag","embeddable":true,"href":"https:\/\/www.hoymercedes.com.ar\/principal\/wp-json\/wp\/v2\/tags?post=4981"}],"curies":[{"name":"wp","href":"https:\/\/api.w.org\/{rel}","templated":true}]}}