{"id":49811,"date":"2016-05-11T19:57:48","date_gmt":"2016-05-11T22:57:48","guid":{"rendered":"http:\/\/www.hoymercedes.com.ar\/principal\/?p=49811"},"modified":"2016-05-11T20:26:56","modified_gmt":"2016-05-11T23:26:56","slug":"agua-siguen-los-arreglos-en-la-red-troncal","status":"publish","type":"post","link":"https:\/\/www.hoymercedes.com.ar\/principal\/2016\/05\/11\/agua-siguen-los-arreglos-en-la-red-troncal\/","title":{"rendered":"Corte de Agua: Siguen los arreglos en la red troncal"},"content":{"rendered":"<p><strong><em>El \u00e1rea de Servicios P\u00fablicos est\u00e1 arreglando el ca\u00f1o troncal de la red de agua potable en la calle 12, entre 11 y 9. Se habr\u00eda vuelto a pinchar. El trabajo afecta el normal funcionamiento del servicio de agua.\u00a0<\/em><\/strong><\/p>\n<p>Desde las primeras horas de la tarde de este mi\u00e9rcoles, el \u00e1rea de Servicios P\u00fablico tuvo que volver a arreglar la p\u00e9rdida de agua en la calle 12, entre 9 y 11, que estaba afectando la\u00a0v\u00eda p\u00fablica con agua que va de un lado a otro de la calle.<\/p>\n<p>De acuerdo a lo informado por el funcionario Silvio Bertera, Subsecretario de Servicios P\u00fablicos, se \u00abvolvi\u00f3 a pinchar el mismo ca\u00f1o que la semana pasada\u00bb, aunque en esta oportunidad la pinchadura se dio \u00abm\u00e1s adelante\u00bb. La problem\u00e1tica hab\u00eda sido detectada hace varios d\u00edas, pero el arreglo se retras\u00f3 por no tener las piezas necesarias para la reparaci\u00f3n. Piezas que fueron fabricadas por uno de los empleados municipales.<\/p>\n<p>Los trabajos est\u00e1n afectando el suministro de agua de red a la ciudad. Aunque primeramente habr\u00eda habido\u00a0una reducci\u00f3n en la presi\u00f3n, unas horas m\u00e1s tardes debieron\u00a0cortar el suministro total de agua, sin confirmar cu\u00e1nto tiempo podr\u00eda durar el corte. \u00abSe trabajar\u00e1 hasta que se repare. Si no hay complicaciones, estimo que en tres o cuatro horas m\u00e1s deber\u00eda estar terminado\u00bb, dijo Bertera cerca de las siete de la tarde en FM Universo.<\/p>\n<p>Asimismo, se destac\u00f3 que est\u00e1 cortada la circulaci\u00f3n vehicular en la calle 12, entre 7 y 11, as\u00ed como en la calle 14, imposibilitando doblar en la 9.<\/p>\n","protected":false},"excerpt":{"rendered":"<p>El \u00e1rea de Servicios P\u00fablicos est\u00e1 arreglando el ca\u00f1o troncal de la red de agua potable en la calle 12, &#8230; <a title=\"Corte de Agua: Siguen los arreglos en la red troncal\" class=\"read-more\" href=\"https:\/\/www.hoymercedes.com.ar\/principal\/2016\/05\/11\/agua-siguen-los-arreglos-en-la-red-troncal\/\" aria-label=\"Leer m\u00e1s sobre Corte de Agua: Siguen los arreglos en la red troncal\">Leer m\u00e1s<\/a><\/p>\n","protected":false},"author":1,"featured_media":0,"comment_status":"open","ping_status":"open","sticky":false,"template":"","format":"standard","meta":{"_monsterinsights_skip_tracking":false,"_monsterinsights_sitenote_active":false,"_monsterinsights_sitenote_note":"","_monsterinsights_sitenote_category":0,"jetpack_post_was_ever_published":false,"_jetpack_newsletter_access":"","_jetpack_dont_email_post_to_subs":false,"_jetpack_newsletter_tier_id":0,"_jetpack_memberships_contains_paywalled_content":false,"_jetpack_memberships_contains_paid_content":false,"footnotes":"","jetpack_publicize_message":"","jetpack_publicize_feature_enabled":true,"jetpack_social_post_already_shared":true,"jetpack_social_options":{"image_generator_settings":{"template":"highway","default_image_id":0,"font":"","enabled":false},"version":2},"_wpas_customize_per_network":false},"categories":[11],"tags":[9208,8620,244,9207,8628],"class_list":["post-49811","post","type-post","status-publish","format-standard","hentry","category-ciudad","tag-12-y-11","tag-arreglos","tag-municipio-2","tag-red-de-agua","tag-servicios-publicos","generate-columns","tablet-grid-50","mobile-grid-100","grid-parent","grid-50"],"jetpack_publicize_connections":[],"jetpack_featured_media_url":"","wps_subtitle":"","jetpack_sharing_enabled":true,"_links":{"self":[{"href":"https:\/\/www.hoymercedes.com.ar\/principal\/wp-json\/wp\/v2\/posts\/49811","targetHints":{"allow":["GET"]}}],"collection":[{"href":"https:\/\/www.hoymercedes.com.ar\/principal\/wp-json\/wp\/v2\/posts"}],"about":[{"href":"https:\/\/www.hoymercedes.com.ar\/principal\/wp-json\/wp\/v2\/types\/post"}],"author":[{"embeddable":true,"href":"https:\/\/www.hoymercedes.com.ar\/principal\/wp-json\/wp\/v2\/users\/1"}],"replies":[{"embeddable":true,"href":"https:\/\/www.hoymercedes.com.ar\/principal\/wp-json\/wp\/v2\/comments?post=49811"}],"version-history":[{"count":0,"href":"https:\/\/www.hoymercedes.com.ar\/principal\/wp-json\/wp\/v2\/posts\/49811\/revisions"}],"wp:attachment":[{"href":"https:\/\/www.hoymercedes.com.ar\/principal\/wp-json\/wp\/v2\/media?parent=49811"}],"wp:term":[{"taxonomy":"category","embeddable":true,"href":"https:\/\/www.hoymercedes.com.ar\/principal\/wp-json\/wp\/v2\/categories?post=49811"},{"taxonomy":"post_tag","embeddable":true,"href":"https:\/\/www.hoymercedes.com.ar\/principal\/wp-json\/wp\/v2\/tags?post=49811"}],"curies":[{"name":"wp","href":"https:\/\/api.w.org\/{rel}","templated":true}]}}