{"id":49831,"date":"2016-05-12T11:18:41","date_gmt":"2016-05-12T14:18:41","guid":{"rendered":"http:\/\/www.hoymercedes.com.ar\/principal\/?p=49831"},"modified":"2016-05-12T11:18:41","modified_gmt":"2016-05-12T14:18:41","slug":"hoy-comienza-el-juicio-por-el-homicidio-de-jonathan-fat","status":"publish","type":"post","link":"https:\/\/www.hoymercedes.com.ar\/principal\/2016\/05\/12\/hoy-comienza-el-juicio-por-el-homicidio-de-jonathan-fat\/","title":{"rendered":"Hoy comienza  el juicio por el homicidio de Jonathan Fat"},"content":{"rendered":"<p><img loading=\"lazy\" decoding=\"async\" data-attachment-id=\"49832\" data-permalink=\"https:\/\/www.hoymercedes.com.ar\/principal\/2016\/05\/12\/hoy-comienza-el-juicio-por-el-homicidio-de-jonathan-fat\/fat1\/#main\" data-orig-file=\"https:\/\/www.hoymercedes.com.ar\/principal\/wp-content\/uploads\/2016\/05\/fat1.jpg\" data-orig-size=\"600,375\" data-comments-opened=\"1\" data-image-meta=\"{&quot;aperture&quot;:&quot;0&quot;,&quot;credit&quot;:&quot;&quot;,&quot;camera&quot;:&quot;&quot;,&quot;caption&quot;:&quot;&quot;,&quot;created_timestamp&quot;:&quot;0&quot;,&quot;copyright&quot;:&quot;&quot;,&quot;focal_length&quot;:&quot;0&quot;,&quot;iso&quot;:&quot;0&quot;,&quot;shutter_speed&quot;:&quot;0&quot;,&quot;title&quot;:&quot;&quot;,&quot;orientation&quot;:&quot;0&quot;}\" data-image-title=\"fat1\" data-image-description=\"\" data-image-caption=\"\" data-large-file=\"https:\/\/www.hoymercedes.com.ar\/principal\/wp-content\/uploads\/2016\/05\/fat1.jpg\" class=\"aligncenter size-full wp-image-49832\" src=\"https:\/\/www.hoymercedes.com.ar\/principal\/wp-content\/uploads\/2016\/05\/fat1.jpg\" alt=\"fat1\" width=\"600\" height=\"375\" srcset=\"https:\/\/www.hoymercedes.com.ar\/principal\/wp-content\/uploads\/2016\/05\/fat1.jpg 600w, https:\/\/www.hoymercedes.com.ar\/principal\/wp-content\/uploads\/2016\/05\/fat1-150x94.jpg 150w, https:\/\/www.hoymercedes.com.ar\/principal\/wp-content\/uploads\/2016\/05\/fat1-400x250.jpg 400w\" sizes=\"auto, (max-width: 600px) 100vw, 600px\" \/>Hoy\u00a0 comienza el debate oral y p\u00fablico por\u00a0 la muerte del joven Jonathan Fat, quien falleciera el 23 de enero de 2013.<\/p>\n<p>Ante el Tribunal Oral en lo Criminal N\u00ba 3. All\u00ed Al\u00ed ser\u00e1 representado por el doctor Yermanos y Ram\u00edrez por el doctor Ariel Fusco. Mientras que la Fiscal\u00eda de Juicio estar\u00e1 a cargo de la doctora Valeria Chapuis.<\/p>\n<p>Durante las dos jornadas de juicio desfilar\u00e1n una veintena de testigos y lo que mayor discusi\u00f3n generar\u00e1 ser\u00e1 la car\u00e1tula, como lo ha sido desde el primer momento.<\/p>\n<p>Y es que la causa se elev\u00f3 a juicio como \u201cHomicidio simple\u201d. Sin embargo, para la defensa se trata de un \u201cHomicidio en ri\u00f1a\u201d.<\/p>\n","protected":false},"excerpt":{"rendered":"<p>Hoy\u00a0 comienza el debate oral y p\u00fablico por\u00a0 la muerte del joven Jonathan Fat, quien falleciera el 23 de enero &#8230; <a title=\"Hoy comienza  el juicio por el homicidio de Jonathan Fat\" class=\"read-more\" href=\"https:\/\/www.hoymercedes.com.ar\/principal\/2016\/05\/12\/hoy-comienza-el-juicio-por-el-homicidio-de-jonathan-fat\/\" aria-label=\"Leer m\u00e1s sobre Hoy comienza  el juicio por el homicidio de Jonathan Fat\">Leer m\u00e1s<\/a><\/p>\n","protected":false},"author":1,"featured_media":49832,"comment_status":"open","ping_status":"open","sticky":false,"template":"","format":"standard","meta":{"_monsterinsights_skip_tracking":false,"_monsterinsights_sitenote_active":false,"_monsterinsights_sitenote_note":"","_monsterinsights_sitenote_category":0,"jetpack_post_was_ever_published":false,"_jetpack_newsletter_access":"","_jetpack_dont_email_post_to_subs":false,"_jetpack_newsletter_tier_id":0,"_jetpack_memberships_contains_paywalled_content":false,"_jetpack_memberships_contains_paid_content":false,"footnotes":"","jetpack_publicize_message":"","jetpack_publicize_feature_enabled":true,"jetpack_social_post_already_shared":true,"jetpack_social_options":{"image_generator_settings":{"template":"highway","default_image_id":0,"font":"","enabled":false},"version":2},"_wpas_customize_per_network":false},"categories":[85],"tags":[3156,9212],"class_list":["post-49831","post","type-post","status-publish","format-standard","has-post-thumbnail","hentry","category-policial","tag-jonathan-fat","tag-juicio","generate-columns","tablet-grid-50","mobile-grid-100","grid-parent","grid-50"],"jetpack_publicize_connections":[],"jetpack_featured_media_url":"https:\/\/www.hoymercedes.com.ar\/principal\/wp-content\/uploads\/2016\/05\/fat1.jpg","wps_subtitle":"En el TOC N\u00b0 3","jetpack_sharing_enabled":true,"_links":{"self":[{"href":"https:\/\/www.hoymercedes.com.ar\/principal\/wp-json\/wp\/v2\/posts\/49831","targetHints":{"allow":["GET"]}}],"collection":[{"href":"https:\/\/www.hoymercedes.com.ar\/principal\/wp-json\/wp\/v2\/posts"}],"about":[{"href":"https:\/\/www.hoymercedes.com.ar\/principal\/wp-json\/wp\/v2\/types\/post"}],"author":[{"embeddable":true,"href":"https:\/\/www.hoymercedes.com.ar\/principal\/wp-json\/wp\/v2\/users\/1"}],"replies":[{"embeddable":true,"href":"https:\/\/www.hoymercedes.com.ar\/principal\/wp-json\/wp\/v2\/comments?post=49831"}],"version-history":[{"count":0,"href":"https:\/\/www.hoymercedes.com.ar\/principal\/wp-json\/wp\/v2\/posts\/49831\/revisions"}],"wp:featuredmedia":[{"embeddable":true,"href":"https:\/\/www.hoymercedes.com.ar\/principal\/wp-json\/wp\/v2\/media\/49832"}],"wp:attachment":[{"href":"https:\/\/www.hoymercedes.com.ar\/principal\/wp-json\/wp\/v2\/media?parent=49831"}],"wp:term":[{"taxonomy":"category","embeddable":true,"href":"https:\/\/www.hoymercedes.com.ar\/principal\/wp-json\/wp\/v2\/categories?post=49831"},{"taxonomy":"post_tag","embeddable":true,"href":"https:\/\/www.hoymercedes.com.ar\/principal\/wp-json\/wp\/v2\/tags?post=49831"}],"curies":[{"name":"wp","href":"https:\/\/api.w.org\/{rel}","templated":true}]}}