{"id":49850,"date":"2016-05-12T14:01:58","date_gmt":"2016-05-12T17:01:58","guid":{"rendered":"http:\/\/www.hoymercedes.com.ar\/principal\/?p=49850"},"modified":"2016-05-12T14:17:56","modified_gmt":"2016-05-12T17:17:56","slug":"49850","status":"publish","type":"post","link":"https:\/\/www.hoymercedes.com.ar\/principal\/2016\/05\/12\/49850\/","title":{"rendered":"Ruta 5: \u00abEsto contin\u00faa, no tenemos que aflojar\u00bb"},"content":{"rendered":"<p>Por Marcelo Su\u00e1rez \/ Despu\u00e9s de 21\u00a0a\u00f1os de tr\u00e1mites e incansables luchas, despu\u00e9s de varios gobiernos que pasaron, por fin, vamos a ver un sue\u00f1o hecho realidad. No s\u00f3lo est\u00e1n trabajando sino que lo hacen a buen ritmo, con suerte, y si el tiempo lo permite, en pocos meses la autopista llegar\u00e1 hasta la ruta 47, y luego hasta conectar con el Acceso Oeste.<\/p>\n<p>Desde la Comisi\u00f3n de Vecinos de Mercedes contra el Peaje, integrante de la Uni\u00f3n de Usuarios Viales y del Comit\u00e9 de Defensa del Usuarios Vial visitamos la zona, hablamos con los que hacen la obra, hicimos gestiones en el OCCOVI\u00a0y Vialidad Nacional. Tambi\u00e9n hicimos gestiones por el reasfaltado sobre la ruta 41 con vialidad provincial.<\/p>\n<p>Esto contin\u00faa, no tenemos que aflojar. Recordamos siempre qu\u00e9 consguimos la gratuidad para los mercedinos en categor\u00eda 1, llam\u00e9 al OCCOVI y habl\u00e9 con funcionarios pidiendo nuevamente la gratuidad para todas las categor\u00edas y me dijeron que por ahora no pod\u00eda acceder a nuevas rebajas, excepto que el concesionario las d\u00e9.<\/p>\n<p>Hay que llevar FOTOCOPIA DEL DNI \/ C\u00c9DULA VERDE \/ REGISTRO RADICADOS EN MERCEDES de 8 a 16 en las oficinas de la cabina de peaje de Olivera.<\/p>\n<p>Cualquier problema nos avisan a 02324-15464687 ( Jorge Retegui) o al 02324-15580346 (Marcelo Suarez).<\/p>\n","protected":false},"excerpt":{"rendered":"<p>Por Marcelo Su\u00e1rez \/ Despu\u00e9s de 21\u00a0a\u00f1os de tr\u00e1mites e incansables luchas, despu\u00e9s de varios gobiernos que pasaron, por fin, &#8230; <a title=\"Ruta 5: \u00abEsto contin\u00faa, no tenemos que aflojar\u00bb\" class=\"read-more\" href=\"https:\/\/www.hoymercedes.com.ar\/principal\/2016\/05\/12\/49850\/\" aria-label=\"Leer m\u00e1s sobre Ruta 5: \u00abEsto contin\u00faa, no tenemos que aflojar\u00bb\">Leer m\u00e1s<\/a><\/p>\n","protected":false},"author":1,"featured_media":0,"comment_status":"open","ping_status":"open","sticky":false,"template":"","format":"standard","meta":{"_monsterinsights_skip_tracking":false,"_monsterinsights_sitenote_active":false,"_monsterinsights_sitenote_note":"","_monsterinsights_sitenote_category":0,"jetpack_post_was_ever_published":false,"_jetpack_newsletter_access":"","_jetpack_dont_email_post_to_subs":false,"_jetpack_newsletter_tier_id":0,"_jetpack_memberships_contains_paywalled_content":false,"_jetpack_memberships_contains_paid_content":false,"footnotes":"","jetpack_publicize_message":"","jetpack_publicize_feature_enabled":true,"jetpack_social_post_already_shared":true,"jetpack_social_options":{"image_generator_settings":{"template":"highway","default_image_id":0,"font":"","enabled":false},"version":2},"_wpas_customize_per_network":false},"categories":[11],"tags":[713,9216,8748,538],"class_list":["post-49850","post","type-post","status-publish","format-standard","hentry","category-ciudad","tag-marcelo-suarez","tag-obras-en-ruta","tag-opinion","tag-ruta-5","generate-columns","tablet-grid-50","mobile-grid-100","grid-parent","grid-50"],"jetpack_publicize_connections":[],"jetpack_featured_media_url":"","wps_subtitle":"","jetpack_sharing_enabled":true,"_links":{"self":[{"href":"https:\/\/www.hoymercedes.com.ar\/principal\/wp-json\/wp\/v2\/posts\/49850","targetHints":{"allow":["GET"]}}],"collection":[{"href":"https:\/\/www.hoymercedes.com.ar\/principal\/wp-json\/wp\/v2\/posts"}],"about":[{"href":"https:\/\/www.hoymercedes.com.ar\/principal\/wp-json\/wp\/v2\/types\/post"}],"author":[{"embeddable":true,"href":"https:\/\/www.hoymercedes.com.ar\/principal\/wp-json\/wp\/v2\/users\/1"}],"replies":[{"embeddable":true,"href":"https:\/\/www.hoymercedes.com.ar\/principal\/wp-json\/wp\/v2\/comments?post=49850"}],"version-history":[{"count":0,"href":"https:\/\/www.hoymercedes.com.ar\/principal\/wp-json\/wp\/v2\/posts\/49850\/revisions"}],"wp:attachment":[{"href":"https:\/\/www.hoymercedes.com.ar\/principal\/wp-json\/wp\/v2\/media?parent=49850"}],"wp:term":[{"taxonomy":"category","embeddable":true,"href":"https:\/\/www.hoymercedes.com.ar\/principal\/wp-json\/wp\/v2\/categories?post=49850"},{"taxonomy":"post_tag","embeddable":true,"href":"https:\/\/www.hoymercedes.com.ar\/principal\/wp-json\/wp\/v2\/tags?post=49850"}],"curies":[{"name":"wp","href":"https:\/\/api.w.org\/{rel}","templated":true}]}}