{"id":49889,"date":"2016-05-12T20:00:41","date_gmt":"2016-05-12T23:00:41","guid":{"rendered":"http:\/\/www.hoymercedes.com.ar\/principal\/?p=49889"},"modified":"2016-05-12T16:52:44","modified_gmt":"2016-05-12T19:52:44","slug":"sindicatos-mercedinos-en-la-marcha-contra-el-ajuste-provincial","status":"publish","type":"post","link":"https:\/\/www.hoymercedes.com.ar\/principal\/2016\/05\/12\/sindicatos-mercedinos-en-la-marcha-contra-el-ajuste-provincial\/","title":{"rendered":"Sindicatos mercedinos en la marcha contra el ajuste provincial"},"content":{"rendered":"<p><img loading=\"lazy\" decoding=\"async\" data-attachment-id=\"49890\" data-permalink=\"https:\/\/www.hoymercedes.com.ar\/principal\/2016\/05\/12\/sindicatos-mercedinos-en-la-marcha-contra-el-ajuste-provincial\/12-sindicatos\/#main\" data-orig-file=\"https:\/\/www.hoymercedes.com.ar\/principal\/wp-content\/uploads\/2016\/05\/12-sindicatos.jpg\" data-orig-size=\"448,299\" data-comments-opened=\"1\" data-image-meta=\"{&quot;aperture&quot;:&quot;0&quot;,&quot;credit&quot;:&quot;&quot;,&quot;camera&quot;:&quot;&quot;,&quot;caption&quot;:&quot;&quot;,&quot;created_timestamp&quot;:&quot;0&quot;,&quot;copyright&quot;:&quot;&quot;,&quot;focal_length&quot;:&quot;0&quot;,&quot;iso&quot;:&quot;0&quot;,&quot;shutter_speed&quot;:&quot;0&quot;,&quot;title&quot;:&quot;&quot;,&quot;orientation&quot;:&quot;0&quot;}\" data-image-title=\"12 sindicatos\" data-image-description=\"\" data-image-caption=\"\" data-large-file=\"https:\/\/www.hoymercedes.com.ar\/principal\/wp-content\/uploads\/2016\/05\/12-sindicatos.jpg\" class=\"aligncenter size-full wp-image-49890\" src=\"https:\/\/www.hoymercedes.com.ar\/principal\/wp-content\/uploads\/2016\/05\/12-sindicatos.jpg\" alt=\"12 sindicatos\" width=\"448\" height=\"299\" srcset=\"https:\/\/www.hoymercedes.com.ar\/principal\/wp-content\/uploads\/2016\/05\/12-sindicatos.jpg 448w, https:\/\/www.hoymercedes.com.ar\/principal\/wp-content\/uploads\/2016\/05\/12-sindicatos-150x100.jpg 150w, https:\/\/www.hoymercedes.com.ar\/principal\/wp-content\/uploads\/2016\/05\/12-sindicatos-300x200.jpg 300w\" sizes=\"auto, (max-width: 448px) 100vw, 448px\" \/>En pleno conflicto salarial, miles de trabajadores del estado provincial, como la AJB y CICOP como convocantes al acto, sumados a auxiliares, docentes y trabajadores de la administraci\u00f3n central confluyeron en un contundente acto por la reapertura de paritarias<\/p>\n<p>El pasado mi\u00e9rcoles, con presencia mercedina entre los convocantes de AJB y CICOP, distintos gremios de la provincia confluyeron en una masiva movilizaci\u00f3n frente a la Casa de Gobierno de calle 6, entre 51 y 53 de La Plata, donde miles de trabajadores \u00abprotestaron contra el ajuste y la indiferencia\u00bb de la gobernadora\u00a0Mar\u00eda Eugenia Vidal.<\/p>\n<p>Al acto, que cont\u00f3 con m\u00e1s de 10 mil personas, coincidieron tambi\u00e9n \u00a0los auxiliares nucleados en el Sindicato de Obreros y Empleados de la Minoridad y Educaci\u00f3n (SOEME); sindicatos docentes como UDOCBA, SUTEBA, FEB, \u00a0los estatales de ATE, trabajadores del astillero rio Santiago y trabajadores rurales enrolados en ATE.<\/p>\n<p>Pablo Abramovivh, de la AJB, sostuvo que \u201cel paro y movilizaci\u00f3n,tuvo el objetivo de exigirle a Vidal la apertura y convocatoria a paritarias, que hace m\u00e1s de un mes est\u00e1n cerradas\u201d. Adem\u00e1s, record\u00f3 que \u201chace tres meses que el conflicto crece d\u00eda a d\u00eda, y la gobernadora debe saber que tiene que tomar cartas en el asunto\u201d. A su vez convoco a todo el gremio judicial para hoy jueves, al congreso de judiciales , donde se evaluara profundizar las medidas.<\/p>\n<p>Por su parte, el presidente de CICOP,\u00a0Fernando Corsiglia, afirm\u00f3 \u00a0que el reclamo m\u00e1s urgente de los profesionales de la salud bonaerenses es \u201cun aumento salarial del 40%, ya que el 11% ofrecido hasta el momento es una burla\u201d. \u201cQueremos que nuestros compa\u00f1eros se jubilen con plenos derechos, y queremos mayor presupuesto para salud, para que haya insumos, para refaccionar los hospitales que se caen a pedazos\u201d. Hay que recordar que la cicop llevara a cabo el congreso este sabado, para evaluar democraticamente los pasos a seguir.<\/p>\n<p><strong>Provincia paralizada<\/strong><\/p>\n<p>Los trabajadores de la salud nucleados en CICOP iniciaron ayer un paro que se extender\u00e1 hasta el viernes. En tanto, la AJB realiza una huelga de 72 horas que comenz\u00f3 el martes y finaliza hoy.<\/p>\n<p>Por su parte, ATE bonaerense comienza hoy un paro de 24 horas con concentraci\u00f3n a la Legislatura en repudio a la votaci\u00f3n de las leyes de emergencia administrativa y reforma del Estado.<br \/>\nFuente y Foto: Hern\u00e1n Rivero<\/p>\n","protected":false},"excerpt":{"rendered":"<p>En pleno conflicto salarial, miles de trabajadores del estado provincial, como la AJB y CICOP como convocantes al acto, sumados &#8230; <a title=\"Sindicatos mercedinos en la marcha contra el ajuste provincial\" class=\"read-more\" href=\"https:\/\/www.hoymercedes.com.ar\/principal\/2016\/05\/12\/sindicatos-mercedinos-en-la-marcha-contra-el-ajuste-provincial\/\" aria-label=\"Leer m\u00e1s sobre Sindicatos mercedinos en la marcha contra el ajuste provincial\">Leer m\u00e1s<\/a><\/p>\n","protected":false},"author":1,"featured_media":49890,"comment_status":"open","ping_status":"open","sticky":false,"template":"","format":"standard","meta":{"_monsterinsights_skip_tracking":false,"_monsterinsights_sitenote_active":false,"_monsterinsights_sitenote_note":"","_monsterinsights_sitenote_category":0,"jetpack_post_was_ever_published":false,"_jetpack_newsletter_access":"","_jetpack_dont_email_post_to_subs":false,"_jetpack_newsletter_tier_id":0,"_jetpack_memberships_contains_paywalled_content":false,"_jetpack_memberships_contains_paid_content":false,"footnotes":"","jetpack_publicize_message":"","jetpack_publicize_feature_enabled":true,"jetpack_social_post_already_shared":true,"jetpack_social_options":{"image_generator_settings":{"template":"highway","default_image_id":0,"font":"","enabled":false},"version":2},"_wpas_customize_per_network":false},"categories":[8881],"tags":[95,9220,6439,9180,1443],"class_list":["post-49889","post","type-post","status-publish","format-standard","has-post-thumbnail","hentry","category-provincia","tag-ajb","tag-ajuste","tag-cicop","tag-marcha","tag-sindicatos","generate-columns","tablet-grid-50","mobile-grid-100","grid-parent","grid-50"],"jetpack_publicize_connections":[],"jetpack_featured_media_url":"https:\/\/www.hoymercedes.com.ar\/principal\/wp-content\/uploads\/2016\/05\/12-sindicatos.jpg","wps_subtitle":"El d\u00eda mi\u00e9rcoles","jetpack_sharing_enabled":true,"_links":{"self":[{"href":"https:\/\/www.hoymercedes.com.ar\/principal\/wp-json\/wp\/v2\/posts\/49889","targetHints":{"allow":["GET"]}}],"collection":[{"href":"https:\/\/www.hoymercedes.com.ar\/principal\/wp-json\/wp\/v2\/posts"}],"about":[{"href":"https:\/\/www.hoymercedes.com.ar\/principal\/wp-json\/wp\/v2\/types\/post"}],"author":[{"embeddable":true,"href":"https:\/\/www.hoymercedes.com.ar\/principal\/wp-json\/wp\/v2\/users\/1"}],"replies":[{"embeddable":true,"href":"https:\/\/www.hoymercedes.com.ar\/principal\/wp-json\/wp\/v2\/comments?post=49889"}],"version-history":[{"count":0,"href":"https:\/\/www.hoymercedes.com.ar\/principal\/wp-json\/wp\/v2\/posts\/49889\/revisions"}],"wp:featuredmedia":[{"embeddable":true,"href":"https:\/\/www.hoymercedes.com.ar\/principal\/wp-json\/wp\/v2\/media\/49890"}],"wp:attachment":[{"href":"https:\/\/www.hoymercedes.com.ar\/principal\/wp-json\/wp\/v2\/media?parent=49889"}],"wp:term":[{"taxonomy":"category","embeddable":true,"href":"https:\/\/www.hoymercedes.com.ar\/principal\/wp-json\/wp\/v2\/categories?post=49889"},{"taxonomy":"post_tag","embeddable":true,"href":"https:\/\/www.hoymercedes.com.ar\/principal\/wp-json\/wp\/v2\/tags?post=49889"}],"curies":[{"name":"wp","href":"https:\/\/api.w.org\/{rel}","templated":true}]}}