{"id":49954,"date":"2016-05-15T17:10:13","date_gmt":"2016-05-15T20:10:13","guid":{"rendered":"http:\/\/www.hoymercedes.com.ar\/principal\/?p=49954"},"modified":"2016-05-15T17:10:13","modified_gmt":"2016-05-15T20:10:13","slug":"unidad-n5-se-llevo-a-cabo-una-charla-ginecologica-para-las-internas","status":"publish","type":"post","link":"https:\/\/www.hoymercedes.com.ar\/principal\/2016\/05\/15\/unidad-n5-se-llevo-a-cabo-una-charla-ginecologica-para-las-internas\/","title":{"rendered":"Unidad N5: se llev\u00f3 a cabo una charla ginecol\u00f3gica para las internas"},"content":{"rendered":"<figure id=\"attachment_49955\" aria-describedby=\"caption-attachment-49955\" style=\"width: 610px\" class=\"wp-caption aligncenter\"><img loading=\"lazy\" decoding=\"async\" data-attachment-id=\"49955\" data-permalink=\"https:\/\/www.hoymercedes.com.ar\/principal\/2016\/05\/15\/unidad-n5-se-llevo-a-cabo-una-charla-ginecologica-para-las-internas\/internas-u5jpg\/#main\" data-orig-file=\"https:\/\/www.hoymercedes.com.ar\/principal\/wp-content\/uploads\/2016\/05\/internas-u5jpg.jpg\" data-orig-size=\"516,387\" data-comments-opened=\"1\" data-image-meta=\"{&quot;aperture&quot;:&quot;0&quot;,&quot;credit&quot;:&quot;&quot;,&quot;camera&quot;:&quot;&quot;,&quot;caption&quot;:&quot;&quot;,&quot;created_timestamp&quot;:&quot;0&quot;,&quot;copyright&quot;:&quot;&quot;,&quot;focal_length&quot;:&quot;0&quot;,&quot;iso&quot;:&quot;0&quot;,&quot;shutter_speed&quot;:&quot;0&quot;,&quot;title&quot;:&quot;&quot;,&quot;orientation&quot;:&quot;0&quot;}\" data-image-title=\"internas-u5jpg\" data-image-description=\"\" data-image-caption=\"&lt;p&gt;Charla en Unidad 5&lt;\/p&gt;\n\" data-large-file=\"https:\/\/www.hoymercedes.com.ar\/principal\/wp-content\/uploads\/2016\/05\/internas-u5jpg.jpg\" class=\"wp-image-49955\" src=\"https:\/\/www.hoymercedes.com.ar\/principal\/wp-content\/uploads\/2016\/05\/internas-u5jpg.jpg\" alt=\"Charla en Unidad 5 \" width=\"620\" height=\"465\" srcset=\"https:\/\/www.hoymercedes.com.ar\/principal\/wp-content\/uploads\/2016\/05\/internas-u5jpg.jpg 516w, https:\/\/www.hoymercedes.com.ar\/principal\/wp-content\/uploads\/2016\/05\/internas-u5jpg-150x113.jpg 150w\" sizes=\"auto, (max-width: 620px) 100vw, 620px\" \/><figcaption id=\"caption-attachment-49955\" class=\"wp-caption-text\">Charla en Unidad 5<\/figcaption><\/figure>\n<p><em><strong>El d\u00eda viernes 13, a las 16.30 \u00a0horas, en el Anexo Femenino que funciona dentro de la Unidad N\u00ba 5 de Mercedes, donde se alojan las mujeres privadas de la libertad, se realiz\u00f3 una charla sobre los cuidados ginecol\u00f3gicos.<\/strong><\/em><\/p>\n<p>La disertaci\u00f3n \u00a0estuvo a cargo de la Doctora Ginec\u00f3loga Amorina Dibiase, perteneciente al Centro de Educaci\u00f3n F\u00edsica N\u00b0 40 (CEF) y al Hospital Zonal Blas Dubarry, que de manera muy did\u00e1ctica, entretenida y con un lenguaje muy f\u00e1cil de entender, \u00a0hablo de diversos temas, comenz\u00f3 con la premisa \u201cconocerse a s\u00ed misma\u201d, por dentro y por fuera, explico los diferentes \u00f3rganos (externos e internos) del aparato genital de la mujer, sus funciones y mostro laminas que trajo para esta ocasi\u00f3n. Adem\u00e1s paso explico las diversas fases por las que pasa en la vida como menstruaci\u00f3n, procreaci\u00f3n y menopausia. Toco tambi\u00e9n los temas de higiene personal y cuidados posibles en las relaciones sexuales. Contesto preguntas y reparti\u00f3 folletos sobre las principales enfermedades como el Virus del Papiloma Humano (HPV).<\/p>\n<p>La actividad \u00a0fue coordinado entre el Centro de Educaci\u00f3n F\u00edsica N\u00b0 40, la Unidad N\u00ba 5 del Servicio Penitenciario, a cargo del Director Adolfo Cersosimo y la Oficina de Pre Egreso del Patronato de Liberados. Licenciada Celeste Burone, quien aporto en para las internas los datos necesarios, para cuando recuperen la libertad, que se pueden acercar a los Hospitales p\u00fablicos, salas barriales, etc, donde tienen atenci\u00f3n gratuita para hacerse los controles necesarios, y la entrega de anticonceptivos en sus diversas formas, asimismo enumero las pr\u00e1cticas deportivas que tienen en cada CEF provincial por lo que en cada municipio de donde las internas vivan, van a tener la posibilidad de acercarse para realizar ellas alguna actividad f\u00edsica o llevar a sus hijos.<\/p>\n<p><img loading=\"lazy\" decoding=\"async\" data-attachment-id=\"49956\" data-permalink=\"https:\/\/www.hoymercedes.com.ar\/principal\/2016\/05\/15\/unidad-n5-se-llevo-a-cabo-una-charla-ginecologica-para-las-internas\/internas-u5-2\/#main\" data-orig-file=\"https:\/\/www.hoymercedes.com.ar\/principal\/wp-content\/uploads\/2016\/05\/internas-u5-2.jpg\" data-orig-size=\"697,523\" data-comments-opened=\"1\" data-image-meta=\"{&quot;aperture&quot;:&quot;0&quot;,&quot;credit&quot;:&quot;&quot;,&quot;camera&quot;:&quot;&quot;,&quot;caption&quot;:&quot;&quot;,&quot;created_timestamp&quot;:&quot;0&quot;,&quot;copyright&quot;:&quot;&quot;,&quot;focal_length&quot;:&quot;0&quot;,&quot;iso&quot;:&quot;0&quot;,&quot;shutter_speed&quot;:&quot;0&quot;,&quot;title&quot;:&quot;&quot;,&quot;orientation&quot;:&quot;0&quot;}\" data-image-title=\"internas-u5-2\" data-image-description=\"\" data-image-caption=\"\" data-large-file=\"https:\/\/www.hoymercedes.com.ar\/principal\/wp-content\/uploads\/2016\/05\/internas-u5-2.jpg\" class=\"aligncenter size-full wp-image-49956\" src=\"https:\/\/www.hoymercedes.com.ar\/principal\/wp-content\/uploads\/2016\/05\/internas-u5-2.jpg\" alt=\"internas-u5-2\" width=\"697\" height=\"523\" srcset=\"https:\/\/www.hoymercedes.com.ar\/principal\/wp-content\/uploads\/2016\/05\/internas-u5-2.jpg 697w, https:\/\/www.hoymercedes.com.ar\/principal\/wp-content\/uploads\/2016\/05\/internas-u5-2-150x113.jpg 150w, https:\/\/www.hoymercedes.com.ar\/principal\/wp-content\/uploads\/2016\/05\/internas-u5-2-630x473.jpg 630w\" sizes=\"auto, (max-width: 697px) 100vw, 697px\" \/><\/p>\n<p>El Director de la Unidad Penal Cersosimo, agradeci\u00f3 la cooperaci\u00f3n de las instituciones, a la Dra Dibiase, por su buena predisposici\u00f3n en concretar este encuentro y llevarlo adelante con tan buena predisposici\u00f3n, \u00a0y resalt\u00f3 \u00a0que el trabajo en conjunto en pos del bien de \u00e9sta parte de la sociedad, las mujeres privadas de la libertad, en esta oportunidad, un aporte para su propio cuidado personal, es de una valor extraordinario.<\/p>\n","protected":false},"excerpt":{"rendered":"<p>El d\u00eda viernes 13, a las 16.30 \u00a0horas, en el Anexo Femenino que funciona dentro de la Unidad N\u00ba 5 &#8230; <a title=\"Unidad N5: se llev\u00f3 a cabo una charla ginecol\u00f3gica para las internas\" class=\"read-more\" href=\"https:\/\/www.hoymercedes.com.ar\/principal\/2016\/05\/15\/unidad-n5-se-llevo-a-cabo-una-charla-ginecologica-para-las-internas\/\" aria-label=\"Leer m\u00e1s sobre Unidad N5: se llev\u00f3 a cabo una charla ginecol\u00f3gica para las internas\">Leer m\u00e1s<\/a><\/p>\n","protected":false},"author":1,"featured_media":49955,"comment_status":"open","ping_status":"open","sticky":false,"template":"","format":"standard","meta":{"_monsterinsights_skip_tracking":false,"_monsterinsights_sitenote_active":false,"_monsterinsights_sitenote_note":"","_monsterinsights_sitenote_category":0,"jetpack_post_was_ever_published":false,"_jetpack_newsletter_access":"","_jetpack_dont_email_post_to_subs":false,"_jetpack_newsletter_tier_id":0,"_jetpack_memberships_contains_paywalled_content":false,"_jetpack_memberships_contains_paid_content":false,"footnotes":"","jetpack_publicize_message":"","jetpack_publicize_feature_enabled":true,"jetpack_social_post_already_shared":true,"jetpack_social_options":{"image_generator_settings":{"template":"highway","default_image_id":0,"font":"","enabled":false},"version":2},"_wpas_customize_per_network":false},"categories":[8],"tags":[9242,113],"class_list":["post-49954","post","type-post","status-publish","format-standard","has-post-thumbnail","hentry","category-sociedad","tag-charla-internas-unidad-5","tag-unidad-5","generate-columns","tablet-grid-50","mobile-grid-100","grid-parent","grid-50"],"jetpack_publicize_connections":[],"jetpack_featured_media_url":"https:\/\/www.hoymercedes.com.ar\/principal\/wp-content\/uploads\/2016\/05\/internas-u5jpg.jpg","wps_subtitle":"Salud y bienestar","jetpack_sharing_enabled":true,"_links":{"self":[{"href":"https:\/\/www.hoymercedes.com.ar\/principal\/wp-json\/wp\/v2\/posts\/49954","targetHints":{"allow":["GET"]}}],"collection":[{"href":"https:\/\/www.hoymercedes.com.ar\/principal\/wp-json\/wp\/v2\/posts"}],"about":[{"href":"https:\/\/www.hoymercedes.com.ar\/principal\/wp-json\/wp\/v2\/types\/post"}],"author":[{"embeddable":true,"href":"https:\/\/www.hoymercedes.com.ar\/principal\/wp-json\/wp\/v2\/users\/1"}],"replies":[{"embeddable":true,"href":"https:\/\/www.hoymercedes.com.ar\/principal\/wp-json\/wp\/v2\/comments?post=49954"}],"version-history":[{"count":0,"href":"https:\/\/www.hoymercedes.com.ar\/principal\/wp-json\/wp\/v2\/posts\/49954\/revisions"}],"wp:featuredmedia":[{"embeddable":true,"href":"https:\/\/www.hoymercedes.com.ar\/principal\/wp-json\/wp\/v2\/media\/49955"}],"wp:attachment":[{"href":"https:\/\/www.hoymercedes.com.ar\/principal\/wp-json\/wp\/v2\/media?parent=49954"}],"wp:term":[{"taxonomy":"category","embeddable":true,"href":"https:\/\/www.hoymercedes.com.ar\/principal\/wp-json\/wp\/v2\/categories?post=49954"},{"taxonomy":"post_tag","embeddable":true,"href":"https:\/\/www.hoymercedes.com.ar\/principal\/wp-json\/wp\/v2\/tags?post=49954"}],"curies":[{"name":"wp","href":"https:\/\/api.w.org\/{rel}","templated":true}]}}