{"id":4997,"date":"2011-06-15T02:06:35","date_gmt":"2011-06-15T02:06:35","guid":{"rendered":"http:\/\/www.hoymercedes.com.ar\/principal\/?p=4997"},"modified":"2011-06-15T02:06:35","modified_gmt":"2011-06-15T02:06:35","slug":"el-socialismo-de-la-provincia-de-buenos-aires-saluda-la-proclamacion-de-binner","status":"publish","type":"post","link":"https:\/\/www.hoymercedes.com.ar\/principal\/2011\/06\/15\/el-socialismo-de-la-provincia-de-buenos-aires-saluda-la-proclamacion-de-binner\/","title":{"rendered":"El socialismo de la provincia de Buenos Aires saluda la proclamaci\u00f3n de Binner"},"content":{"rendered":"<figure id=\"attachment_4999\" aria-describedby=\"caption-attachment-4999\" style=\"width: 290px\" class=\"wp-caption alignleft\"><a href=\"https:\/\/www.hoymercedes.com.ar\/principal\/wp-content\/uploads\/2011\/06\/socialismoprovbiner.jpg\"><img loading=\"lazy\" decoding=\"async\" data-attachment-id=\"4999\" data-permalink=\"https:\/\/www.hoymercedes.com.ar\/principal\/2011\/06\/15\/el-socialismo-de-la-provincia-de-buenos-aires-saluda-la-proclamacion-de-binner\/socialismoprovbiner\/#main\" data-orig-file=\"https:\/\/www.hoymercedes.com.ar\/principal\/wp-content\/uploads\/2011\/06\/socialismoprovbiner.jpg\" data-orig-size=\"553,232\" data-comments-opened=\"1\" data-image-meta=\"{&quot;aperture&quot;:&quot;3&quot;,&quot;credit&quot;:&quot;&quot;,&quot;camera&quot;:&quot;Canon PowerShot A470&quot;,&quot;caption&quot;:&quot;&quot;,&quot;created_timestamp&quot;:&quot;1307791924&quot;,&quot;copyright&quot;:&quot;&quot;,&quot;focal_length&quot;:&quot;6.3&quot;,&quot;iso&quot;:&quot;400&quot;,&quot;shutter_speed&quot;:&quot;0.05&quot;,&quot;title&quot;:&quot;&quot;}\" data-image-title=\"socialismoprovbiner\" data-image-description=\"\" data-image-caption=\"\" data-large-file=\"https:\/\/www.hoymercedes.com.ar\/principal\/wp-content\/uploads\/2011\/06\/socialismoprovbiner.jpg\" class=\"size-medium wp-image-4999\" title=\"socialismoprovbiner\" src=\"https:\/\/www.hoymercedes.com.ar\/principal\/wp-content\/uploads\/2011\/06\/socialismoprovbiner-300x125.jpg\" alt=\"\" width=\"300\" height=\"125\" srcset=\"https:\/\/www.hoymercedes.com.ar\/principal\/wp-content\/uploads\/2011\/06\/socialismoprovbiner-300x125.jpg 300w, https:\/\/www.hoymercedes.com.ar\/principal\/wp-content\/uploads\/2011\/06\/socialismoprovbiner.jpg 553w\" sizes=\"auto, (max-width: 300px) 100vw, 300px\" \/><\/a><figcaption id=\"caption-attachment-4999\" class=\"wp-caption-text\">Acto Socialismo Bs As<\/figcaption><\/figure>\n<p>El socialismo de la provincia de Buenos Aires, encabezado por su Secretario General diputado Carlos Nivio, expres\u00f3 su gran satisfacci\u00f3n por la proclamaci\u00f3n un\u00e1nime en el Congreso Nacional realizado el s\u00e1bado 11, del actual gobernador de Santa Fe Hermes Binner, como candidato a presidente de la Naci\u00f3n.<\/p>\n<p>El hist\u00f3rico Congreso, que abriera el Presidente del PS, Rub\u00e9n Giustiniani, fue presidido por Antonio Bonfatti, candidato a gobernador de la provincia de Santa Fe, acompa\u00f1ado por los vice presidentes por Mar\u00eda del Carmen Vi\u00f1as por la provincia de Buenos aires y el diputado Roy Cortina por la Capital,  y por los secretario Silvia Augsburger por Santa Fe y Mat\u00edas Chamorro por C\u00f3rdoba.<\/p>\n<p>Luego del trabajo en comisiones, los despachos fueron aprobados por unanimidad, entre ellos el que fijaba la pol\u00edtica de alianzas \u2013que fue coincidente con lo resuelto por el Congreso de la provincia de Buenos Aires-, que fundament\u00f3 amplia y profundamente los valores y principios con los cuales el PS recorre el camino del espacio progresista, que constituir\u00e1 la herramienta de la transformaci\u00f3n en el pa\u00eds.<\/p>\n<p>Fijada la pol\u00edtica de alianzas restaba  poner los nombres que, como su cara visible, encarnaran la propuesta para todos los argentinos. Con suma satisfacci\u00f3n el socialismo de la provincia de Buenos Aires, apoy\u00f3 y sumo su compromiso de trabajo a la candidatura a presidente de Hermes Binner, acompa\u00f1ado de Norma Morandini como vice presidenta.<\/p>\n<p>La proclamaci\u00f3n de la f\u00f3rmula que lleva prestigio, capacidad de gesti\u00f3n, garant\u00eda de honestidad y transparencia, fue acompa\u00f1ada con la presencia de Margarita Stolbizer como candidata a gobernadora de la provincia de Buenos Aires, Antonio Bonfatti de la provincia de Santa Fe, Pino Solanas como candidato a jefe de gobierno de la ciudad de Buenos Aires, sum\u00e1ndose la presencia V\u00edctor De Genaro entre otros importantes dirigentes del espacio. Se agrega a esta lista la candidatura a la gobernaci\u00f3n de C\u00f3rdoba por parte de Luis Juez, quien se vio impedido de estar presente.<\/p>\n<p>En declaraciones a la prensa el diputado Nivio expres\u00f3 que estas candidaturas se insertan en el marco de las ya existentes para las pr\u00f3ximas elecciones con la frescura y la fuerza de lo nuevo y con el profundo compromiso de trabajo, demostrado en cada una de sus trayectorias, por una Argentina encaminada hacia una transformaci\u00f3n que garantice justicia e igualdad, con un profundo criterio participativo y democr\u00e1tico.<\/p>\n<p><span style=\"color: #888888;\">Fuente: PS<\/span><\/p>\n<p>&nbsp;<\/p>\n","protected":false},"excerpt":{"rendered":"<p>El socialismo de la provincia de Buenos Aires, encabezado por su Secretario General diputado Carlos Nivio, expres\u00f3 su gran satisfacci\u00f3n &#8230; <a title=\"El socialismo de la provincia de Buenos Aires saluda la proclamaci\u00f3n de Binner\" class=\"read-more\" href=\"https:\/\/www.hoymercedes.com.ar\/principal\/2011\/06\/15\/el-socialismo-de-la-provincia-de-buenos-aires-saluda-la-proclamacion-de-binner\/\" aria-label=\"Leer m\u00e1s sobre El socialismo de la provincia de Buenos Aires saluda la proclamaci\u00f3n de Binner\">Leer m\u00e1s<\/a><\/p>\n","protected":false},"author":1,"featured_media":0,"comment_status":"open","ping_status":"open","sticky":false,"template":"","format":"standard","meta":{"_monsterinsights_skip_tracking":false,"_monsterinsights_sitenote_active":false,"_monsterinsights_sitenote_note":"","_monsterinsights_sitenote_category":0,"jetpack_post_was_ever_published":false,"_jetpack_newsletter_access":"","_jetpack_dont_email_post_to_subs":false,"_jetpack_newsletter_tier_id":0,"_jetpack_memberships_contains_paywalled_content":false,"_jetpack_memberships_contains_paid_content":false,"footnotes":"","jetpack_publicize_message":"","jetpack_publicize_feature_enabled":true,"jetpack_social_post_already_shared":false,"jetpack_social_options":{"image_generator_settings":{"template":"highway","default_image_id":0,"font":"","enabled":false},"version":2},"_wpas_customize_per_network":false},"categories":[5],"tags":[906,907],"class_list":["post-4997","post","type-post","status-publish","format-standard","hentry","category-politica","tag-partido-socialista","tag-socialista-prov-buenos-aires","generate-columns","tablet-grid-50","mobile-grid-100","grid-parent","grid-50"],"jetpack_publicize_connections":[],"jetpack_featured_media_url":"","wps_subtitle":"","jetpack_sharing_enabled":true,"_links":{"self":[{"href":"https:\/\/www.hoymercedes.com.ar\/principal\/wp-json\/wp\/v2\/posts\/4997","targetHints":{"allow":["GET"]}}],"collection":[{"href":"https:\/\/www.hoymercedes.com.ar\/principal\/wp-json\/wp\/v2\/posts"}],"about":[{"href":"https:\/\/www.hoymercedes.com.ar\/principal\/wp-json\/wp\/v2\/types\/post"}],"author":[{"embeddable":true,"href":"https:\/\/www.hoymercedes.com.ar\/principal\/wp-json\/wp\/v2\/users\/1"}],"replies":[{"embeddable":true,"href":"https:\/\/www.hoymercedes.com.ar\/principal\/wp-json\/wp\/v2\/comments?post=4997"}],"version-history":[{"count":0,"href":"https:\/\/www.hoymercedes.com.ar\/principal\/wp-json\/wp\/v2\/posts\/4997\/revisions"}],"wp:attachment":[{"href":"https:\/\/www.hoymercedes.com.ar\/principal\/wp-json\/wp\/v2\/media?parent=4997"}],"wp:term":[{"taxonomy":"category","embeddable":true,"href":"https:\/\/www.hoymercedes.com.ar\/principal\/wp-json\/wp\/v2\/categories?post=4997"},{"taxonomy":"post_tag","embeddable":true,"href":"https:\/\/www.hoymercedes.com.ar\/principal\/wp-json\/wp\/v2\/tags?post=4997"}],"curies":[{"name":"wp","href":"https:\/\/api.w.org\/{rel}","templated":true}]}}