{"id":49972,"date":"2016-05-16T12:54:40","date_gmt":"2016-05-16T15:54:40","guid":{"rendered":"http:\/\/www.hoymercedes.com.ar\/principal\/?p=49972"},"modified":"2016-05-16T12:54:40","modified_gmt":"2016-05-16T15:54:40","slug":"se-estrena-la-pelicula-filmada-en-chile-con-fabian-morales","status":"publish","type":"post","link":"https:\/\/www.hoymercedes.com.ar\/principal\/2016\/05\/16\/se-estrena-la-pelicula-filmada-en-chile-con-fabian-morales\/","title":{"rendered":"Se estrena la pel\u00edcula filmada en Chile con Fabi\u00e1n Morales"},"content":{"rendered":"<p><img loading=\"lazy\" decoding=\"async\" data-attachment-id=\"49973\" data-permalink=\"https:\/\/www.hoymercedes.com.ar\/principal\/2016\/05\/16\/se-estrena-la-pelicula-filmada-en-chile-con-fabian-morales\/16-morales\/#main\" data-orig-file=\"https:\/\/www.hoymercedes.com.ar\/principal\/wp-content\/uploads\/2016\/05\/16-morales.jpg\" data-orig-size=\"448,299\" data-comments-opened=\"1\" data-image-meta=\"{&quot;aperture&quot;:&quot;0&quot;,&quot;credit&quot;:&quot;&quot;,&quot;camera&quot;:&quot;&quot;,&quot;caption&quot;:&quot;&quot;,&quot;created_timestamp&quot;:&quot;0&quot;,&quot;copyright&quot;:&quot;&quot;,&quot;focal_length&quot;:&quot;0&quot;,&quot;iso&quot;:&quot;0&quot;,&quot;shutter_speed&quot;:&quot;0&quot;,&quot;title&quot;:&quot;&quot;,&quot;orientation&quot;:&quot;0&quot;}\" data-image-title=\"16 morales\" data-image-description=\"\" data-image-caption=\"\" data-large-file=\"https:\/\/www.hoymercedes.com.ar\/principal\/wp-content\/uploads\/2016\/05\/16-morales.jpg\" class=\"aligncenter size-full wp-image-49973\" src=\"https:\/\/www.hoymercedes.com.ar\/principal\/wp-content\/uploads\/2016\/05\/16-morales.jpg\" alt=\"16 morales\" width=\"448\" height=\"299\" srcset=\"https:\/\/www.hoymercedes.com.ar\/principal\/wp-content\/uploads\/2016\/05\/16-morales.jpg 448w, https:\/\/www.hoymercedes.com.ar\/principal\/wp-content\/uploads\/2016\/05\/16-morales-150x100.jpg 150w, https:\/\/www.hoymercedes.com.ar\/principal\/wp-content\/uploads\/2016\/05\/16-morales-300x200.jpg 300w\" sizes=\"auto, (max-width: 448px) 100vw, 448px\" \/>Desde la Organizaci\u00f3n El Negro Olmedo confirmaron que en las pr\u00f3ximas semanas se estrena en Chile la\u00a0pel\u00edcula \u201cArgentino QL\u00bb, film en el que participa el actor mercedino Fabi\u00e1n Morales.<\/p>\n<p>Morales film\u00f3 la pel\u00edcula en Santiago de Chile y en Buenos Aires, junto al comediante argentino radicado en el pa\u00eds trasandino Jorge Al\u00eds, a la modelo Micaela Breque, al actor argentino Luis Margani, al acto peruano Carlos Vilchez, a la actriz argentina Silvia Leal y a Carlos Belloso que hizo una presentaci\u00f3n especial. Todos bajo la direcci\u00f3n del chileno Patricio \u201cPato\u201d Pimienta.<\/p>\n<p>La pel\u00edcula cuenta la historia de un argentino que se va a vivir a Chile y forma una familia all\u00ed. Pero uno de los problemas viene cuando su familia va a visitarlo y se enfrentan dos culturas distintas, con la idiosincrasia de cada pa\u00eds y costumbres. Adem\u00e1s de pertenecer a distintos estratos sociales.<\/p>\n<p><span class=\"embed-youtube\" style=\"text-align:center; display: block;\"><iframe loading=\"lazy\" class=\"youtube-player\" width=\"1200\" height=\"675\" src=\"https:\/\/www.youtube.com\/embed\/aSYDlfkTZAA?version=3&#038;rel=1&#038;showsearch=0&#038;showinfo=1&#038;iv_load_policy=1&#038;fs=1&#038;hl=es-ES&#038;autohide=2&#038;wmode=transparent\" allowfullscreen=\"true\" style=\"border:0;\" sandbox=\"allow-scripts allow-same-origin allow-popups allow-presentation allow-popups-to-escape-sandbox\"><\/iframe><\/span><\/p>\n","protected":false},"excerpt":{"rendered":"<p>Desde la Organizaci\u00f3n El Negro Olmedo confirmaron que en las pr\u00f3ximas semanas se estrena en Chile la\u00a0pel\u00edcula \u201cArgentino QL\u00bb, film &#8230; <a title=\"Se estrena la pel\u00edcula filmada en Chile con Fabi\u00e1n Morales\" class=\"read-more\" href=\"https:\/\/www.hoymercedes.com.ar\/principal\/2016\/05\/16\/se-estrena-la-pelicula-filmada-en-chile-con-fabian-morales\/\" aria-label=\"Leer m\u00e1s sobre Se estrena la pel\u00edcula filmada en Chile con Fabi\u00e1n Morales\">Leer m\u00e1s<\/a><\/p>\n","protected":false},"author":1,"featured_media":49973,"comment_status":"open","ping_status":"open","sticky":false,"template":"","format":"standard","meta":{"_monsterinsights_skip_tracking":false,"_monsterinsights_sitenote_active":false,"_monsterinsights_sitenote_note":"","_monsterinsights_sitenote_category":0,"jetpack_post_was_ever_published":false,"_jetpack_newsletter_access":"","_jetpack_dont_email_post_to_subs":false,"_jetpack_newsletter_tier_id":0,"_jetpack_memberships_contains_paywalled_content":false,"_jetpack_memberships_contains_paid_content":false,"footnotes":"","jetpack_publicize_message":"","jetpack_publicize_feature_enabled":true,"jetpack_social_post_already_shared":true,"jetpack_social_options":{"image_generator_settings":{"template":"highway","default_image_id":0,"font":"","enabled":false},"version":2},"_wpas_customize_per_network":false},"categories":[104],"tags":[9247,7805,8643,479,9246],"class_list":["post-49972","post","type-post","status-publish","format-standard","has-post-thumbnail","hentry","category-cultura","tag-argentino-ql","tag-cultura","tag-estreno","tag-fabian-morales","tag-pelicula","generate-columns","tablet-grid-50","mobile-grid-100","grid-parent","grid-50"],"jetpack_publicize_connections":[],"jetpack_featured_media_url":"https:\/\/www.hoymercedes.com.ar\/principal\/wp-content\/uploads\/2016\/05\/16-morales.jpg","wps_subtitle":"Ver trailer","jetpack_sharing_enabled":true,"_links":{"self":[{"href":"https:\/\/www.hoymercedes.com.ar\/principal\/wp-json\/wp\/v2\/posts\/49972","targetHints":{"allow":["GET"]}}],"collection":[{"href":"https:\/\/www.hoymercedes.com.ar\/principal\/wp-json\/wp\/v2\/posts"}],"about":[{"href":"https:\/\/www.hoymercedes.com.ar\/principal\/wp-json\/wp\/v2\/types\/post"}],"author":[{"embeddable":true,"href":"https:\/\/www.hoymercedes.com.ar\/principal\/wp-json\/wp\/v2\/users\/1"}],"replies":[{"embeddable":true,"href":"https:\/\/www.hoymercedes.com.ar\/principal\/wp-json\/wp\/v2\/comments?post=49972"}],"version-history":[{"count":0,"href":"https:\/\/www.hoymercedes.com.ar\/principal\/wp-json\/wp\/v2\/posts\/49972\/revisions"}],"wp:featuredmedia":[{"embeddable":true,"href":"https:\/\/www.hoymercedes.com.ar\/principal\/wp-json\/wp\/v2\/media\/49973"}],"wp:attachment":[{"href":"https:\/\/www.hoymercedes.com.ar\/principal\/wp-json\/wp\/v2\/media?parent=49972"}],"wp:term":[{"taxonomy":"category","embeddable":true,"href":"https:\/\/www.hoymercedes.com.ar\/principal\/wp-json\/wp\/v2\/categories?post=49972"},{"taxonomy":"post_tag","embeddable":true,"href":"https:\/\/www.hoymercedes.com.ar\/principal\/wp-json\/wp\/v2\/tags?post=49972"}],"curies":[{"name":"wp","href":"https:\/\/api.w.org\/{rel}","templated":true}]}}