{"id":49975,"date":"2016-05-19T12:59:10","date_gmt":"2016-05-19T15:59:10","guid":{"rendered":"http:\/\/www.hoymercedes.com.ar\/principal\/?p=49975"},"modified":"2016-05-16T13:14:53","modified_gmt":"2016-05-16T16:14:53","slug":"hugo-dinzelbacher-presenta-sus-estructuras-en-libertad","status":"publish","type":"post","link":"https:\/\/www.hoymercedes.com.ar\/principal\/2016\/05\/19\/hugo-dinzelbacher-presenta-sus-estructuras-en-libertad\/","title":{"rendered":"Hugo Dinzelbacher presenta sus estructuras en libertad"},"content":{"rendered":"<p><img loading=\"lazy\" decoding=\"async\" data-attachment-id=\"49976\" data-permalink=\"https:\/\/www.hoymercedes.com.ar\/principal\/2016\/05\/19\/hugo-dinzelbacher-presenta-sus-estructuras-en-libertad\/19-hugo-dinzelbacher\/#main\" data-orig-file=\"https:\/\/www.hoymercedes.com.ar\/principal\/wp-content\/uploads\/2016\/05\/19-Hugo-Dinzelbacher.jpg\" data-orig-size=\"448,299\" data-comments-opened=\"1\" data-image-meta=\"{&quot;aperture&quot;:&quot;0&quot;,&quot;credit&quot;:&quot;&quot;,&quot;camera&quot;:&quot;&quot;,&quot;caption&quot;:&quot;&quot;,&quot;created_timestamp&quot;:&quot;0&quot;,&quot;copyright&quot;:&quot;&quot;,&quot;focal_length&quot;:&quot;0&quot;,&quot;iso&quot;:&quot;0&quot;,&quot;shutter_speed&quot;:&quot;0&quot;,&quot;title&quot;:&quot;&quot;,&quot;orientation&quot;:&quot;0&quot;}\" data-image-title=\"19 Hugo Dinzelbacher\" data-image-description=\"\" data-image-caption=\"\" data-large-file=\"https:\/\/www.hoymercedes.com.ar\/principal\/wp-content\/uploads\/2016\/05\/19-Hugo-Dinzelbacher.jpg\" class=\"aligncenter size-full wp-image-49976\" src=\"https:\/\/www.hoymercedes.com.ar\/principal\/wp-content\/uploads\/2016\/05\/19-Hugo-Dinzelbacher.jpg\" alt=\"19 Hugo Dinzelbacher\" width=\"448\" height=\"299\" srcset=\"https:\/\/www.hoymercedes.com.ar\/principal\/wp-content\/uploads\/2016\/05\/19-Hugo-Dinzelbacher.jpg 448w, https:\/\/www.hoymercedes.com.ar\/principal\/wp-content\/uploads\/2016\/05\/19-Hugo-Dinzelbacher-150x100.jpg 150w, https:\/\/www.hoymercedes.com.ar\/principal\/wp-content\/uploads\/2016\/05\/19-Hugo-Dinzelbacher-300x200.jpg 300w\" sizes=\"auto, (max-width: 448px) 100vw, 448px\" \/>El ciclo de exposiciones en el Museo de Arte \u00abMunicipalidad de Mercedes\u00bb contin\u00faa este s\u00e1bado 21 de mayo con la inauguraci\u00f3n a la hora 20 de la muestra itinerante de\u00a0Hugo Dinzelbacher titulada \u00abEstructuras en libertad\u00bb.<\/p>\n<p>La exposici\u00f3n cuenta con trabajos realizados en tinta-pastel del artista dibujante, pintor y grabador, nacido en Buenos Aires, y pertenecen a una serie que se compone de im\u00e1genes urbanas: sus esqueletos arquitect\u00f3nicos, sus esculturas de hierro mecanizado (gr\u00faas) y sus despojos de humanidad en un mundo consumido por la ilusi\u00f3n de progreso.<\/p>\n<p>En relaci\u00f3n a su producci\u00f3n, Hugo explica que nos constitu\u00edmos y nos diferenciamos por una trama de identificaciones. \u00abSignificamos nuestra propia experiencia, disponiendo el modo de vincularnos y de interaccionar con la realidad. Como habitante de la ciudad, recibo en forma cotidiana los est\u00edmulos de la urbe en acci\u00f3n. Las estructuras met\u00e1licas que se elevan al espacio, en especial las gr\u00faas, especie de brazos gigantes utilizados en la labor portuaria y en la construcci\u00f3n edilicia, atraen mi atenci\u00f3n desde mi ni\u00f1ez. Los residuos no reciclados, testimonio de una cultura consumista desenfrenada, los imagino como la arqueolog\u00eda del ma\u00f1ana. El contraste de las villas, otra realidad naturalizada, y el hombre sobreviviendo al medio, son una imagen identificable en mis paisajes urbanos\u201d.<\/p>\n<p>Dinzelbacher lleva realizadas numerosas muestras individuales y colectivas en Museos, Centros Culturales y Galer\u00edas de Arte. A partir de 1992 participa en diversos Salones privados y expone a nivel Nacional en los m\u00e1s importantes. Internacionalmente particip\u00f3 en\u00a0 la 10\u00ba Bienal Internacional de Dibujo y Grabado Taipei. CHINA 2001. Y en la 12\u00ba Bienal Internacional de Dibujo y Grabado. Taiwan. CHINA 2006. En Osten World Gallery of Drawings. Special Prize of the Jury. Rep\u00fablica de Macedonia 2009. Durante su trayectoria obtuvo m\u00e1s de 80 distinciones entre premios y menciones, entre los que se encuentran el\u00a0Gran Premio Adquisici\u00f3n \u201dPresidencia de la Naci\u00f3n Argentina\u201d en Dibujo. Sal\u00f3n Nacional de Artes visuales\u00a0\u00a0 2005.<\/p>\n<p>Actu\u00f3 como\u00a0 integrante del Jurado en numerosos Salones. Nacional, Municipales, Galer\u00edas de Arte, SAAP y entidades privadas. Poseen obras de su autor\u00eda: Salas Nacionales de Exposici\u00f3n, Museos , Municipalidades y colecciones privadas. Vive y trabaja en la Ciudad Aut\u00f3noma de Buenos Aires<\/p>\n<p>&nbsp;<\/p>\n","protected":false},"excerpt":{"rendered":"<p>El ciclo de exposiciones en el Museo de Arte \u00abMunicipalidad de Mercedes\u00bb contin\u00faa este s\u00e1bado 21 de mayo con la &#8230; <a title=\"Hugo Dinzelbacher presenta sus estructuras en libertad\" class=\"read-more\" href=\"https:\/\/www.hoymercedes.com.ar\/principal\/2016\/05\/19\/hugo-dinzelbacher-presenta-sus-estructuras-en-libertad\/\" aria-label=\"Leer m\u00e1s sobre Hugo Dinzelbacher presenta sus estructuras en libertad\">Leer m\u00e1s<\/a><\/p>\n","protected":false},"author":1,"featured_media":49976,"comment_status":"open","ping_status":"open","sticky":false,"template":"","format":"standard","meta":{"_monsterinsights_skip_tracking":false,"_monsterinsights_sitenote_active":false,"_monsterinsights_sitenote_note":"","_monsterinsights_sitenote_category":0,"jetpack_post_was_ever_published":false,"_jetpack_newsletter_access":"","_jetpack_dont_email_post_to_subs":false,"_jetpack_newsletter_tier_id":0,"_jetpack_memberships_contains_paywalled_content":false,"_jetpack_memberships_contains_paid_content":false,"footnotes":"","jetpack_publicize_message":"","jetpack_publicize_feature_enabled":true,"jetpack_social_post_already_shared":true,"jetpack_social_options":{"image_generator_settings":{"template":"highway","default_image_id":0,"font":"","enabled":false},"version":2},"_wpas_customize_per_network":false},"categories":[104],"tags":[7805,9248,8674,8715],"class_list":["post-49975","post","type-post","status-publish","format-standard","has-post-thumbnail","hentry","category-cultura","tag-cultura","tag-inauguracion","tag-mamm","tag-muestra","generate-columns","tablet-grid-50","mobile-grid-100","grid-parent","grid-50"],"jetpack_publicize_connections":[],"jetpack_featured_media_url":"https:\/\/www.hoymercedes.com.ar\/principal\/wp-content\/uploads\/2016\/05\/19-Hugo-Dinzelbacher.jpg","wps_subtitle":"Muestra en el MAMM","jetpack_sharing_enabled":true,"_links":{"self":[{"href":"https:\/\/www.hoymercedes.com.ar\/principal\/wp-json\/wp\/v2\/posts\/49975","targetHints":{"allow":["GET"]}}],"collection":[{"href":"https:\/\/www.hoymercedes.com.ar\/principal\/wp-json\/wp\/v2\/posts"}],"about":[{"href":"https:\/\/www.hoymercedes.com.ar\/principal\/wp-json\/wp\/v2\/types\/post"}],"author":[{"embeddable":true,"href":"https:\/\/www.hoymercedes.com.ar\/principal\/wp-json\/wp\/v2\/users\/1"}],"replies":[{"embeddable":true,"href":"https:\/\/www.hoymercedes.com.ar\/principal\/wp-json\/wp\/v2\/comments?post=49975"}],"version-history":[{"count":0,"href":"https:\/\/www.hoymercedes.com.ar\/principal\/wp-json\/wp\/v2\/posts\/49975\/revisions"}],"wp:featuredmedia":[{"embeddable":true,"href":"https:\/\/www.hoymercedes.com.ar\/principal\/wp-json\/wp\/v2\/media\/49976"}],"wp:attachment":[{"href":"https:\/\/www.hoymercedes.com.ar\/principal\/wp-json\/wp\/v2\/media?parent=49975"}],"wp:term":[{"taxonomy":"category","embeddable":true,"href":"https:\/\/www.hoymercedes.com.ar\/principal\/wp-json\/wp\/v2\/categories?post=49975"},{"taxonomy":"post_tag","embeddable":true,"href":"https:\/\/www.hoymercedes.com.ar\/principal\/wp-json\/wp\/v2\/tags?post=49975"}],"curies":[{"name":"wp","href":"https:\/\/api.w.org\/{rel}","templated":true}]}}