{"id":49990,"date":"2016-05-16T14:24:20","date_gmt":"2016-05-16T17:24:20","guid":{"rendered":"http:\/\/www.hoymercedes.com.ar\/principal\/?p=49990"},"modified":"2016-05-16T14:24:20","modified_gmt":"2016-05-16T17:24:20","slug":"paro-de-judiciales-medicos-y-estatales","status":"publish","type":"post","link":"https:\/\/www.hoymercedes.com.ar\/principal\/2016\/05\/16\/paro-de-judiciales-medicos-y-estatales\/","title":{"rendered":"Paro de judiciales, m\u00e9dicos y estatales"},"content":{"rendered":"<p>En la jornada de este lunes, los gremios de los trabajadores judiciales, de la salud, y estatales en general, se dieron cita en la esquina de 27 y 26 para expresar su reclamo ante las autoridades bonaerenses.<\/p>\n<p>El pedido de paritarias en algunos casos, de reapertura de paritarias en otros, y el generalizado por un salario digno para los trabajadores que dependen del gobierno de la provincia de Buenos Aires son las consignas presentadas por los sindicatos y gremios.<\/p>\n<p>Las jornadas de paro se llevar\u00e1n adelante los d\u00edas\u00a017, 18 y 19 de mayo. Con un d\u00eda com\u00fan, el pr\u00f3ximo jueves en el que los trabajadores se movilizar\u00e1n nuevamente a La Plata para hacer el reclamo a la gobernaci\u00f3n. Mientras tanto, distintas medidas de fuerzas est\u00e1n llevando a cabo en las distintas localidades. En Mercedes, la de este lunes fue el corte en las calles c\u00e9ntricas, delante del Palacio Judicial.<\/p>\n","protected":false},"excerpt":{"rendered":"<p>En la jornada de este lunes, los gremios de los trabajadores judiciales, de la salud, y estatales en general, se &#8230; <a title=\"Paro de judiciales, m\u00e9dicos y estatales\" class=\"read-more\" href=\"https:\/\/www.hoymercedes.com.ar\/principal\/2016\/05\/16\/paro-de-judiciales-medicos-y-estatales\/\" aria-label=\"Leer m\u00e1s sobre Paro de judiciales, m\u00e9dicos y estatales\">Leer m\u00e1s<\/a><\/p>\n","protected":false},"author":1,"featured_media":49992,"comment_status":"open","ping_status":"open","sticky":false,"template":"","format":"standard","meta":{"_monsterinsights_skip_tracking":false,"_monsterinsights_sitenote_active":false,"_monsterinsights_sitenote_note":"","_monsterinsights_sitenote_category":0,"jetpack_post_was_ever_published":false,"_jetpack_newsletter_access":"","_jetpack_dont_email_post_to_subs":false,"_jetpack_newsletter_tier_id":0,"_jetpack_memberships_contains_paywalled_content":false,"_jetpack_memberships_contains_paid_content":false,"footnotes":"","jetpack_publicize_message":"","jetpack_publicize_feature_enabled":true,"jetpack_social_post_already_shared":true,"jetpack_social_options":{"image_generator_settings":{"template":"highway","default_image_id":0,"font":"","enabled":false},"version":2},"_wpas_customize_per_network":false},"categories":[8],"tags":[418,6439,523,9256,524],"class_list":["post-49990","post","type-post","status-publish","format-standard","has-post-thumbnail","hentry","category-sociedad","tag-ate","tag-cicop","tag-judiciales","tag-movilizacion","tag-paro","generate-columns","tablet-grid-50","mobile-grid-100","grid-parent","grid-50"],"jetpack_publicize_connections":[],"jetpack_featured_media_url":"https:\/\/www.hoymercedes.com.ar\/principal\/wp-content\/uploads\/2016\/05\/16-judiciales.jpg","wps_subtitle":"Trabajadores bonaerenses","jetpack_sharing_enabled":true,"_links":{"self":[{"href":"https:\/\/www.hoymercedes.com.ar\/principal\/wp-json\/wp\/v2\/posts\/49990","targetHints":{"allow":["GET"]}}],"collection":[{"href":"https:\/\/www.hoymercedes.com.ar\/principal\/wp-json\/wp\/v2\/posts"}],"about":[{"href":"https:\/\/www.hoymercedes.com.ar\/principal\/wp-json\/wp\/v2\/types\/post"}],"author":[{"embeddable":true,"href":"https:\/\/www.hoymercedes.com.ar\/principal\/wp-json\/wp\/v2\/users\/1"}],"replies":[{"embeddable":true,"href":"https:\/\/www.hoymercedes.com.ar\/principal\/wp-json\/wp\/v2\/comments?post=49990"}],"version-history":[{"count":0,"href":"https:\/\/www.hoymercedes.com.ar\/principal\/wp-json\/wp\/v2\/posts\/49990\/revisions"}],"wp:featuredmedia":[{"embeddable":true,"href":"https:\/\/www.hoymercedes.com.ar\/principal\/wp-json\/wp\/v2\/media\/49992"}],"wp:attachment":[{"href":"https:\/\/www.hoymercedes.com.ar\/principal\/wp-json\/wp\/v2\/media?parent=49990"}],"wp:term":[{"taxonomy":"category","embeddable":true,"href":"https:\/\/www.hoymercedes.com.ar\/principal\/wp-json\/wp\/v2\/categories?post=49990"},{"taxonomy":"post_tag","embeddable":true,"href":"https:\/\/www.hoymercedes.com.ar\/principal\/wp-json\/wp\/v2\/tags?post=49990"}],"curies":[{"name":"wp","href":"https:\/\/api.w.org\/{rel}","templated":true}]}}