{"id":50039,"date":"2016-05-17T08:00:29","date_gmt":"2016-05-17T11:00:29","guid":{"rendered":"http:\/\/www.hoymercedes.com.ar\/principal\/?p=50039"},"modified":"2016-05-16T17:27:10","modified_gmt":"2016-05-16T20:27:10","slug":"una-decada-de-festejo-para-el-jardin-maternal-no-1","status":"publish","type":"post","link":"https:\/\/www.hoymercedes.com.ar\/principal\/2016\/05\/17\/una-decada-de-festejo-para-el-jardin-maternal-no-1\/","title":{"rendered":"Una d\u00e9cada de festejo para el Jard\u00edn Maternal N\u00ba 1"},"content":{"rendered":"<p><img loading=\"lazy\" decoding=\"async\" data-attachment-id=\"50040\" data-permalink=\"https:\/\/www.hoymercedes.com.ar\/principal\/2016\/05\/17\/una-decada-de-festejo-para-el-jardin-maternal-no-1\/17-jardin-maternal-1\/#main\" data-orig-file=\"https:\/\/www.hoymercedes.com.ar\/principal\/wp-content\/uploads\/2016\/05\/17-jardin-maternal-1.jpg\" data-orig-size=\"448,299\" data-comments-opened=\"1\" data-image-meta=\"{&quot;aperture&quot;:&quot;0&quot;,&quot;credit&quot;:&quot;&quot;,&quot;camera&quot;:&quot;&quot;,&quot;caption&quot;:&quot;&quot;,&quot;created_timestamp&quot;:&quot;0&quot;,&quot;copyright&quot;:&quot;&quot;,&quot;focal_length&quot;:&quot;0&quot;,&quot;iso&quot;:&quot;0&quot;,&quot;shutter_speed&quot;:&quot;0&quot;,&quot;title&quot;:&quot;&quot;,&quot;orientation&quot;:&quot;0&quot;}\" data-image-title=\"17 jardin maternal 1\" data-image-description=\"\" data-image-caption=\"\" data-large-file=\"https:\/\/www.hoymercedes.com.ar\/principal\/wp-content\/uploads\/2016\/05\/17-jardin-maternal-1.jpg\" class=\"aligncenter size-full wp-image-50040\" src=\"https:\/\/www.hoymercedes.com.ar\/principal\/wp-content\/uploads\/2016\/05\/17-jardin-maternal-1.jpg\" alt=\"17 jardin maternal 1\" width=\"448\" height=\"299\" srcset=\"https:\/\/www.hoymercedes.com.ar\/principal\/wp-content\/uploads\/2016\/05\/17-jardin-maternal-1.jpg 448w, https:\/\/www.hoymercedes.com.ar\/principal\/wp-content\/uploads\/2016\/05\/17-jardin-maternal-1-150x100.jpg 150w, https:\/\/www.hoymercedes.com.ar\/principal\/wp-content\/uploads\/2016\/05\/17-jardin-maternal-1-300x200.jpg 300w\" sizes=\"auto, (max-width: 448px) 100vw, 448px\" \/>El Jardin Maternal N\u00ba 1 celebr\u00f3 su 10\u00ba aniversario con un festejo especial en el que la comunidad educativa y las autoridades comunales\u00a0en el sal\u00f3n de actos del ex Instituto Mart\u00edn Rodr\u00edguez. Algo in\u00e9dito, teniendo en cuenta que la instituci\u00f3n funciona en el edificio de calles 37 y 6, que en su momento cedi\u00f3 el Club Nacional.<\/p>\n<p>Este 16 de mayo el Jard\u00edn Maternal N\u00ba 1 cumpli\u00f3 los diez a\u00f1os\u00a0y su directora Silvina Alday fue recorriendo con palabras cada periodo destacado, de la historia del jard\u00edn, agradeciendo a padres \u201cpor la confianza\u00a0 que depositan en el Jard\u00edn y dejarnos a sus hijos\u201d, alumnos y ex alumnos, autoridades y sobre todo a docentes y auxiliares del maternal que \u201ccumplen esta tarea con mucho esfuerzo y mucho amor\u201d, quienes recibieron presentes florales.<\/p>\n<p>El Intendente Municipal Dr. Juan Ignacio Ustarroz, acompa\u00f1ado de miembros del Departamento Ejecutivo, as\u00ed como del Diputado Nacional e Intendente en la fecha de inauguraci\u00f3n del Jard\u00edn Maternal, Carlos Selva, y autoridades de educaci\u00f3n actuales y de la gesti\u00f3n anterior, fueron parte del acto realizado en la ma\u00f1ana del lunes.<\/p>\n<p>\u201cSoy de las personas que no considera que todo lo que se ha hecho en el pasado est\u00e1 mal. Y esto estaba muy bien, y hay que seguir adelante, pensando en el futuro, sabiendo que desde el Municipio debemos establecer prioridades, y la educaci\u00f3n de los m\u00e1s peque\u00f1os es una de ellas y el mayor de los compromisos\u201d dijo el Jefe Comunal y agreg\u00f3 \u201cla inversi\u00f3n en educaci\u00f3n p\u00fablica por parte del municipio contin\u00faa y va a continuar, por que es fundamental\u201d.<\/p>\n<p>Los festejos continuaron, con tortas y juegos para los m\u00e1s peque\u00f1os, pero de los que disfrutaron todos los presentes.<\/p>\n<p>&nbsp;<\/p>\n<p>&nbsp;<\/p>\n","protected":false},"excerpt":{"rendered":"<p>El Jardin Maternal N\u00ba 1 celebr\u00f3 su 10\u00ba aniversario con un festejo especial en el que la comunidad educativa y &#8230; <a title=\"Una d\u00e9cada de festejo para el Jard\u00edn Maternal N\u00ba 1\" class=\"read-more\" href=\"https:\/\/www.hoymercedes.com.ar\/principal\/2016\/05\/17\/una-decada-de-festejo-para-el-jardin-maternal-no-1\/\" aria-label=\"Leer m\u00e1s sobre Una d\u00e9cada de festejo para el Jard\u00edn Maternal N\u00ba 1\">Leer m\u00e1s<\/a><\/p>\n","protected":false},"author":1,"featured_media":50040,"comment_status":"open","ping_status":"open","sticky":false,"template":"","format":"standard","meta":{"_monsterinsights_skip_tracking":false,"_monsterinsights_sitenote_active":false,"_monsterinsights_sitenote_note":"","_monsterinsights_sitenote_category":0,"jetpack_post_was_ever_published":false,"_jetpack_newsletter_access":"","_jetpack_dont_email_post_to_subs":false,"_jetpack_newsletter_tier_id":0,"_jetpack_memberships_contains_paywalled_content":false,"_jetpack_memberships_contains_paid_content":false,"footnotes":"","jetpack_publicize_message":"","jetpack_publicize_feature_enabled":true,"jetpack_social_post_already_shared":true,"jetpack_social_options":{"image_generator_settings":{"template":"highway","default_image_id":0,"font":"","enabled":false},"version":2},"_wpas_customize_per_network":false},"categories":[23],"tags":[9264,8829,9263,244],"class_list":["post-50039","post","type-post","status-publish","format-standard","has-post-thumbnail","hentry","category-educacion","tag-10-anos","tag-aniversario","tag-jardin-maternal-no-1","tag-municipio-2","generate-columns","tablet-grid-50","mobile-grid-100","grid-parent","grid-50"],"jetpack_publicize_connections":[],"jetpack_featured_media_url":"https:\/\/www.hoymercedes.com.ar\/principal\/wp-content\/uploads\/2016\/05\/17-jardin-maternal-1.jpg","wps_subtitle":"Aniversario","jetpack_sharing_enabled":true,"_links":{"self":[{"href":"https:\/\/www.hoymercedes.com.ar\/principal\/wp-json\/wp\/v2\/posts\/50039","targetHints":{"allow":["GET"]}}],"collection":[{"href":"https:\/\/www.hoymercedes.com.ar\/principal\/wp-json\/wp\/v2\/posts"}],"about":[{"href":"https:\/\/www.hoymercedes.com.ar\/principal\/wp-json\/wp\/v2\/types\/post"}],"author":[{"embeddable":true,"href":"https:\/\/www.hoymercedes.com.ar\/principal\/wp-json\/wp\/v2\/users\/1"}],"replies":[{"embeddable":true,"href":"https:\/\/www.hoymercedes.com.ar\/principal\/wp-json\/wp\/v2\/comments?post=50039"}],"version-history":[{"count":0,"href":"https:\/\/www.hoymercedes.com.ar\/principal\/wp-json\/wp\/v2\/posts\/50039\/revisions"}],"wp:featuredmedia":[{"embeddable":true,"href":"https:\/\/www.hoymercedes.com.ar\/principal\/wp-json\/wp\/v2\/media\/50040"}],"wp:attachment":[{"href":"https:\/\/www.hoymercedes.com.ar\/principal\/wp-json\/wp\/v2\/media?parent=50039"}],"wp:term":[{"taxonomy":"category","embeddable":true,"href":"https:\/\/www.hoymercedes.com.ar\/principal\/wp-json\/wp\/v2\/categories?post=50039"},{"taxonomy":"post_tag","embeddable":true,"href":"https:\/\/www.hoymercedes.com.ar\/principal\/wp-json\/wp\/v2\/tags?post=50039"}],"curies":[{"name":"wp","href":"https:\/\/api.w.org\/{rel}","templated":true}]}}