{"id":5006,"date":"2011-06-15T23:29:35","date_gmt":"2011-06-15T23:29:35","guid":{"rendered":"http:\/\/www.hoymercedes.com.ar\/principal\/?p=5006"},"modified":"2011-06-15T23:29:35","modified_gmt":"2011-06-15T23:29:35","slug":"alejandro-molle-sera-el-candidato-a-primer-concejal-del-duhaldismo","status":"publish","type":"post","link":"https:\/\/www.hoymercedes.com.ar\/principal\/2011\/06\/15\/alejandro-molle-sera-el-candidato-a-primer-concejal-del-duhaldismo\/","title":{"rendered":"Alejandro Molle ser\u00e1 el candidato a primer concejal del Duhaldismo"},"content":{"rendered":"<p>Si bien faltan nombre para completar la lista de nueve concejales titulares, el grupo justicialista que en muestra ciudad tiene al frente al Concejal Juan Carlos Ben\u00edtez como candidato a intendente ha dado a conocer quienes ser\u00e1n los candidatos a concejales al menos en los tres primeros lugares.<\/p>\n<p>Se trata de dos hombres y una mujer aunquepor el momento solo se haya confirmado el primer lugar debido a que si bien ya fueron nominados los otros dos aun no se habr\u00eda decidido en que orden ir\u00e1n<\/p>\n<p>Definitivamente el candidato a Primer Concejal ser\u00e1 Alejandro Molle qui\u00e9n como se sabe desde hace tiempo trabaja acompa\u00f1ando a Ben\u00edtez junto al Dr. Ram\u00f3n Miguel Bereterbide, mientras que para el segundo y tercer lugar si bien el orden puede invertirse ser\u00e1 ocupados por la se\u00f1ora Lia Matilde Dulevich y el Dr. Jos\u00e9 Mar\u00eda Comesa\u00f1a (h).<\/p>\n<p>El resto de los integrantes de la lista deber\u00e1 definirse en las pr\u00f3ximas horas luego que Juan Carlos Ben\u00edtez se re\u00fana con los dirigentes de UATRE Mercedes y de la Agrupaci\u00f3n Juan Per\u00f3n de avenida 47 y 30 a fin de cerrar de manera definitiva la lista que se debe presentar para ser oficializada en la Junta Electoral de la Provincia de Buenos Aires<\/p>\n<p>&nbsp;<\/p>\n","protected":false},"excerpt":{"rendered":"<p>Si bien faltan nombre para completar la lista de nueve concejales titulares, el grupo justicialista que en muestra ciudad tiene &#8230; <a title=\"Alejandro Molle ser\u00e1 el candidato a primer concejal del Duhaldismo\" class=\"read-more\" href=\"https:\/\/www.hoymercedes.com.ar\/principal\/2011\/06\/15\/alejandro-molle-sera-el-candidato-a-primer-concejal-del-duhaldismo\/\" aria-label=\"Leer m\u00e1s sobre Alejandro Molle ser\u00e1 el candidato a primer concejal del Duhaldismo\">Leer m\u00e1s<\/a><\/p>\n","protected":false},"author":1,"featured_media":0,"comment_status":"open","ping_status":"open","sticky":false,"template":"","format":"standard","meta":{"_monsterinsights_skip_tracking":false,"_monsterinsights_sitenote_active":false,"_monsterinsights_sitenote_note":"","_monsterinsights_sitenote_category":0,"jetpack_post_was_ever_published":false,"_jetpack_newsletter_access":"","_jetpack_dont_email_post_to_subs":false,"_jetpack_newsletter_tier_id":0,"_jetpack_memberships_contains_paywalled_content":false,"_jetpack_memberships_contains_paid_content":false,"footnotes":"","jetpack_publicize_message":"","jetpack_publicize_feature_enabled":true,"jetpack_social_post_already_shared":false,"jetpack_social_options":{"image_generator_settings":{"template":"highway","default_image_id":0,"font":"","enabled":false},"version":2},"_wpas_customize_per_network":false},"categories":[5],"tags":[911,910],"class_list":["post-5006","post","type-post","status-publish","format-standard","hentry","category-politica","tag-duhaldismo-mercedes","tag-molle","generate-columns","tablet-grid-50","mobile-grid-100","grid-parent","grid-50"],"jetpack_publicize_connections":[],"jetpack_featured_media_url":"","wps_subtitle":"","jetpack_sharing_enabled":true,"_links":{"self":[{"href":"https:\/\/www.hoymercedes.com.ar\/principal\/wp-json\/wp\/v2\/posts\/5006","targetHints":{"allow":["GET"]}}],"collection":[{"href":"https:\/\/www.hoymercedes.com.ar\/principal\/wp-json\/wp\/v2\/posts"}],"about":[{"href":"https:\/\/www.hoymercedes.com.ar\/principal\/wp-json\/wp\/v2\/types\/post"}],"author":[{"embeddable":true,"href":"https:\/\/www.hoymercedes.com.ar\/principal\/wp-json\/wp\/v2\/users\/1"}],"replies":[{"embeddable":true,"href":"https:\/\/www.hoymercedes.com.ar\/principal\/wp-json\/wp\/v2\/comments?post=5006"}],"version-history":[{"count":0,"href":"https:\/\/www.hoymercedes.com.ar\/principal\/wp-json\/wp\/v2\/posts\/5006\/revisions"}],"wp:attachment":[{"href":"https:\/\/www.hoymercedes.com.ar\/principal\/wp-json\/wp\/v2\/media?parent=5006"}],"wp:term":[{"taxonomy":"category","embeddable":true,"href":"https:\/\/www.hoymercedes.com.ar\/principal\/wp-json\/wp\/v2\/categories?post=5006"},{"taxonomy":"post_tag","embeddable":true,"href":"https:\/\/www.hoymercedes.com.ar\/principal\/wp-json\/wp\/v2\/tags?post=5006"}],"curies":[{"name":"wp","href":"https:\/\/api.w.org\/{rel}","templated":true}]}}