{"id":50060,"date":"2016-05-17T19:36:01","date_gmt":"2016-05-17T22:36:01","guid":{"rendered":"http:\/\/www.hoymercedes.com.ar\/principal\/?p=50060"},"modified":"2016-05-17T12:40:59","modified_gmt":"2016-05-17T15:40:59","slug":"acto-protocolar-por-la-revolucion-de-mayo","status":"publish","type":"post","link":"https:\/\/www.hoymercedes.com.ar\/principal\/2016\/05\/17\/acto-protocolar-por-la-revolucion-de-mayo\/","title":{"rendered":"Acto protocolar por la Revoluci\u00f3n de Mayo"},"content":{"rendered":"<p>El pr\u00f3ximo mi\u00e9rcoles 25 de mayo, en horas de la ma\u00f1ana se realizar\u00e1 el acto protocolar en conmemoraci\u00f3n por los 206 a\u00f1os de la Revoluci\u00f3n de 1810. De acuerdo a la informaci\u00f3n brindada, a la hora 10 comenzar\u00e1 la recepci\u00f3n de autoridades en el Palacio Municipal para luego, media hora m\u00e1s tarde, iniciar el acto a los pies del monumento al General San Mart\u00edn en la plaza principal de la ciudad. De all\u00ed las autoridades se trasladar\u00e1n a la Bas\u00edlica Catedral para presenciar el solemne Te Deum.<\/p>\n","protected":false},"excerpt":{"rendered":"<p>El pr\u00f3ximo mi\u00e9rcoles 25 de mayo, en horas de la ma\u00f1ana se realizar\u00e1 el acto protocolar en conmemoraci\u00f3n por los &#8230; <a title=\"Acto protocolar por la Revoluci\u00f3n de Mayo\" class=\"read-more\" href=\"https:\/\/www.hoymercedes.com.ar\/principal\/2016\/05\/17\/acto-protocolar-por-la-revolucion-de-mayo\/\" aria-label=\"Leer m\u00e1s sobre Acto protocolar por la Revoluci\u00f3n de Mayo\">Leer m\u00e1s<\/a><\/p>\n","protected":false},"author":1,"featured_media":0,"comment_status":"open","ping_status":"open","sticky":false,"template":"","format":"standard","meta":{"_monsterinsights_skip_tracking":false,"_monsterinsights_sitenote_active":false,"_monsterinsights_sitenote_note":"","_monsterinsights_sitenote_category":0,"jetpack_post_was_ever_published":false,"_jetpack_newsletter_access":"","_jetpack_dont_email_post_to_subs":false,"_jetpack_newsletter_tier_id":0,"_jetpack_memberships_contains_paywalled_content":false,"_jetpack_memberships_contains_paid_content":false,"footnotes":"","jetpack_publicize_message":"","jetpack_publicize_feature_enabled":true,"jetpack_social_post_already_shared":true,"jetpack_social_options":{"image_generator_settings":{"template":"highway","default_image_id":0,"font":"","enabled":false},"version":2},"_wpas_customize_per_network":false},"categories":[11],"tags":[799,8829,1734,1138,3627],"class_list":["post-50060","post","type-post","status-publish","format-standard","hentry","category-ciudad","tag-25-de-mayo","tag-aniversario","tag-ciudad-2","tag-revolucion","tag-te-deum","generate-columns","tablet-grid-50","mobile-grid-100","grid-parent","grid-50"],"jetpack_publicize_connections":[],"jetpack_featured_media_url":"","wps_subtitle":"","jetpack_sharing_enabled":true,"_links":{"self":[{"href":"https:\/\/www.hoymercedes.com.ar\/principal\/wp-json\/wp\/v2\/posts\/50060","targetHints":{"allow":["GET"]}}],"collection":[{"href":"https:\/\/www.hoymercedes.com.ar\/principal\/wp-json\/wp\/v2\/posts"}],"about":[{"href":"https:\/\/www.hoymercedes.com.ar\/principal\/wp-json\/wp\/v2\/types\/post"}],"author":[{"embeddable":true,"href":"https:\/\/www.hoymercedes.com.ar\/principal\/wp-json\/wp\/v2\/users\/1"}],"replies":[{"embeddable":true,"href":"https:\/\/www.hoymercedes.com.ar\/principal\/wp-json\/wp\/v2\/comments?post=50060"}],"version-history":[{"count":0,"href":"https:\/\/www.hoymercedes.com.ar\/principal\/wp-json\/wp\/v2\/posts\/50060\/revisions"}],"wp:attachment":[{"href":"https:\/\/www.hoymercedes.com.ar\/principal\/wp-json\/wp\/v2\/media?parent=50060"}],"wp:term":[{"taxonomy":"category","embeddable":true,"href":"https:\/\/www.hoymercedes.com.ar\/principal\/wp-json\/wp\/v2\/categories?post=50060"},{"taxonomy":"post_tag","embeddable":true,"href":"https:\/\/www.hoymercedes.com.ar\/principal\/wp-json\/wp\/v2\/tags?post=50060"}],"curies":[{"name":"wp","href":"https:\/\/api.w.org\/{rel}","templated":true}]}}