{"id":50074,"date":"2016-05-19T15:37:20","date_gmt":"2016-05-19T18:37:20","guid":{"rendered":"http:\/\/www.hoymercedes.com.ar\/principal\/?p=50074"},"modified":"2016-05-17T15:41:47","modified_gmt":"2016-05-17T18:41:47","slug":"comenzo-el-campeonato-escuelas-del-oeste","status":"publish","type":"post","link":"https:\/\/www.hoymercedes.com.ar\/principal\/2016\/05\/19\/comenzo-el-campeonato-escuelas-del-oeste\/","title":{"rendered":"Comenz\u00f3 el Campeonato Escuelas del Oeste"},"content":{"rendered":"<p><img loading=\"lazy\" decoding=\"async\" data-attachment-id=\"50075\" data-permalink=\"https:\/\/www.hoymercedes.com.ar\/principal\/2016\/05\/19\/comenzo-el-campeonato-escuelas-del-oeste\/17-equitacion\/#main\" data-orig-file=\"https:\/\/www.hoymercedes.com.ar\/principal\/wp-content\/uploads\/2016\/05\/17-Equitacion.jpg\" data-orig-size=\"359,240\" data-comments-opened=\"1\" data-image-meta=\"{&quot;aperture&quot;:&quot;0&quot;,&quot;credit&quot;:&quot;Francisco Gomez&quot;,&quot;camera&quot;:&quot;&quot;,&quot;caption&quot;:&quot;&quot;,&quot;created_timestamp&quot;:&quot;0&quot;,&quot;copyright&quot;:&quot;Kenai Fotografias - E&quot;,&quot;focal_length&quot;:&quot;0&quot;,&quot;iso&quot;:&quot;0&quot;,&quot;shutter_speed&quot;:&quot;0&quot;,&quot;title&quot;:&quot;&quot;,&quot;orientation&quot;:&quot;0&quot;}\" data-image-title=\"17 Equitacion\" data-image-description=\"\" data-image-caption=\"\" data-large-file=\"https:\/\/www.hoymercedes.com.ar\/principal\/wp-content\/uploads\/2016\/05\/17-Equitacion.jpg\" class=\"aligncenter size-full wp-image-50075\" src=\"https:\/\/www.hoymercedes.com.ar\/principal\/wp-content\/uploads\/2016\/05\/17-Equitacion.jpg\" alt=\"17 Equitacion\" width=\"359\" height=\"240\" srcset=\"https:\/\/www.hoymercedes.com.ar\/principal\/wp-content\/uploads\/2016\/05\/17-Equitacion.jpg 359w, https:\/\/www.hoymercedes.com.ar\/principal\/wp-content\/uploads\/2016\/05\/17-Equitacion-150x100.jpg 150w, https:\/\/www.hoymercedes.com.ar\/principal\/wp-content\/uploads\/2016\/05\/17-Equitacion-300x200.jpg 300w\" sizes=\"auto, (max-width: 359px) 100vw, 359px\" \/>Por Ariel Musante \/ Se realiz\u00f3 la primera fecha del Campeonato Escuelas del Oeste en el Club H\u00edpico Mar\u00eda Silvia y tuvo una buena cantidad de participantes entre amazonas y jinetes no federados. El certamen contar\u00e1 con seis fechas durante el a\u00f1o.<\/p>\n<p>Las otras fechas ser\u00e1n en La Teresa, luego La Candela, a continuaci\u00f3n La Favorita, Santa Elena y en la Sociedad Rural Regional de Mercedes con la finalidad de seguir fomentando la Equitaci\u00f3n en toda la regi\u00f3n.<\/p>\n<p>&nbsp;<\/p>\n<p>Los resultados de la primera fecha fueron los siguientes:<\/p>\n<p>Prueba 30 cm:<\/p>\n<p>1. Rocio Sjobers con Pedro del H\u00edpico Lujan<\/p>\n<p>2. Santiago Labanda con Vasco de la Teresa<\/p>\n<p>3. Anita Vizca con Miel de La Candela<\/p>\n<p>4. Joaquina Dellafontana con Ulises de Mar\u00eda Silvina.<\/p>\n<p>&nbsp;<\/p>\n<p>Prueba 40 cm:<\/p>\n<p>1. Nazarena Soto con Elegida de Mar\u00eda Silvina<\/p>\n<p>2. Abril Guardines con Fuego de La Favorita<\/p>\n<p>3. Fiama G\u00f3mez con Miel de La Candela<\/p>\n<p>4. Camila Gadea Dorronsoro con Miel de La Candela<\/p>\n<p>5. Cloe Huardines con Fuego de La Favorita.<\/p>\n<p>&nbsp;<\/p>\n<p>Prueba 50 cm:<\/p>\n<p>1. Patricio Bolster con Brisa Forastera de la Sociedad Rural Mercedes<\/p>\n<p>2. Mercedes Real con Euro de Mar\u00eda Silvina<\/p>\n<p>3. Bautista Mones Ruiz con Dulce de La Favorita<\/p>\n<p>4. Fabricia Lombardi con Sting de La Candela<\/p>\n<p>5. Fiama G\u00f3mez con Miel de La Candela<\/p>\n<p>6. Morena Lostuzzi con Miel de La Candela.<\/p>\n<p>&nbsp;<\/p>\n<p>Prueba 60 cm:<\/p>\n<p>1. Olvia Iglesias con Nosti del Encuentro de Vagues<\/p>\n<p>2. Mercedes Real con Euro de Mar\u00eda Silvina<\/p>\n<p>3. Constanza Castro Miguenz con Canela del Encuentro de Vagues<\/p>\n<p>4. Alana V\u00e1squez con Misterix de Mar\u00eda Silvina<\/p>\n<p>&nbsp;<\/p>\n<p>Prueba 70 cm:<\/p>\n<p>1. Ailin Heidel con Dulce de la Sociedad Rural de Mercedes<\/p>\n<p>2. Mayra Bahamondes con Master La Favorita<\/p>\n<p>&nbsp;<\/p>\n<p>Prueba 80 cm:<\/p>\n<p>1. Lara Santiago con Nehuel de Santa Elena<\/p>\n<p>2. Olivia Iglesias con Nosti del Encuentro de Vagues<\/p>\n<p>3. Rosario Navia con Ulises II de Mar\u00eda Silvina.<\/p>\n<p>&nbsp;<\/p>\n<p>Prueba 90 cm:<\/p>\n<p>1. Fernando Maciel con Chaval de Do\u00f1a Amalia<\/p>\n<p>2. Belen Saigos con Estaca del Encuentro de Vagues.<\/p>\n","protected":false},"excerpt":{"rendered":"<p>Por Ariel Musante \/ Se realiz\u00f3 la primera fecha del Campeonato Escuelas del Oeste en el Club H\u00edpico Mar\u00eda Silvia &#8230; <a title=\"Comenz\u00f3 el Campeonato Escuelas del Oeste\" class=\"read-more\" href=\"https:\/\/www.hoymercedes.com.ar\/principal\/2016\/05\/19\/comenzo-el-campeonato-escuelas-del-oeste\/\" aria-label=\"Leer m\u00e1s sobre Comenz\u00f3 el Campeonato Escuelas del Oeste\">Leer m\u00e1s<\/a><\/p>\n","protected":false},"author":1,"featured_media":50075,"comment_status":"open","ping_status":"open","sticky":false,"template":"","format":"standard","meta":{"_monsterinsights_skip_tracking":false,"_monsterinsights_sitenote_active":false,"_monsterinsights_sitenote_note":"","_monsterinsights_sitenote_category":0,"jetpack_post_was_ever_published":false,"_jetpack_newsletter_access":"","_jetpack_dont_email_post_to_subs":false,"_jetpack_newsletter_tier_id":0,"_jetpack_memberships_contains_paywalled_content":false,"_jetpack_memberships_contains_paid_content":false,"footnotes":"","jetpack_publicize_message":"","jetpack_publicize_feature_enabled":true,"jetpack_social_post_already_shared":true,"jetpack_social_options":{"image_generator_settings":{"template":"highway","default_image_id":0,"font":"","enabled":false},"version":2},"_wpas_customize_per_network":false},"categories":[21],"tags":[204,1821,8733],"class_list":["post-50074","post","type-post","status-publish","format-standard","has-post-thumbnail","hentry","category-deportes","tag-deportes-2","tag-equitacion","tag-musante","generate-columns","tablet-grid-50","mobile-grid-100","grid-parent","grid-50"],"jetpack_publicize_connections":[],"jetpack_featured_media_url":"https:\/\/www.hoymercedes.com.ar\/principal\/wp-content\/uploads\/2016\/05\/17-Equitacion.jpg","wps_subtitle":"En Mar\u00eda Silvina","jetpack_sharing_enabled":true,"_links":{"self":[{"href":"https:\/\/www.hoymercedes.com.ar\/principal\/wp-json\/wp\/v2\/posts\/50074","targetHints":{"allow":["GET"]}}],"collection":[{"href":"https:\/\/www.hoymercedes.com.ar\/principal\/wp-json\/wp\/v2\/posts"}],"about":[{"href":"https:\/\/www.hoymercedes.com.ar\/principal\/wp-json\/wp\/v2\/types\/post"}],"author":[{"embeddable":true,"href":"https:\/\/www.hoymercedes.com.ar\/principal\/wp-json\/wp\/v2\/users\/1"}],"replies":[{"embeddable":true,"href":"https:\/\/www.hoymercedes.com.ar\/principal\/wp-json\/wp\/v2\/comments?post=50074"}],"version-history":[{"count":0,"href":"https:\/\/www.hoymercedes.com.ar\/principal\/wp-json\/wp\/v2\/posts\/50074\/revisions"}],"wp:featuredmedia":[{"embeddable":true,"href":"https:\/\/www.hoymercedes.com.ar\/principal\/wp-json\/wp\/v2\/media\/50075"}],"wp:attachment":[{"href":"https:\/\/www.hoymercedes.com.ar\/principal\/wp-json\/wp\/v2\/media?parent=50074"}],"wp:term":[{"taxonomy":"category","embeddable":true,"href":"https:\/\/www.hoymercedes.com.ar\/principal\/wp-json\/wp\/v2\/categories?post=50074"},{"taxonomy":"post_tag","embeddable":true,"href":"https:\/\/www.hoymercedes.com.ar\/principal\/wp-json\/wp\/v2\/tags?post=50074"}],"curies":[{"name":"wp","href":"https:\/\/api.w.org\/{rel}","templated":true}]}}