{"id":50089,"date":"2016-05-18T09:24:18","date_gmt":"2016-05-18T12:24:18","guid":{"rendered":"http:\/\/www.hoymercedes.com.ar\/principal\/?p=50089"},"modified":"2016-05-18T09:24:18","modified_gmt":"2016-05-18T12:24:18","slug":"el-ahora-del-disenador-grafico-tano-veron","status":"publish","type":"post","link":"https:\/\/www.hoymercedes.com.ar\/principal\/2016\/05\/18\/el-ahora-del-disenador-grafico-tano-veron\/","title":{"rendered":"El \u00a1Ahora! del dise\u00f1ador gr\u00e1fico Tano Ver\u00f3n"},"content":{"rendered":"<p><em><strong><img loading=\"lazy\" decoding=\"async\" data-attachment-id=\"50010\" data-permalink=\"https:\/\/www.hoymercedes.com.ar\/principal\/2016\/05\/16\/el-cic-cumplio-8-anos\/17-tano-veron-4\/#main\" data-orig-file=\"https:\/\/www.hoymercedes.com.ar\/principal\/wp-content\/uploads\/2016\/05\/17-tano-veron-4.jpg\" data-orig-size=\"448,299\" data-comments-opened=\"1\" data-image-meta=\"{&quot;aperture&quot;:&quot;0&quot;,&quot;credit&quot;:&quot;&quot;,&quot;camera&quot;:&quot;&quot;,&quot;caption&quot;:&quot;&quot;,&quot;created_timestamp&quot;:&quot;0&quot;,&quot;copyright&quot;:&quot;&quot;,&quot;focal_length&quot;:&quot;0&quot;,&quot;iso&quot;:&quot;0&quot;,&quot;shutter_speed&quot;:&quot;0&quot;,&quot;title&quot;:&quot;&quot;,&quot;orientation&quot;:&quot;0&quot;}\" data-image-title=\"17 tano veron 4\" data-image-description=\"\" data-image-caption=\"\" data-large-file=\"https:\/\/www.hoymercedes.com.ar\/principal\/wp-content\/uploads\/2016\/05\/17-tano-veron-4.jpg\" class=\"aligncenter size-full wp-image-50010\" src=\"https:\/\/www.hoymercedes.com.ar\/principal\/wp-content\/uploads\/2016\/05\/17-tano-veron-4.jpg\" alt=\"17 tano veron 4\" width=\"448\" height=\"299\" srcset=\"https:\/\/www.hoymercedes.com.ar\/principal\/wp-content\/uploads\/2016\/05\/17-tano-veron-4.jpg 448w, https:\/\/www.hoymercedes.com.ar\/principal\/wp-content\/uploads\/2016\/05\/17-tano-veron-4-150x100.jpg 150w, https:\/\/www.hoymercedes.com.ar\/principal\/wp-content\/uploads\/2016\/05\/17-tano-veron-4-300x200.jpg 300w\" sizes=\"auto, (max-width: 448px) 100vw, 448px\" \/>Por Clarisa Altieri \/ Afiches callejeros, bordados, pegatinas, grabados, serigraf\u00edas, y p\u00f3sters son algunos de los trabajos que el joven artista \u201cmultifac\u00e9tico\u201d presenta en el Museo de Arte. La muestra abri\u00f3 el s\u00e1bado pasado. Este viernes, 13 horas, el artista y la curadora Luciana Acu\u00f1a dar\u00e1n una visita guiada. \u00a0Galer\u00eda de Fotos.\u00a0<\/strong><\/em><\/p>\n<p>\u201cEl tiempo de los artistas no es el tiempo de los relojes. Es as\u00ed, urgente y presente, ir\u00f3nico al mismo tiempo. La obra multifac\u00e9tica de Tano Ver\u00f3n nos habla del presente, urgente, inmediato\u201d, as\u00ed inicia la curadora de arte Luciana Acu\u00f1a la presentaci\u00f3n que hizo del dise\u00f1ador gr\u00e1fico mercedino que abri\u00f3 su muestra el s\u00e1bado pasado en el Museo de Arte Municipalidad de Mercedes.<\/p>\n<p>Muestra una muestra que re\u00fane el arte contempor\u00e1neo de posters, pero tambi\u00e9n de afiches callejeros, bordados, serigraf\u00edas, pegatinas y grabados que el Luciano \u201cTano\u201d Ver\u00f3n dise\u00f1\u00f3 ya sea para trabajos pedidos por m\u00fasicos y amigos, como para mostrar su filosof\u00eda de vida y de trabajo. \u201cSon muchas las facetas que exploro y que se reflejan en la muestra\u201d, agreg\u00f3 el dise\u00f1ador gr\u00e1fico.<\/p>\n<p>En las salas C y D del MAMM, los trabajos de Ver\u00f3n invitan a recorrer sus trabajos como si uno estuviese en la misma calle o en un local de m\u00fasica, artes, pel\u00edculas, series o c\u00f3mics, cuando en la \u00faltima pared ve a Frida Kahlo, Walter White en su caracter\u00edstica imagen de Heisenberg, Yoda de Star Wars o calaveras que evocan al \u00edcono de la banda Todos Tus Muertos. Pero tambi\u00e9n, encontramos una resignificaci\u00f3n de las cartas del tarot o afiches utilizando letras evocando el arte de pintores internacionales.<\/p>\n<p>\u201c\u00a1Ahora! sirve para mostrar el momento que estoy pasando. Luciana Acu\u00f1a con su curadur\u00eda hizo que la muestra sea din\u00e1mica. Hay proyecciones tambi\u00e9n, videos en los t\u00f3tems del Museo. Ella me defini\u00f3 como multifac\u00e9tico, y as\u00ed es la muestra. Adem\u00e1s, uni\u00f3 los trabajos por tem\u00e1ticas y aspectos metaf\u00edsicos\u201d, cont\u00f3 el mismo Tano Ver\u00f3n en una entrevista radial.<\/p>\n<p>En el acto inaugural, el Tano se mostr\u00f3 agradecido por el acompa\u00f1amiento de los presentes, y destac\u00f3 la propuesta del Museo de apostar por el arte contempor\u00e1neo y callejero. Y luego destac\u00f3 la colaboraci\u00f3n de Luciana Acu\u00f1a, que no estaba presente, y el aporte de Esteban Fauri que musicaliz\u00f3 la inauguraci\u00f3n.<\/p>\n<p>La inauguraci\u00f3n de la muestra de Tano Ver\u00f3n fue el s\u00e1bado 14 de mayo y permanecer\u00e1 abierta hasta fin de mes. Se puede visitar de martes a viernes de 8 a 19 horas y los s\u00e1bados, domingos y feriados de 16 a 20 horas. Este pr\u00f3ximo viernes, a la hora 13, Tano Ver\u00f3n y Luciana Acu\u00f1a brindar\u00e1n una visita guiada de \u201c\u00a1Ahora!\u201d.<\/p>\n<p class=\"jetpack-slideshow-noscript robots-nocontent\">El pase de diapositivas requiere JavaScript.<\/p><div id=\"gallery-50089-1-slideshow\" class=\"jetpack-slideshow-window jetpack-slideshow jetpack-slideshow-black\" data-trans=\"fade\" data-autostart=\"1\" data-gallery=\"[{&quot;src&quot;:&quot;https:\\\/\\\/www.hoymercedes.com.ar\\\/principal\\\/wp-content\\\/uploads\\\/2016\\\/05\\\/17-tano-veron-4.jpg&quot;,&quot;id&quot;:&quot;50010&quot;,&quot;title&quot;:&quot;17 tano veron 4&quot;,&quot;alt&quot;:&quot;&quot;,&quot;caption&quot;:&quot;&quot;,&quot;itemprop&quot;:&quot;image&quot;},{&quot;src&quot;:&quot;https:\\\/\\\/www.hoymercedes.com.ar\\\/principal\\\/wp-content\\\/uploads\\\/2016\\\/05\\\/17-tano-veron-9.jpg&quot;,&quot;id&quot;:&quot;50015&quot;,&quot;title&quot;:&quot;17 tano veron 9&quot;,&quot;alt&quot;:&quot;&quot;,&quot;caption&quot;:&quot;&quot;,&quot;itemprop&quot;:&quot;image&quot;},{&quot;src&quot;:&quot;https:\\\/\\\/www.hoymercedes.com.ar\\\/principal\\\/wp-content\\\/uploads\\\/2016\\\/05\\\/17-tano-veron-8.jpg&quot;,&quot;id&quot;:&quot;50014&quot;,&quot;title&quot;:&quot;17 tano veron 8&quot;,&quot;alt&quot;:&quot;&quot;,&quot;caption&quot;:&quot;&quot;,&quot;itemprop&quot;:&quot;image&quot;},{&quot;src&quot;:&quot;https:\\\/\\\/www.hoymercedes.com.ar\\\/principal\\\/wp-content\\\/uploads\\\/2016\\\/05\\\/17-tano-veron-7.jpg&quot;,&quot;id&quot;:&quot;50013&quot;,&quot;title&quot;:&quot;17 tano veron 7&quot;,&quot;alt&quot;:&quot;&quot;,&quot;caption&quot;:&quot;&quot;,&quot;itemprop&quot;:&quot;image&quot;},{&quot;src&quot;:&quot;https:\\\/\\\/www.hoymercedes.com.ar\\\/principal\\\/wp-content\\\/uploads\\\/2016\\\/05\\\/17-tano-veron-5.jpg&quot;,&quot;id&quot;:&quot;50011&quot;,&quot;title&quot;:&quot;17 tano veron 5&quot;,&quot;alt&quot;:&quot;&quot;,&quot;caption&quot;:&quot;&quot;,&quot;itemprop&quot;:&quot;image&quot;},{&quot;src&quot;:&quot;https:\\\/\\\/www.hoymercedes.com.ar\\\/principal\\\/wp-content\\\/uploads\\\/2016\\\/05\\\/17-tano-veron-6.jpg&quot;,&quot;id&quot;:&quot;50012&quot;,&quot;title&quot;:&quot;17 tano veron 6&quot;,&quot;alt&quot;:&quot;&quot;,&quot;caption&quot;:&quot;&quot;,&quot;itemprop&quot;:&quot;image&quot;},{&quot;src&quot;:&quot;https:\\\/\\\/www.hoymercedes.com.ar\\\/principal\\\/wp-content\\\/uploads\\\/2016\\\/05\\\/17-tano-veron-3.jpg&quot;,&quot;id&quot;:&quot;50009&quot;,&quot;title&quot;:&quot;17 tano veron 3&quot;,&quot;alt&quot;:&quot;&quot;,&quot;caption&quot;:&quot;&quot;,&quot;itemprop&quot;:&quot;image&quot;},{&quot;src&quot;:&quot;https:\\\/\\\/www.hoymercedes.com.ar\\\/principal\\\/wp-content\\\/uploads\\\/2016\\\/05\\\/17-tano-veron-2.jpg&quot;,&quot;id&quot;:&quot;50008&quot;,&quot;title&quot;:&quot;17 tano veron 2&quot;,&quot;alt&quot;:&quot;&quot;,&quot;caption&quot;:&quot;&quot;,&quot;itemprop&quot;:&quot;image&quot;},{&quot;src&quot;:&quot;https:\\\/\\\/www.hoymercedes.com.ar\\\/principal\\\/wp-content\\\/uploads\\\/2016\\\/05\\\/17-tano-veron-1.jpg&quot;,&quot;id&quot;:&quot;50007&quot;,&quot;title&quot;:&quot;17 tano veron 1&quot;,&quot;alt&quot;:&quot;&quot;,&quot;caption&quot;:&quot;&quot;,&quot;itemprop&quot;:&quot;image&quot;}]\" itemscope itemtype=\"https:\/\/schema.org\/ImageGallery\"><\/div>\n","protected":false},"excerpt":{"rendered":"<p>Por Clarisa Altieri \/ Afiches callejeros, bordados, pegatinas, grabados, serigraf\u00edas, y p\u00f3sters son algunos de los trabajos que el joven &#8230; <a title=\"El \u00a1Ahora! del dise\u00f1ador gr\u00e1fico Tano Ver\u00f3n\" class=\"read-more\" href=\"https:\/\/www.hoymercedes.com.ar\/principal\/2016\/05\/18\/el-ahora-del-disenador-grafico-tano-veron\/\" aria-label=\"Leer m\u00e1s sobre El \u00a1Ahora! del dise\u00f1ador gr\u00e1fico Tano Ver\u00f3n\">Leer m\u00e1s<\/a><\/p>\n","protected":false},"author":1,"featured_media":50010,"comment_status":"open","ping_status":"open","sticky":false,"template":"","format":"standard","meta":{"_monsterinsights_skip_tracking":false,"_monsterinsights_sitenote_active":false,"_monsterinsights_sitenote_note":"","_monsterinsights_sitenote_category":0,"jetpack_post_was_ever_published":false,"_jetpack_newsletter_access":"","_jetpack_dont_email_post_to_subs":false,"_jetpack_newsletter_tier_id":0,"_jetpack_memberships_contains_paywalled_content":false,"_jetpack_memberships_contains_paid_content":false,"footnotes":"","jetpack_publicize_message":"","jetpack_publicize_feature_enabled":true,"jetpack_social_post_already_shared":true,"jetpack_social_options":{"image_generator_settings":{"template":"highway","default_image_id":0,"font":"","enabled":false},"version":2},"_wpas_customize_per_network":false},"categories":[104],"tags":[7805,8674,8715,9175],"class_list":["post-50089","post","type-post","status-publish","format-standard","has-post-thumbnail","hentry","category-cultura","tag-cultura","tag-mamm","tag-muestra","tag-tano-veron","generate-columns","tablet-grid-50","mobile-grid-100","grid-parent","grid-50"],"jetpack_publicize_connections":[],"jetpack_featured_media_url":"https:\/\/www.hoymercedes.com.ar\/principal\/wp-content\/uploads\/2016\/05\/17-tano-veron-4.jpg","wps_subtitle":"Muestra en el MAMM","jetpack_sharing_enabled":true,"_links":{"self":[{"href":"https:\/\/www.hoymercedes.com.ar\/principal\/wp-json\/wp\/v2\/posts\/50089","targetHints":{"allow":["GET"]}}],"collection":[{"href":"https:\/\/www.hoymercedes.com.ar\/principal\/wp-json\/wp\/v2\/posts"}],"about":[{"href":"https:\/\/www.hoymercedes.com.ar\/principal\/wp-json\/wp\/v2\/types\/post"}],"author":[{"embeddable":true,"href":"https:\/\/www.hoymercedes.com.ar\/principal\/wp-json\/wp\/v2\/users\/1"}],"replies":[{"embeddable":true,"href":"https:\/\/www.hoymercedes.com.ar\/principal\/wp-json\/wp\/v2\/comments?post=50089"}],"version-history":[{"count":0,"href":"https:\/\/www.hoymercedes.com.ar\/principal\/wp-json\/wp\/v2\/posts\/50089\/revisions"}],"wp:featuredmedia":[{"embeddable":true,"href":"https:\/\/www.hoymercedes.com.ar\/principal\/wp-json\/wp\/v2\/media\/50010"}],"wp:attachment":[{"href":"https:\/\/www.hoymercedes.com.ar\/principal\/wp-json\/wp\/v2\/media?parent=50089"}],"wp:term":[{"taxonomy":"category","embeddable":true,"href":"https:\/\/www.hoymercedes.com.ar\/principal\/wp-json\/wp\/v2\/categories?post=50089"},{"taxonomy":"post_tag","embeddable":true,"href":"https:\/\/www.hoymercedes.com.ar\/principal\/wp-json\/wp\/v2\/tags?post=50089"}],"curies":[{"name":"wp","href":"https:\/\/api.w.org\/{rel}","templated":true}]}}