{"id":5009,"date":"2011-06-16T03:01:57","date_gmt":"2011-06-16T03:01:57","guid":{"rendered":"http:\/\/www.hoymercedes.com.ar\/principal\/?p=5009"},"modified":"2011-06-16T03:01:57","modified_gmt":"2011-06-16T03:01:57","slug":"el-cantante-carlos-campanaro-anuncio-el-comienzo-de-su-tour-2011","status":"publish","type":"post","link":"https:\/\/www.hoymercedes.com.ar\/principal\/2011\/06\/16\/el-cantante-carlos-campanaro-anuncio-el-comienzo-de-su-tour-2011\/","title":{"rendered":"El cantante Carlos Campanaro anunci\u00f3 el comienzo de su Tour 2011"},"content":{"rendered":"<figure id=\"attachment_5011\" aria-describedby=\"caption-attachment-5011\" style=\"width: 290px\" class=\"wp-caption alignleft\"><a href=\"https:\/\/www.hoymercedes.com.ar\/principal\/wp-content\/uploads\/2011\/06\/campanaro-grassi.jpg\"><img loading=\"lazy\" decoding=\"async\" data-attachment-id=\"5011\" data-permalink=\"https:\/\/www.hoymercedes.com.ar\/principal\/2011\/06\/16\/el-cantante-carlos-campanaro-anuncio-el-comienzo-de-su-tour-2011\/campanaro-grassi\/#main\" data-orig-file=\"https:\/\/www.hoymercedes.com.ar\/principal\/wp-content\/uploads\/2011\/06\/campanaro-grassi.jpg\" data-orig-size=\"400,333\" data-comments-opened=\"1\" data-image-meta=\"{&quot;aperture&quot;:&quot;2.8&quot;,&quot;credit&quot;:&quot;&quot;,&quot;camera&quot;:&quot;COOLPIX L10&quot;,&quot;caption&quot;:&quot;&quot;,&quot;created_timestamp&quot;:&quot;1307980776&quot;,&quot;copyright&quot;:&quot;Copyright 2006&quot;,&quot;focal_length&quot;:&quot;6.2&quot;,&quot;iso&quot;:&quot;64&quot;,&quot;shutter_speed&quot;:&quot;0.016666666666667&quot;,&quot;title&quot;:&quot;&quot;}\" data-image-title=\"campanaro-grassi\" data-image-description=\"\" data-image-caption=\"&lt;p&gt;Carlos Campanaro&lt;\/p&gt;\n\" data-large-file=\"https:\/\/www.hoymercedes.com.ar\/principal\/wp-content\/uploads\/2011\/06\/campanaro-grassi.jpg\" class=\"size-medium wp-image-5011\" title=\"campanaro-grassi\" src=\"https:\/\/www.hoymercedes.com.ar\/principal\/wp-content\/uploads\/2011\/06\/campanaro-grassi-300x249.jpg\" alt=\"\" width=\"300\" height=\"249\" srcset=\"https:\/\/www.hoymercedes.com.ar\/principal\/wp-content\/uploads\/2011\/06\/campanaro-grassi-300x249.jpg 300w, https:\/\/www.hoymercedes.com.ar\/principal\/wp-content\/uploads\/2011\/06\/campanaro-grassi.jpg 400w\" sizes=\"auto, (max-width: 300px) 100vw, 300px\" \/><\/a><figcaption id=\"caption-attachment-5011\" class=\"wp-caption-text\">Carlos Campanaro<\/figcaption><\/figure>\n<p>El cantante mercedino Carlos Campanaro, (Carlos Grassi) adelanto en las \u00faltimas horas que en el mes de julio presentar\u00e1 en nuestra ciudad el primer show de lo que ha dado en llamar el TOUR 2011 recorriendo diversas localidades de la provincia y otros puntos del pa\u00eds.<\/p>\n<p>El int\u00e9rprete sostuvo al dialogar con HOYMERCEDES.COM.AR \u201cal cerrar con una compa\u00f1\u00eda discogr\u00e1fica como DBN que tiene alcance nacional es como poder llegar a lugares a los que hasta ahora no pod\u00eda hacerlo.<\/p>\n<p>Con dicho apoyo me genera un movimiento que antes no ten\u00eda lo cual en principio me esta obligando a ampliar la cantidad de lugares que pens\u00e1bamos visitar en el marco del llamado TOUR 2011 que como es mi costumbre doy comienzo en nuestra ciudad con un show en el Teatro Intendente Julio C\u00e9sar Gioscio el d\u00eda 3 de julio.<\/p>\n<p>Ese d\u00eda me voy a presentar con un conjunto integrado por seis m\u00fasicos y el agregado de un coro de dos integrantes as\u00ed que en los pr\u00f3ximos d\u00edas ya estar\u00e1n en venta las entradas que tendr\u00e1 dos valores, las primeras filas costar\u00e1n ochenta pesos con la posibilidad de canjear dicha entrada por un CD y para el resto de la sala el valor ser\u00e1 de sesenta pesos\u201d.<\/p>\n<p>M\u00e1s adelante manifest\u00f3 que en el repertorio que presentar\u00e1 en nuestra ciudad se intercalar\u00e1n temas de los llamados viejos con los nuevos o in\u00e9ditos y que esa noche en el Teatro dar\u00e1 a conocer cuales son las ciudades que integrar\u00e1n el Tour 2011.<\/p>\n","protected":false},"excerpt":{"rendered":"<p>El cantante mercedino Carlos Campanaro, (Carlos Grassi) adelanto en las \u00faltimas horas que en el mes de julio presentar\u00e1 en &#8230; <a title=\"El cantante Carlos Campanaro anunci\u00f3 el comienzo de su Tour 2011\" class=\"read-more\" href=\"https:\/\/www.hoymercedes.com.ar\/principal\/2011\/06\/16\/el-cantante-carlos-campanaro-anuncio-el-comienzo-de-su-tour-2011\/\" aria-label=\"Leer m\u00e1s sobre El cantante Carlos Campanaro anunci\u00f3 el comienzo de su Tour 2011\">Leer m\u00e1s<\/a><\/p>\n","protected":false},"author":1,"featured_media":0,"comment_status":"open","ping_status":"open","sticky":false,"template":"","format":"standard","meta":{"_monsterinsights_skip_tracking":false,"_monsterinsights_sitenote_active":false,"_monsterinsights_sitenote_note":"","_monsterinsights_sitenote_category":0,"jetpack_post_was_ever_published":false,"_jetpack_newsletter_access":"","_jetpack_dont_email_post_to_subs":false,"_jetpack_newsletter_tier_id":0,"_jetpack_memberships_contains_paywalled_content":false,"_jetpack_memberships_contains_paid_content":false,"footnotes":"","jetpack_publicize_message":"","jetpack_publicize_feature_enabled":true,"jetpack_social_post_already_shared":false,"jetpack_social_options":{"image_generator_settings":{"template":"highway","default_image_id":0,"font":"","enabled":false},"version":2},"_wpas_customize_per_network":false},"categories":[8],"tags":[912],"class_list":["post-5009","post","type-post","status-publish","format-standard","hentry","category-sociedad","tag-carlos-campanaro","generate-columns","tablet-grid-50","mobile-grid-100","grid-parent","grid-50"],"jetpack_publicize_connections":[],"jetpack_featured_media_url":"","wps_subtitle":"","jetpack_sharing_enabled":true,"_links":{"self":[{"href":"https:\/\/www.hoymercedes.com.ar\/principal\/wp-json\/wp\/v2\/posts\/5009","targetHints":{"allow":["GET"]}}],"collection":[{"href":"https:\/\/www.hoymercedes.com.ar\/principal\/wp-json\/wp\/v2\/posts"}],"about":[{"href":"https:\/\/www.hoymercedes.com.ar\/principal\/wp-json\/wp\/v2\/types\/post"}],"author":[{"embeddable":true,"href":"https:\/\/www.hoymercedes.com.ar\/principal\/wp-json\/wp\/v2\/users\/1"}],"replies":[{"embeddable":true,"href":"https:\/\/www.hoymercedes.com.ar\/principal\/wp-json\/wp\/v2\/comments?post=5009"}],"version-history":[{"count":0,"href":"https:\/\/www.hoymercedes.com.ar\/principal\/wp-json\/wp\/v2\/posts\/5009\/revisions"}],"wp:attachment":[{"href":"https:\/\/www.hoymercedes.com.ar\/principal\/wp-json\/wp\/v2\/media?parent=5009"}],"wp:term":[{"taxonomy":"category","embeddable":true,"href":"https:\/\/www.hoymercedes.com.ar\/principal\/wp-json\/wp\/v2\/categories?post=5009"},{"taxonomy":"post_tag","embeddable":true,"href":"https:\/\/www.hoymercedes.com.ar\/principal\/wp-json\/wp\/v2\/tags?post=5009"}],"curies":[{"name":"wp","href":"https:\/\/api.w.org\/{rel}","templated":true}]}}