{"id":50096,"date":"2016-05-20T09:00:31","date_gmt":"2016-05-20T12:00:31","guid":{"rendered":"http:\/\/www.hoymercedes.com.ar\/principal\/?p=50096"},"modified":"2016-05-18T10:37:00","modified_gmt":"2016-05-18T13:37:00","slug":"quilmes-participara-de-la-eliminatoria-u17","status":"publish","type":"post","link":"https:\/\/www.hoymercedes.com.ar\/principal\/2016\/05\/20\/quilmes-participara-de-la-eliminatoria-u17\/","title":{"rendered":"Quilmes participar\u00e1 de la eliminatoria U17"},"content":{"rendered":"<p><em><strong>Por Ariel Musante \/ El cervecero quiere volver a jugar cert\u00e1menes provinciales de inferiores y es uno de los que jugar\u00e1 la etapa clasificatoria por la Liga de Chivilcoy en esa divisional. Son cinco equipos de los cuales dos pasar\u00e1n a jugar el interzonal con otros dos de Jun\u00edn.<\/strong><\/em><\/p>\n<p>Ser\u00e1 el 23 de mayo cuando comience a jugarse durante poco m\u00e1s de un mes la etapa clasificatoria de la categor\u00eda U17 entre cinco equipos de la Asociaci\u00f3n de Basquet de Chivilcoy para poder clasificar al Interzonal con otros dos cuadros de la Asociaci\u00f3n de Jun\u00edn y de ah\u00ed pasar\u00e1 un binomio al certamen provincial.<\/p>\n<p>Quilmes enfrentar\u00e1 a Ciudad de Saladillo, Colon de Chivilcoy, Argentino de Chivilcoy y San Lorenzo de Chivilcoy. Los partidos se jugar\u00e1n los d\u00edas Lunes y Jueves, con horario de inicio de los partidos desde las 19.30 Hs hasta las 20.30 Hs siendo el equipo local el que confirme el horario.<\/p>\n<p>Se jugara un torneo de ida y vuelta todos contra todos , donde los 2 mejor posicionados acceder\u00e1n a disputar\u00a0 la final en la cancha del equipo mejor posicionado el d\u00eda 27 de Junio. Los 2 equipos que disputen la final acceder\u00e1n a disputar la Etapa Zonal contra los equipos de la Asociaci\u00f3n Juninense.<\/p>\n<p>&nbsp;<\/p>\n<p><strong>Fixture<\/strong><\/p>\n<p>Fecha 1 \u2013 23 de mayo \u2013 Col\u00f3n Vs. Saladillo y Quilmes Vs. San Lorenzo. Libre: Argentino<\/p>\n<p>Fecha 2 \u2013 26 de mayo \u2013 San Lorenzo Vs. Argentino y Saladillo Vs. Quilmes. Libre: Col\u00f3n<\/p>\n<p>Fecha 3 \u2013 30 de mayo \u2013 Quilmes Vs. Col\u00f3n y Argentino Vs. Saladillo. Libre: San Lorenzo<\/p>\n<p>Fecha 4 \u2013 2 de junio \u2013 Col\u00f3n Vs. Argentino y Saladillo Vs. San Lorenzo. Libre: Quilmes<\/p>\n<p>Fecha 5 \u2013 6 de junio \u2013 Argentino Vs. Quilmes y San Lorenzo Vs. Col\u00f3n. Libre: Saladillo.<\/p>\n<p>Las fechas 6 a 10 se jugar\u00e1n invirtiendo las local\u00edas los d\u00edas 9, 13, 16, 20 y 23 de junio, quedando la final para el 27 de ese mes.<\/p>\n","protected":false},"excerpt":{"rendered":"<p>Por Ariel Musante \/ El cervecero quiere volver a jugar cert\u00e1menes provinciales de inferiores y es uno de los que &#8230; <a title=\"Quilmes participar\u00e1 de la eliminatoria U17\" class=\"read-more\" href=\"https:\/\/www.hoymercedes.com.ar\/principal\/2016\/05\/20\/quilmes-participara-de-la-eliminatoria-u17\/\" aria-label=\"Leer m\u00e1s sobre Quilmes participar\u00e1 de la eliminatoria U17\">Leer m\u00e1s<\/a><\/p>\n","protected":false},"author":1,"featured_media":0,"comment_status":"open","ping_status":"open","sticky":false,"template":"","format":"standard","meta":{"_monsterinsights_skip_tracking":false,"_monsterinsights_sitenote_active":false,"_monsterinsights_sitenote_note":"","_monsterinsights_sitenote_category":0,"jetpack_post_was_ever_published":false,"_jetpack_newsletter_access":"","_jetpack_dont_email_post_to_subs":false,"_jetpack_newsletter_tier_id":0,"_jetpack_memberships_contains_paywalled_content":false,"_jetpack_memberships_contains_paid_content":false,"footnotes":"","jetpack_publicize_message":"","jetpack_publicize_feature_enabled":true,"jetpack_social_post_already_shared":true,"jetpack_social_options":{"image_generator_settings":{"template":"highway","default_image_id":0,"font":"","enabled":false},"version":2},"_wpas_customize_per_network":false},"categories":[11],"tags":[1058,204,9277,8733,1413],"class_list":["post-50096","post","type-post","status-publish","format-standard","hentry","category-ciudad","tag-basquet","tag-deportes-2","tag-fechas","tag-musante","tag-quilmes","generate-columns","tablet-grid-50","mobile-grid-100","grid-parent","grid-50"],"jetpack_publicize_connections":[],"jetpack_featured_media_url":"","wps_subtitle":"Buscar\u00e1 jugar el Provincial","jetpack_sharing_enabled":true,"_links":{"self":[{"href":"https:\/\/www.hoymercedes.com.ar\/principal\/wp-json\/wp\/v2\/posts\/50096","targetHints":{"allow":["GET"]}}],"collection":[{"href":"https:\/\/www.hoymercedes.com.ar\/principal\/wp-json\/wp\/v2\/posts"}],"about":[{"href":"https:\/\/www.hoymercedes.com.ar\/principal\/wp-json\/wp\/v2\/types\/post"}],"author":[{"embeddable":true,"href":"https:\/\/www.hoymercedes.com.ar\/principal\/wp-json\/wp\/v2\/users\/1"}],"replies":[{"embeddable":true,"href":"https:\/\/www.hoymercedes.com.ar\/principal\/wp-json\/wp\/v2\/comments?post=50096"}],"version-history":[{"count":0,"href":"https:\/\/www.hoymercedes.com.ar\/principal\/wp-json\/wp\/v2\/posts\/50096\/revisions"}],"wp:attachment":[{"href":"https:\/\/www.hoymercedes.com.ar\/principal\/wp-json\/wp\/v2\/media?parent=50096"}],"wp:term":[{"taxonomy":"category","embeddable":true,"href":"https:\/\/www.hoymercedes.com.ar\/principal\/wp-json\/wp\/v2\/categories?post=50096"},{"taxonomy":"post_tag","embeddable":true,"href":"https:\/\/www.hoymercedes.com.ar\/principal\/wp-json\/wp\/v2\/tags?post=50096"}],"curies":[{"name":"wp","href":"https:\/\/api.w.org\/{rel}","templated":true}]}}