{"id":50123,"date":"2016-05-18T20:45:03","date_gmt":"2016-05-18T23:45:03","guid":{"rendered":"http:\/\/www.hoymercedes.com.ar\/principal\/?p=50123"},"modified":"2016-05-18T18:00:51","modified_gmt":"2016-05-18T21:00:51","slug":"convocan-a-una-concentracion-que-pide-una-mejor-atencion-en-la-clinica","status":"publish","type":"post","link":"https:\/\/www.hoymercedes.com.ar\/principal\/2016\/05\/18\/convocan-a-una-concentracion-que-pide-una-mejor-atencion-en-la-clinica\/","title":{"rendered":"Convocan a una concentraci\u00f3n que pide una mejor atenci\u00f3n en la Cl\u00ednica"},"content":{"rendered":"<p><img loading=\"lazy\" decoding=\"async\" data-attachment-id=\"50124\" data-permalink=\"https:\/\/www.hoymercedes.com.ar\/principal\/2016\/05\/18\/convocan-a-una-concentracion-que-pide-una-mejor-atencion-en-la-clinica\/18-clinica\/#main\" data-orig-file=\"https:\/\/www.hoymercedes.com.ar\/principal\/wp-content\/uploads\/2016\/05\/18-clinica.jpg\" data-orig-size=\"336,395\" data-comments-opened=\"1\" data-image-meta=\"{&quot;aperture&quot;:&quot;0&quot;,&quot;credit&quot;:&quot;&quot;,&quot;camera&quot;:&quot;&quot;,&quot;caption&quot;:&quot;&quot;,&quot;created_timestamp&quot;:&quot;0&quot;,&quot;copyright&quot;:&quot;&quot;,&quot;focal_length&quot;:&quot;0&quot;,&quot;iso&quot;:&quot;0&quot;,&quot;shutter_speed&quot;:&quot;0&quot;,&quot;title&quot;:&quot;&quot;,&quot;orientation&quot;:&quot;0&quot;}\" data-image-title=\"18 clinica\" data-image-description=\"\" data-image-caption=\"\" data-large-file=\"https:\/\/www.hoymercedes.com.ar\/principal\/wp-content\/uploads\/2016\/05\/18-clinica.jpg\" class=\"aligncenter size-full wp-image-50124\" src=\"https:\/\/www.hoymercedes.com.ar\/principal\/wp-content\/uploads\/2016\/05\/18-clinica.jpg\" alt=\"18 clinica\" width=\"336\" height=\"395\" srcset=\"https:\/\/www.hoymercedes.com.ar\/principal\/wp-content\/uploads\/2016\/05\/18-clinica.jpg 336w, https:\/\/www.hoymercedes.com.ar\/principal\/wp-content\/uploads\/2016\/05\/18-clinica-128x150.jpg 128w\" sizes=\"auto, (max-width: 336px) 100vw, 336px\" \/>Daniela L\u00f3pez, hija de Jos\u00e9 Calcagno, public\u00f3 hace unos d\u00edas en la red social, la necesidad de contactarse con familiares o damnificados directos de la \u201cmala atenci\u00f3n\u201d recibida en la Nueva Cl\u00ednica Cruz Azul, con el fin de convocarlos para lo que despu\u00e9s anunciar\u00eda una concentraci\u00f3n en la esquina de 16 y 29 y reclamar que \u201cno haya m\u00e1s impunidad\u201d y se haga \u201cjusticia\u201d ante las denuncias que se realizaron por las pr\u00e1cticas presumiblemente an\u00f3malas en distintos pacientes. La convocatoria la extendieron a toda la comunidad para este jueves 19 de mayo, 15:30 horas, en dicha esquina.<\/p>\n<p>\u201cSabemos que hubo y hay much\u00edsimos casos de mala praxis y muy mal trato hacia pacientes y familiares. Estaremos haciendo una marcha para pedido de justicia por la muerte dudosa de mi pap\u00e1 y cierre de la cl\u00ednica que tiene demasiadas anomal\u00edas como para seguir funcionando necesitamos el apoyo de toda la sociedad no podemos seguir tolerando que nos maten impunemente como lo est\u00e1n haciendo. Merecemos una mejor calidad en la atenci\u00f3n a nuestra salud\u201d, public\u00f3 Daniela en Facebook y cientos de comentarios reflejaron distintas historias compartiendo la publicaci\u00f3n. Muchos de ellos confirmaron que estar\u00e1n presentes para expresar su malestar\u00a0por las atenciones recibidas.<\/p>\n","protected":false},"excerpt":{"rendered":"<p>Daniela L\u00f3pez, hija de Jos\u00e9 Calcagno, public\u00f3 hace unos d\u00edas en la red social, la necesidad de contactarse con familiares &#8230; <a title=\"Convocan a una concentraci\u00f3n que pide una mejor atenci\u00f3n en la Cl\u00ednica\" class=\"read-more\" href=\"https:\/\/www.hoymercedes.com.ar\/principal\/2016\/05\/18\/convocan-a-una-concentracion-que-pide-una-mejor-atencion-en-la-clinica\/\" aria-label=\"Leer m\u00e1s sobre Convocan a una concentraci\u00f3n que pide una mejor atenci\u00f3n en la Cl\u00ednica\">Leer m\u00e1s<\/a><\/p>\n","protected":false},"author":1,"featured_media":50124,"comment_status":"open","ping_status":"open","sticky":false,"template":"","format":"standard","meta":{"_monsterinsights_skip_tracking":false,"_monsterinsights_sitenote_active":false,"_monsterinsights_sitenote_note":"","_monsterinsights_sitenote_category":0,"jetpack_post_was_ever_published":false,"_jetpack_newsletter_access":"","_jetpack_dont_email_post_to_subs":false,"_jetpack_newsletter_tier_id":0,"_jetpack_memberships_contains_paywalled_content":false,"_jetpack_memberships_contains_paid_content":false,"footnotes":"","jetpack_publicize_message":"","jetpack_publicize_feature_enabled":true,"jetpack_social_post_already_shared":true,"jetpack_social_options":{"image_generator_settings":{"template":"highway","default_image_id":0,"font":"","enabled":false},"version":2},"_wpas_customize_per_network":false},"categories":[8],"tags":[9286,7033,134],"class_list":["post-50123","post","type-post","status-publish","format-standard","has-post-thumbnail","hentry","category-sociedad","tag-concentracion","tag-denuncia","tag-salud","generate-columns","tablet-grid-50","mobile-grid-100","grid-parent","grid-50"],"jetpack_publicize_connections":[],"jetpack_featured_media_url":"https:\/\/www.hoymercedes.com.ar\/principal\/wp-content\/uploads\/2016\/05\/18-clinica.jpg","wps_subtitle":"Este jueves 19 de mayo, 15:30 horas","jetpack_sharing_enabled":true,"_links":{"self":[{"href":"https:\/\/www.hoymercedes.com.ar\/principal\/wp-json\/wp\/v2\/posts\/50123","targetHints":{"allow":["GET"]}}],"collection":[{"href":"https:\/\/www.hoymercedes.com.ar\/principal\/wp-json\/wp\/v2\/posts"}],"about":[{"href":"https:\/\/www.hoymercedes.com.ar\/principal\/wp-json\/wp\/v2\/types\/post"}],"author":[{"embeddable":true,"href":"https:\/\/www.hoymercedes.com.ar\/principal\/wp-json\/wp\/v2\/users\/1"}],"replies":[{"embeddable":true,"href":"https:\/\/www.hoymercedes.com.ar\/principal\/wp-json\/wp\/v2\/comments?post=50123"}],"version-history":[{"count":0,"href":"https:\/\/www.hoymercedes.com.ar\/principal\/wp-json\/wp\/v2\/posts\/50123\/revisions"}],"wp:featuredmedia":[{"embeddable":true,"href":"https:\/\/www.hoymercedes.com.ar\/principal\/wp-json\/wp\/v2\/media\/50124"}],"wp:attachment":[{"href":"https:\/\/www.hoymercedes.com.ar\/principal\/wp-json\/wp\/v2\/media?parent=50123"}],"wp:term":[{"taxonomy":"category","embeddable":true,"href":"https:\/\/www.hoymercedes.com.ar\/principal\/wp-json\/wp\/v2\/categories?post=50123"},{"taxonomy":"post_tag","embeddable":true,"href":"https:\/\/www.hoymercedes.com.ar\/principal\/wp-json\/wp\/v2\/tags?post=50123"}],"curies":[{"name":"wp","href":"https:\/\/api.w.org\/{rel}","templated":true}]}}