{"id":5013,"date":"2011-06-16T03:04:05","date_gmt":"2011-06-16T03:04:05","guid":{"rendered":"http:\/\/www.hoymercedes.com.ar\/principal\/?p=5013"},"modified":"2011-06-16T03:04:05","modified_gmt":"2011-06-16T03:04:05","slug":"denapole-milhomme-y-mazzocchi-%c2%bflos-tres-primeros-en-la-lista-de-selva","status":"publish","type":"post","link":"https:\/\/www.hoymercedes.com.ar\/principal\/2011\/06\/16\/denapole-milhomme-y-mazzocchi-%c2%bflos-tres-primeros-en-la-lista-de-selva\/","title":{"rendered":"Denapole, Milhomme y Mazzocchi \u00bflos tres primeros en la lista de Selva?"},"content":{"rendered":"<p>Si bien hasta el momento de manera oficial el jefe comunal de nuestra ciudad nada adelant\u00f3 acerca de quienes ser\u00e1n los integrantes de su lista de Concejales y Consejeros Escolares y m\u00e1s all\u00e1 de las conjeturas que uno podr\u00eda hacerse esta claro que dentro de los ediles que en la actualidad integran el bloque en el HCD del Frente para la Victoria-Partido Justicialista que en diciembre concluyen con su mandato sobresale la figura del Ingeniero Marcelo Denapole, uno de los hombres en los cuales Selva ha depositado mayor confianza a punto tal que en su momento puso en sus manos una de las Direcciones m\u00e1s importantes del municipio, la de Planeamiento y Producci\u00f3n para luego llevarlo como candidato a primer concejal en las elecciones de hace cuatro a\u00f1os por lo cual fue en su momento intendente interino de la ciudad, ahora ser\u00eda de acuerdo a lo que comentan los \u201centendidos en los caf\u00e9s de la ciudad\u201d n\u00famero puesto para ocupar el primer lugar en la lista.<\/p>\n<p>El segundo nombre del cual m\u00e1s se habla es el farmac\u00e9utico Carlos Milhomme, titular del Colegio que agrupa a dichos profesionales en la ciudad quien ya fuera candidato hace dos a\u00f1os y que ahora aparece con renovados br\u00edos como candidato puesto al segundo lugar.<\/p>\n<p>Nadie puede negar que Milhomme en los dos  \u00faltimos a\u00f1os tuvo un papel protag\u00f3nico dentro de la comunidad local, ya sea desde el Colegio de Farmac\u00e9uticos como desde la C\u00e1mara Econ\u00f3mica Mercedina de la cual es su vicepresidente al lado de Cesar Sanmart\u00edn.<\/p>\n<p>Siguiendo este an\u00e1lisis Selva tendr\u00eda entonces resuelto el primer y segundo lugar en la lista, pero viene el tercero y con el la obligaci\u00f3n de cumplir por ley con la nominaci\u00f3n de una mujer, es decir el cupo femenino y la disposici\u00f3n que establece la obligatoriedad de cambiar de sexo luego de dos personas consecutivas con el mismo.<\/p>\n<p>\u00bfQui\u00e9n podr\u00eda ser entonces dicha mujer? Como suele pasar siempre son m\u00e1s de uno los nombres que por afuera se manejan, pero uno de ellos tiene mucho m\u00e1s fuerza que los restantes, el de la se\u00f1ora Mercedes Mazzochi, actual concejal del ri\u00f1\u00f3n del grupo comandado por el Dr. Mart\u00edn Zubeld\u00eda optando por permanecer dentro del partido y no irse buscando otros rumbos como por ejemplo lo hicieron sus compa\u00f1eros Pablo Banchiero y Juan Pablo L\u00f3pez quienes dejaron el grupo de la calle 26 para alinearse en torno del Frente Mercedino para la Victoria. Premio a la lealtad al pacto firmado en su momento entre Selva y Zubeld\u00eda, ahora Mazzocchi tend\u00eda el tercer lugar en la lista casi confirmado, siempre, lo reiteramos al decir de los \u201canalistas pol\u00edticos de caf\u00e9\u201d.<\/p>\n<p>\u00bfAcertar\u00e1n esta vez los analistas especializados en pol\u00edtica local? Seguramente cuando Carlos Selva el viernes 24 haga el acto donde formalizar\u00e1 el anuncio oficial, se sabr\u00e1 si estaban en lo cierto o no.<\/p>\n","protected":false},"excerpt":{"rendered":"<p>Si bien hasta el momento de manera oficial el jefe comunal de nuestra ciudad nada adelant\u00f3 acerca de quienes ser\u00e1n &#8230; <a title=\"Denapole, Milhomme y Mazzocchi \u00bflos tres primeros en la lista de Selva?\" class=\"read-more\" href=\"https:\/\/www.hoymercedes.com.ar\/principal\/2011\/06\/16\/denapole-milhomme-y-mazzocchi-%c2%bflos-tres-primeros-en-la-lista-de-selva\/\" aria-label=\"Leer m\u00e1s sobre Denapole, Milhomme y Mazzocchi \u00bflos tres primeros en la lista de Selva?\">Leer m\u00e1s<\/a><\/p>\n","protected":false},"author":1,"featured_media":0,"comment_status":"open","ping_status":"open","sticky":false,"template":"","format":"standard","meta":{"_monsterinsights_skip_tracking":false,"_monsterinsights_sitenote_active":false,"_monsterinsights_sitenote_note":"","_monsterinsights_sitenote_category":0,"jetpack_post_was_ever_published":false,"_jetpack_newsletter_access":"","_jetpack_dont_email_post_to_subs":false,"_jetpack_newsletter_tier_id":0,"_jetpack_memberships_contains_paywalled_content":false,"_jetpack_memberships_contains_paid_content":false,"footnotes":"","jetpack_publicize_message":"","jetpack_publicize_feature_enabled":true,"jetpack_social_post_already_shared":false,"jetpack_social_options":{"image_generator_settings":{"template":"highway","default_image_id":0,"font":"","enabled":false},"version":2},"_wpas_customize_per_network":false},"categories":[5],"tags":[913,370,915,914],"class_list":["post-5013","post","type-post","status-publish","format-standard","hentry","category-politica","tag-concejales-selva","tag-denapole","tag-mazzochi","tag-milhomme","generate-columns","tablet-grid-50","mobile-grid-100","grid-parent","grid-50"],"jetpack_publicize_connections":[],"jetpack_featured_media_url":"","wps_subtitle":"","jetpack_sharing_enabled":true,"_links":{"self":[{"href":"https:\/\/www.hoymercedes.com.ar\/principal\/wp-json\/wp\/v2\/posts\/5013","targetHints":{"allow":["GET"]}}],"collection":[{"href":"https:\/\/www.hoymercedes.com.ar\/principal\/wp-json\/wp\/v2\/posts"}],"about":[{"href":"https:\/\/www.hoymercedes.com.ar\/principal\/wp-json\/wp\/v2\/types\/post"}],"author":[{"embeddable":true,"href":"https:\/\/www.hoymercedes.com.ar\/principal\/wp-json\/wp\/v2\/users\/1"}],"replies":[{"embeddable":true,"href":"https:\/\/www.hoymercedes.com.ar\/principal\/wp-json\/wp\/v2\/comments?post=5013"}],"version-history":[{"count":0,"href":"https:\/\/www.hoymercedes.com.ar\/principal\/wp-json\/wp\/v2\/posts\/5013\/revisions"}],"wp:attachment":[{"href":"https:\/\/www.hoymercedes.com.ar\/principal\/wp-json\/wp\/v2\/media?parent=5013"}],"wp:term":[{"taxonomy":"category","embeddable":true,"href":"https:\/\/www.hoymercedes.com.ar\/principal\/wp-json\/wp\/v2\/categories?post=5013"},{"taxonomy":"post_tag","embeddable":true,"href":"https:\/\/www.hoymercedes.com.ar\/principal\/wp-json\/wp\/v2\/tags?post=5013"}],"curies":[{"name":"wp","href":"https:\/\/api.w.org\/{rel}","templated":true}]}}