{"id":50158,"date":"2016-05-19T20:02:08","date_gmt":"2016-05-19T23:02:08","guid":{"rendered":"http:\/\/www.hoymercedes.com.ar\/principal\/?p=50158"},"modified":"2016-05-19T19:13:47","modified_gmt":"2016-05-19T22:13:47","slug":"estudiantes-terciarios-fueron-capacitados-en-primeros-auxilios","status":"publish","type":"post","link":"https:\/\/www.hoymercedes.com.ar\/principal\/2016\/05\/19\/estudiantes-terciarios-fueron-capacitados-en-primeros-auxilios\/","title":{"rendered":"Estudiantes terciarios fueron capacitados en primeros auxilios"},"content":{"rendered":"<p><img loading=\"lazy\" decoding=\"async\" data-attachment-id=\"50167\" data-permalink=\"https:\/\/www.hoymercedes.com.ar\/principal\/2016\/05\/19\/estudiantes-terciarios-fueron-capacitados-en-primeros-auxilios\/19-rcp-jovenes\/#main\" data-orig-file=\"https:\/\/www.hoymercedes.com.ar\/principal\/wp-content\/uploads\/2016\/05\/19-rcp-jovenes.jpg\" data-orig-size=\"448,336\" data-comments-opened=\"1\" data-image-meta=\"{&quot;aperture&quot;:&quot;0&quot;,&quot;credit&quot;:&quot;&quot;,&quot;camera&quot;:&quot;&quot;,&quot;caption&quot;:&quot;&quot;,&quot;created_timestamp&quot;:&quot;0&quot;,&quot;copyright&quot;:&quot;&quot;,&quot;focal_length&quot;:&quot;0&quot;,&quot;iso&quot;:&quot;0&quot;,&quot;shutter_speed&quot;:&quot;0&quot;,&quot;title&quot;:&quot;&quot;,&quot;orientation&quot;:&quot;0&quot;}\" data-image-title=\"19 rcp jovenes\" data-image-description=\"\" data-image-caption=\"\" data-large-file=\"https:\/\/www.hoymercedes.com.ar\/principal\/wp-content\/uploads\/2016\/05\/19-rcp-jovenes.jpg\" class=\"aligncenter size-full wp-image-50167\" src=\"https:\/\/www.hoymercedes.com.ar\/principal\/wp-content\/uploads\/2016\/05\/19-rcp-jovenes.jpg\" alt=\"19 rcp jovenes\" width=\"448\" height=\"336\" srcset=\"https:\/\/www.hoymercedes.com.ar\/principal\/wp-content\/uploads\/2016\/05\/19-rcp-jovenes.jpg 448w, https:\/\/www.hoymercedes.com.ar\/principal\/wp-content\/uploads\/2016\/05\/19-rcp-jovenes-150x113.jpg 150w\" sizes=\"auto, (max-width: 448px) 100vw, 448px\" \/>La Coordinaci\u00f3n de Pol\u00edticas Juveniles, dependiente de la Secretar\u00eda de Desarrollo Social de la Municipalidad, realiz\u00f3 junto a la Direcci\u00f3n de Protecci\u00f3n Civil una capacitaci\u00f3n en primeros auxilios y RCP para j\u00f3venes estudiantes de Instituciones Terciarias.<\/p>\n<p>En esta oportunidad, m\u00e1s de 80 j\u00f3venes del Profesorado de Educaci\u00f3n F\u00edsica del Instituto Parroquial se acercaron a las instalaciones de Desarrollo Social y participaron durante la tarde de un\u00a0aprendizaje que les permitir\u00e1 salvar vidas.<\/p>\n<p>El intendente Ustarroz hab\u00eda solicitado a la coordinaci\u00f3n de Pol\u00edticas Juveniles la acci\u00f3n y trabajo de forma conjunta con estudiantes y en base a esto esta capacitaci\u00f3n se acord\u00f3 luego de\u00a0una reuni\u00f3n de la Coordinadora de Pol\u00edticas Juveniles, Eugenia Codega, con los Centros de Estudiantes de Institutos Terciarios, en la cual los j\u00f3venes le expresaron, entre otras cuestiones,\u00a0la necesidad de capacitarse a ra\u00edz de un episodio ocurrido con una estudiante en plena clase.<\/p>\n<p>El objetivo es generar este tipo de actividades con todas las Instituciones Terciarias y Secundarias a trav\u00e9s de los Centros de Estudiantes y con el acompa\u00f1amiento del\u00a0\u00e1rea de Protecci\u00f3n Civil y su Director Esteban Chal\u00e1.<\/p>\n<p>Fuente: Prensa Municipal<\/p>\n","protected":false},"excerpt":{"rendered":"<p>La Coordinaci\u00f3n de Pol\u00edticas Juveniles, dependiente de la Secretar\u00eda de Desarrollo Social de la Municipalidad, realiz\u00f3 junto a la Direcci\u00f3n &#8230; <a title=\"Estudiantes terciarios fueron capacitados en primeros auxilios\" class=\"read-more\" href=\"https:\/\/www.hoymercedes.com.ar\/principal\/2016\/05\/19\/estudiantes-terciarios-fueron-capacitados-en-primeros-auxilios\/\" aria-label=\"Leer m\u00e1s sobre Estudiantes terciarios fueron capacitados en primeros auxilios\">Leer m\u00e1s<\/a><\/p>\n","protected":false},"author":1,"featured_media":50167,"comment_status":"open","ping_status":"open","sticky":false,"template":"","format":"standard","meta":{"_monsterinsights_skip_tracking":false,"_monsterinsights_sitenote_active":false,"_monsterinsights_sitenote_note":"","_monsterinsights_sitenote_category":0,"jetpack_post_was_ever_published":false,"_jetpack_newsletter_access":"","_jetpack_dont_email_post_to_subs":false,"_jetpack_newsletter_tier_id":0,"_jetpack_memberships_contains_paywalled_content":false,"_jetpack_memberships_contains_paid_content":false,"footnotes":"","jetpack_publicize_message":"","jetpack_publicize_feature_enabled":true,"jetpack_social_post_already_shared":true,"jetpack_social_options":{"image_generator_settings":{"template":"highway","default_image_id":0,"font":"","enabled":false},"version":2},"_wpas_customize_per_network":false},"categories":[30],"tags":[244,5676,9122],"class_list":["post-50158","post","type-post","status-publish","format-standard","has-post-thumbnail","hentry","category-municipio","tag-municipio-2","tag-politicas-juveniles","tag-proteccion-civil","generate-columns","tablet-grid-50","mobile-grid-100","grid-parent","grid-50"],"jetpack_publicize_connections":[],"jetpack_featured_media_url":"https:\/\/www.hoymercedes.com.ar\/principal\/wp-content\/uploads\/2016\/05\/19-rcp-jovenes.jpg","wps_subtitle":"Desde Pol\u00edticas Juveniles","jetpack_sharing_enabled":true,"_links":{"self":[{"href":"https:\/\/www.hoymercedes.com.ar\/principal\/wp-json\/wp\/v2\/posts\/50158","targetHints":{"allow":["GET"]}}],"collection":[{"href":"https:\/\/www.hoymercedes.com.ar\/principal\/wp-json\/wp\/v2\/posts"}],"about":[{"href":"https:\/\/www.hoymercedes.com.ar\/principal\/wp-json\/wp\/v2\/types\/post"}],"author":[{"embeddable":true,"href":"https:\/\/www.hoymercedes.com.ar\/principal\/wp-json\/wp\/v2\/users\/1"}],"replies":[{"embeddable":true,"href":"https:\/\/www.hoymercedes.com.ar\/principal\/wp-json\/wp\/v2\/comments?post=50158"}],"version-history":[{"count":0,"href":"https:\/\/www.hoymercedes.com.ar\/principal\/wp-json\/wp\/v2\/posts\/50158\/revisions"}],"wp:featuredmedia":[{"embeddable":true,"href":"https:\/\/www.hoymercedes.com.ar\/principal\/wp-json\/wp\/v2\/media\/50167"}],"wp:attachment":[{"href":"https:\/\/www.hoymercedes.com.ar\/principal\/wp-json\/wp\/v2\/media?parent=50158"}],"wp:term":[{"taxonomy":"category","embeddable":true,"href":"https:\/\/www.hoymercedes.com.ar\/principal\/wp-json\/wp\/v2\/categories?post=50158"},{"taxonomy":"post_tag","embeddable":true,"href":"https:\/\/www.hoymercedes.com.ar\/principal\/wp-json\/wp\/v2\/tags?post=50158"}],"curies":[{"name":"wp","href":"https:\/\/api.w.org\/{rel}","templated":true}]}}