{"id":50181,"date":"2016-05-20T09:22:32","date_gmt":"2016-05-20T12:22:32","guid":{"rendered":"http:\/\/www.hoymercedes.com.ar\/principal\/?p=50181"},"modified":"2016-05-20T09:22:32","modified_gmt":"2016-05-20T12:22:32","slug":"el-intendente-recibio-a-la-directora-del-organismo-provincial-de-ninez-y-adolescencia","status":"publish","type":"post","link":"https:\/\/www.hoymercedes.com.ar\/principal\/2016\/05\/20\/el-intendente-recibio-a-la-directora-del-organismo-provincial-de-ninez-y-adolescencia\/","title":{"rendered":"El Intendente recibi\u00f3 a la Directora del Organismo Provincial de Ni\u00f1ez y Adolescencia"},"content":{"rendered":"<p><img loading=\"lazy\" decoding=\"async\" data-attachment-id=\"50182\" data-permalink=\"https:\/\/www.hoymercedes.com.ar\/principal\/2016\/05\/20\/el-intendente-recibio-a-la-directora-del-organismo-provincial-de-ninez-y-adolescencia\/20-ninez\/#main\" data-orig-file=\"https:\/\/www.hoymercedes.com.ar\/principal\/wp-content\/uploads\/2016\/05\/20-ni\u00f1ez.jpg\" data-orig-size=\"448,299\" data-comments-opened=\"1\" data-image-meta=\"{&quot;aperture&quot;:&quot;0&quot;,&quot;credit&quot;:&quot;&quot;,&quot;camera&quot;:&quot;&quot;,&quot;caption&quot;:&quot;????????????????????????????????????&quot;,&quot;created_timestamp&quot;:&quot;0&quot;,&quot;copyright&quot;:&quot;&quot;,&quot;focal_length&quot;:&quot;0&quot;,&quot;iso&quot;:&quot;0&quot;,&quot;shutter_speed&quot;:&quot;0&quot;,&quot;title&quot;:&quot;&quot;,&quot;orientation&quot;:&quot;0&quot;}\" data-image-title=\"20 ni\u00f1ez\" data-image-description=\"\" data-image-caption=\"\" data-large-file=\"https:\/\/www.hoymercedes.com.ar\/principal\/wp-content\/uploads\/2016\/05\/20-ni\u00f1ez.jpg\" class=\"aligncenter size-full wp-image-50182\" src=\"https:\/\/www.hoymercedes.com.ar\/principal\/wp-content\/uploads\/2016\/05\/20-ni\u00f1ez.jpg\" alt=\"20 ni\u00f1ez\" width=\"448\" height=\"299\" srcset=\"https:\/\/www.hoymercedes.com.ar\/principal\/wp-content\/uploads\/2016\/05\/20-ni\u00f1ez.jpg 448w, https:\/\/www.hoymercedes.com.ar\/principal\/wp-content\/uploads\/2016\/05\/20-ni\u00f1ez-150x100.jpg 150w, https:\/\/www.hoymercedes.com.ar\/principal\/wp-content\/uploads\/2016\/05\/20-ni\u00f1ez-300x200.jpg 300w\" sizes=\"auto, (max-width: 448px) 100vw, 448px\" \/>El Intendente Municipal Dr. Juan Ignacio Ustarroz, recibi\u00f3 a\u00a0la Licenciada Pilar Molina, Directora Ejecutiva del Organismo Provincial de Ni\u00f1ez y Adolescencia, \u00a0para dialogar y delinear acciones conjuntas.<\/p>\n<p>En este sentido la Lic. Pilar Molina, Directora Ejecutiva del Organismo Provincial de Ni\u00f1ez y Adolescencia, explic\u00f3 que \u00ablo que estamos haciendo es una recorrida por todos los municipios para conocer a sus equipos de manera personal m\u00e1s all\u00e1 del contacto permanente que tenemos de manera telef\u00f3nica. Esto nos permite conocer, de primera mano y en persona cu\u00e1les son las inquietudes que tienen los municipios y los lugares donde est\u00e1n los chicos para quienes trabajamos\u00bb.<\/p>\n<p>Luego de su participaci\u00f3n en el encuentro llevado a cabo\u00a0 por el Consejo Provincial de la Ni\u00f1ez, del que participaron representantes de los consejos locales de promoci\u00f3n y protecci\u00f3n de alrededor de una veintena de municipios, Molina visit\u00f3 la ciudad para un encuentro con el Jefe Comunal local.<\/p>\n<p>La jornada se hab\u00eda realizado en la ciudad de Jun\u00edn, donde participaron los distritos de Exaltaci\u00f3n de la Cruz, Z\u00e1rate, Campana, Escobar, San Nicol\u00e1s, Ramallo, San Pedro, Baradero, Capit\u00e1n Sarmiento, Arrecifes, Pergamino, Col\u00f3n, Bragado, 25 de Mayo, Carmen de Areco, Chivilcoy, Luj\u00e1n, Alberti, Navarro, 9 de Julio, Salto, San Antonio de Areco, San Andr\u00e9s de Giles, Suipacha, General las Heras, M\u00e1ximo Paz, Jun\u00edn, General Arenales, Leandro N. Alem, Viamonte, Lincoln, General Pinto, Chacabuco, Florentino Ameghino, Rojas y Mercedes que se destac\u00f3 en la disertaci\u00f3n, por el trabajo realizado en la tem\u00e1tica.<\/p>\n<p>El Intendente Ustarroz, quien adem\u00e1s en su profesi\u00f3n de abogado tiene una especializaci\u00f3n en Ni\u00f1ez y Adolescencia, se manifest\u00f3 \u201ccontento y satisfecho por el compromiso de la funcionaria provincial\u201d a quien destac\u00f3 por haber llegado a la ciudad, luego de tan intensa jornada en Jun\u00edn.<\/p>\n<p>\u201cComo gobernantes tenemos que pensar en las pr\u00f3ximas generaciones, y no en las pr\u00f3ximas elecciones\u201d dijo el Jefe Comunal, poniendo en claro su postura en esta tem\u00e1tica, y destacando la muy buena relaci\u00f3n que tiene el Municipio con este organismo provincial.<\/p>\n<p>En el encuentro se plante\u00f3 la realizaci\u00f3n de nuevos programas para j\u00f3venes que egresan de los hogares de abrigo entre otros temas.<\/p>\n<p>Fuente: Prensa Municipal<\/p>\n","protected":false},"excerpt":{"rendered":"<p>El Intendente Municipal Dr. Juan Ignacio Ustarroz, recibi\u00f3 a\u00a0la Licenciada Pilar Molina, Directora Ejecutiva del Organismo Provincial de Ni\u00f1ez y &#8230; <a title=\"El Intendente recibi\u00f3 a la Directora del Organismo Provincial de Ni\u00f1ez y Adolescencia\" class=\"read-more\" href=\"https:\/\/www.hoymercedes.com.ar\/principal\/2016\/05\/20\/el-intendente-recibio-a-la-directora-del-organismo-provincial-de-ninez-y-adolescencia\/\" aria-label=\"Leer m\u00e1s sobre El Intendente recibi\u00f3 a la Directora del Organismo Provincial de Ni\u00f1ez y Adolescencia\">Leer m\u00e1s<\/a><\/p>\n","protected":false},"author":1,"featured_media":50182,"comment_status":"open","ping_status":"open","sticky":false,"template":"","format":"standard","meta":{"_monsterinsights_skip_tracking":false,"_monsterinsights_sitenote_active":false,"_monsterinsights_sitenote_note":"","_monsterinsights_sitenote_category":0,"jetpack_post_was_ever_published":false,"_jetpack_newsletter_access":"","_jetpack_dont_email_post_to_subs":false,"_jetpack_newsletter_tier_id":0,"_jetpack_memberships_contains_paywalled_content":false,"_jetpack_memberships_contains_paid_content":false,"footnotes":"","jetpack_publicize_message":"","jetpack_publicize_feature_enabled":true,"jetpack_social_post_already_shared":true,"jetpack_social_options":{"image_generator_settings":{"template":"highway","default_image_id":0,"font":"","enabled":false},"version":2},"_wpas_customize_per_network":false},"categories":[30],"tags":[244,9302],"class_list":["post-50181","post","type-post","status-publish","format-standard","has-post-thumbnail","hentry","category-municipio","tag-municipio-2","tag-ninez-y-adolescencia","generate-columns","tablet-grid-50","mobile-grid-100","grid-parent","grid-50"],"jetpack_publicize_connections":[],"jetpack_featured_media_url":"https:\/\/www.hoymercedes.com.ar\/principal\/wp-content\/uploads\/2016\/05\/20-ni\u00f1ez.jpg","wps_subtitle":"Visita funcionaria provincial","jetpack_sharing_enabled":true,"_links":{"self":[{"href":"https:\/\/www.hoymercedes.com.ar\/principal\/wp-json\/wp\/v2\/posts\/50181","targetHints":{"allow":["GET"]}}],"collection":[{"href":"https:\/\/www.hoymercedes.com.ar\/principal\/wp-json\/wp\/v2\/posts"}],"about":[{"href":"https:\/\/www.hoymercedes.com.ar\/principal\/wp-json\/wp\/v2\/types\/post"}],"author":[{"embeddable":true,"href":"https:\/\/www.hoymercedes.com.ar\/principal\/wp-json\/wp\/v2\/users\/1"}],"replies":[{"embeddable":true,"href":"https:\/\/www.hoymercedes.com.ar\/principal\/wp-json\/wp\/v2\/comments?post=50181"}],"version-history":[{"count":0,"href":"https:\/\/www.hoymercedes.com.ar\/principal\/wp-json\/wp\/v2\/posts\/50181\/revisions"}],"wp:featuredmedia":[{"embeddable":true,"href":"https:\/\/www.hoymercedes.com.ar\/principal\/wp-json\/wp\/v2\/media\/50182"}],"wp:attachment":[{"href":"https:\/\/www.hoymercedes.com.ar\/principal\/wp-json\/wp\/v2\/media?parent=50181"}],"wp:term":[{"taxonomy":"category","embeddable":true,"href":"https:\/\/www.hoymercedes.com.ar\/principal\/wp-json\/wp\/v2\/categories?post=50181"},{"taxonomy":"post_tag","embeddable":true,"href":"https:\/\/www.hoymercedes.com.ar\/principal\/wp-json\/wp\/v2\/tags?post=50181"}],"curies":[{"name":"wp","href":"https:\/\/api.w.org\/{rel}","templated":true}]}}