{"id":50189,"date":"2016-05-20T18:58:32","date_gmt":"2016-05-20T21:58:32","guid":{"rendered":"http:\/\/www.hoymercedes.com.ar\/principal\/?p=50189"},"modified":"2016-05-20T18:58:32","modified_gmt":"2016-05-20T21:58:32","slug":"trabajos-en-el-sector-rural-y-en-calles-urbanas","status":"publish","type":"post","link":"https:\/\/www.hoymercedes.com.ar\/principal\/2016\/05\/20\/trabajos-en-el-sector-rural-y-en-calles-urbanas\/","title":{"rendered":"Trabajos en el sector rural y en calles urbanas"},"content":{"rendered":"<p><img loading=\"lazy\" decoding=\"async\" data-attachment-id=\"50190\" data-permalink=\"https:\/\/www.hoymercedes.com.ar\/principal\/2016\/05\/20\/trabajos-en-el-sector-rural-y-en-calles-urbanas\/20-obras-servicios-publicos\/#main\" data-orig-file=\"https:\/\/www.hoymercedes.com.ar\/principal\/wp-content\/uploads\/2016\/05\/20-obras-servicios-publicos.jpg\" data-orig-size=\"448,252\" data-comments-opened=\"1\" data-image-meta=\"{&quot;aperture&quot;:&quot;0&quot;,&quot;credit&quot;:&quot;&quot;,&quot;camera&quot;:&quot;&quot;,&quot;caption&quot;:&quot;&quot;,&quot;created_timestamp&quot;:&quot;0&quot;,&quot;copyright&quot;:&quot;&quot;,&quot;focal_length&quot;:&quot;0&quot;,&quot;iso&quot;:&quot;0&quot;,&quot;shutter_speed&quot;:&quot;0&quot;,&quot;title&quot;:&quot;&quot;,&quot;orientation&quot;:&quot;0&quot;}\" data-image-title=\"20 obras servicios publicos\" data-image-description=\"\" data-image-caption=\"\" data-large-file=\"https:\/\/www.hoymercedes.com.ar\/principal\/wp-content\/uploads\/2016\/05\/20-obras-servicios-publicos.jpg\" class=\"aligncenter size-full wp-image-50190\" src=\"https:\/\/www.hoymercedes.com.ar\/principal\/wp-content\/uploads\/2016\/05\/20-obras-servicios-publicos.jpg\" alt=\"20 obras servicios publicos\" width=\"448\" height=\"252\" srcset=\"https:\/\/www.hoymercedes.com.ar\/principal\/wp-content\/uploads\/2016\/05\/20-obras-servicios-publicos.jpg 448w, https:\/\/www.hoymercedes.com.ar\/principal\/wp-content\/uploads\/2016\/05\/20-obras-servicios-publicos-150x84.jpg 150w\" sizes=\"auto, (max-width: 448px) 100vw, 448px\" \/>Contin\u00faan las tareas que se van cumpliendo en la ciudad, con personal de la sub Secretaria de Obras y Servicios P\u00fablicos. Se est\u00e1n realizando tareas de barrido manual urbano, en calle 35, 37, 39, 41, 43 y 45 de calle 30\u00a0 a Av. 40\u00a0 y\u00a0 las calles 30, 32, 34, 36 y 38 se realizaron de calle 35\u00a0 a Av. 47\u00a0 en la jornada de hoy viernes por la ma\u00f1ana contin\u00faan realizando tareas de barrido en\u00a0 calle 12\u00a0 a calle 30 y de\u00a0 Av. 17\u00a0 a calle 23. Y un equipo con apoyo de una compactadora se encuentra realizando la limpieza integral en el microcentro y barrio Toyota.<\/p>\n<p>En lo que es limpieza y mantenimiento urbano, varios equipos se encuentra realizando tareas referidas a levantar bolsas de hojas, ramas, escombros con el apoyo de palas mec\u00e1nicas y camiones en calle 30\u00a0 a\u00a0 Av.40 y de calle 37\u00a0 a calle 45, y en Av. 1 y Av. 40,\u00a0 en calle 47 e\/18 y 20 y en el barrio Obrero. Otro equipo con apoyo de una pala y un cami\u00f3n se encuentran realizando tareas de limpieza en las Avdas. 2, 1, 40 y 47. Y un equipo se encuentra realizando la poda de \u00e1rboles\u00a0 en camino a La Estancia El Recuerdo.<\/p>\n<p>En lo que respecta al equipo vial, dos equipos se encuentran trabajando realizando cruces\u00a0 de calles con la provisi\u00f3n de 12 ca\u00f1os en calle 312 e\/ 109 y 111, y en calle 104 y 75\u00a0 con el apoyo de dos retropalas y un cami\u00f3n. Dos equipos se encuentran realizando la tarea de reparaci\u00f3n de caminos con el apoyo de motoniveladoras en calle 107 e\/ 106 y 108, y en calle 29 y 156. Otro equipo se encuentra realizando tareas de zanjeo en calle 29 y 162\u00a0 con el apoyo de una retropala. Otro equipo se encuentra reparando baches en calle 24 y 103. Dos equipos se encuentran viajando a Lujan en b\u00fasqueda de tosca para continuar realizando los trabajos del equipo vial en periferia urbana y caminos rurales.<\/p>\n<p>El corte de pastos se esta cumpliendo con varias cuadrillas, realizando tareas en los canteros de las avenidas 40, 47, 2 y 1.<\/p>\n<p>Tambi\u00e9n las m\u00e1quinas municipales llegaron a Tom\u00e1s Jofr\u00e9 para poder dar soluciones a los innumerables caminos rurales que en esa zona de Mercedes existen.<\/p>\n<p>El servicio el\u00e9ctrico, y otras \u00e1reas de apoyo, se encuentran dando respuestas a los reclamos efectuados a trav\u00e9s del servicio telef\u00f3nico 147.<\/p>\n<p>Fuente: Prensa Municipal<\/p>\n","protected":false},"excerpt":{"rendered":"<p>Contin\u00faan las tareas que se van cumpliendo en la ciudad, con personal de la sub Secretaria de Obras y Servicios &#8230; <a title=\"Trabajos en el sector rural y en calles urbanas\" class=\"read-more\" href=\"https:\/\/www.hoymercedes.com.ar\/principal\/2016\/05\/20\/trabajos-en-el-sector-rural-y-en-calles-urbanas\/\" aria-label=\"Leer m\u00e1s sobre Trabajos en el sector rural y en calles urbanas\">Leer m\u00e1s<\/a><\/p>\n","protected":false},"author":1,"featured_media":50190,"comment_status":"open","ping_status":"open","sticky":false,"template":"","format":"standard","meta":{"_monsterinsights_skip_tracking":false,"_monsterinsights_sitenote_active":false,"_monsterinsights_sitenote_note":"","_monsterinsights_sitenote_category":0,"jetpack_post_was_ever_published":false,"_jetpack_newsletter_access":"","_jetpack_dont_email_post_to_subs":false,"_jetpack_newsletter_tier_id":0,"_jetpack_memberships_contains_paywalled_content":false,"_jetpack_memberships_contains_paid_content":false,"footnotes":"","jetpack_publicize_message":"","jetpack_publicize_feature_enabled":true,"jetpack_social_post_already_shared":true,"jetpack_social_options":{"image_generator_settings":{"template":"highway","default_image_id":0,"font":"","enabled":false},"version":2},"_wpas_customize_per_network":false},"categories":[30],"tags":[244,8628],"class_list":["post-50189","post","type-post","status-publish","format-standard","has-post-thumbnail","hentry","category-municipio","tag-municipio-2","tag-servicios-publicos","generate-columns","tablet-grid-50","mobile-grid-100","grid-parent","grid-50"],"jetpack_publicize_connections":[],"jetpack_featured_media_url":"https:\/\/www.hoymercedes.com.ar\/principal\/wp-content\/uploads\/2016\/05\/20-obras-servicios-publicos.jpg","wps_subtitle":"Servicios P\u00fablicos","jetpack_sharing_enabled":true,"_links":{"self":[{"href":"https:\/\/www.hoymercedes.com.ar\/principal\/wp-json\/wp\/v2\/posts\/50189","targetHints":{"allow":["GET"]}}],"collection":[{"href":"https:\/\/www.hoymercedes.com.ar\/principal\/wp-json\/wp\/v2\/posts"}],"about":[{"href":"https:\/\/www.hoymercedes.com.ar\/principal\/wp-json\/wp\/v2\/types\/post"}],"author":[{"embeddable":true,"href":"https:\/\/www.hoymercedes.com.ar\/principal\/wp-json\/wp\/v2\/users\/1"}],"replies":[{"embeddable":true,"href":"https:\/\/www.hoymercedes.com.ar\/principal\/wp-json\/wp\/v2\/comments?post=50189"}],"version-history":[{"count":0,"href":"https:\/\/www.hoymercedes.com.ar\/principal\/wp-json\/wp\/v2\/posts\/50189\/revisions"}],"wp:featuredmedia":[{"embeddable":true,"href":"https:\/\/www.hoymercedes.com.ar\/principal\/wp-json\/wp\/v2\/media\/50190"}],"wp:attachment":[{"href":"https:\/\/www.hoymercedes.com.ar\/principal\/wp-json\/wp\/v2\/media?parent=50189"}],"wp:term":[{"taxonomy":"category","embeddable":true,"href":"https:\/\/www.hoymercedes.com.ar\/principal\/wp-json\/wp\/v2\/categories?post=50189"},{"taxonomy":"post_tag","embeddable":true,"href":"https:\/\/www.hoymercedes.com.ar\/principal\/wp-json\/wp\/v2\/tags?post=50189"}],"curies":[{"name":"wp","href":"https:\/\/api.w.org\/{rel}","templated":true}]}}