{"id":50193,"date":"2016-05-21T14:20:20","date_gmt":"2016-05-21T17:20:20","guid":{"rendered":"http:\/\/www.hoymercedes.com.ar\/principal\/?p=50193"},"modified":"2016-05-21T15:01:25","modified_gmt":"2016-05-21T18:01:25","slug":"comenzo-la-fiesta-de-la-torta-frita","status":"publish","type":"post","link":"https:\/\/www.hoymercedes.com.ar\/principal\/2016\/05\/21\/comenzo-la-fiesta-de-la-torta-frita\/","title":{"rendered":"Comenz\u00f3 la Fiesta de la Torta Frita"},"content":{"rendered":"<p><img loading=\"lazy\" decoding=\"async\" data-attachment-id=\"50195\" data-permalink=\"https:\/\/www.hoymercedes.com.ar\/principal\/2016\/05\/21\/comenzo-la-fiesta-de-la-torta-frita\/21-torta-frita\/#main\" data-orig-file=\"https:\/\/www.hoymercedes.com.ar\/principal\/wp-content\/uploads\/2016\/05\/21-TORTA-FRITA.jpg\" data-orig-size=\"448,336\" data-comments-opened=\"1\" data-image-meta=\"{&quot;aperture&quot;:&quot;8&quot;,&quot;credit&quot;:&quot;&quot;,&quot;camera&quot;:&quot;DSC-W530&quot;,&quot;caption&quot;:&quot;&quot;,&quot;created_timestamp&quot;:&quot;1262838140&quot;,&quot;copyright&quot;:&quot;&quot;,&quot;focal_length&quot;:&quot;4.7&quot;,&quot;iso&quot;:&quot;80&quot;,&quot;shutter_speed&quot;:&quot;0.00625&quot;,&quot;title&quot;:&quot;&quot;,&quot;orientation&quot;:&quot;1&quot;}\" data-image-title=\"21  TORTA FRITA\" data-image-description=\"\" data-image-caption=\"\" data-large-file=\"https:\/\/www.hoymercedes.com.ar\/principal\/wp-content\/uploads\/2016\/05\/21-TORTA-FRITA.jpg\" class=\"aligncenter size-full wp-image-50195\" src=\"https:\/\/www.hoymercedes.com.ar\/principal\/wp-content\/uploads\/2016\/05\/21-TORTA-FRITA.jpg\" alt=\"21 TORTA FRITA\" width=\"448\" height=\"336\" srcset=\"https:\/\/www.hoymercedes.com.ar\/principal\/wp-content\/uploads\/2016\/05\/21-TORTA-FRITA.jpg 448w, https:\/\/www.hoymercedes.com.ar\/principal\/wp-content\/uploads\/2016\/05\/21-TORTA-FRITA-150x113.jpg 150w\" sizes=\"auto, (max-width: 448px) 100vw, 448px\" \/>Finalmente hoy s\u00e1bado se\u00a0est\u00e1 concretando \u00a0la 17\u00ba Fiesta Provincial de la Torta Frita. Por estas horas las torteras comenzaron con la venta de Torta Fritas y promediando la tarde se realizar\u00e1 la gran torta frita de 5 metros de di\u00e1metro.<\/p>\n<p>El evento organizado por la Municipalidad de Mercedes y las Agrupaciones Gauchas Unidas, tendr\u00e1 como principal protagonista a la delicia convocante, pero como siempre, habr\u00e1 paseos a caballo, puestos de artesanos y el tradicional Desfile Gaucho.<\/p>\n<p>El plato fuerte de la celebraci\u00f3n estar\u00e1 entre los puestos de tortas fritas, cuyos integrantes, competir\u00e1n en el certamen por ser el Tortero o Tortera del a\u00f1o. Tambi\u00e9n ser\u00e1 premiado el mejor puesto de ventas.<\/p>\n<p>&nbsp;<\/p>\n<p>&nbsp;<\/p>\n","protected":false},"excerpt":{"rendered":"<p>Finalmente hoy s\u00e1bado se\u00a0est\u00e1 concretando \u00a0la 17\u00ba Fiesta Provincial de la Torta Frita. Por estas horas las torteras comenzaron con &#8230; <a title=\"Comenz\u00f3 la Fiesta de la Torta Frita\" class=\"read-more\" href=\"https:\/\/www.hoymercedes.com.ar\/principal\/2016\/05\/21\/comenzo-la-fiesta-de-la-torta-frita\/\" aria-label=\"Leer m\u00e1s sobre Comenz\u00f3 la Fiesta de la Torta Frita\">Leer m\u00e1s<\/a><\/p>\n","protected":false},"author":1,"featured_media":50195,"comment_status":"open","ping_status":"open","sticky":false,"template":"","format":"standard","meta":{"_monsterinsights_skip_tracking":false,"_monsterinsights_sitenote_active":false,"_monsterinsights_sitenote_note":"","_monsterinsights_sitenote_category":0,"jetpack_post_was_ever_published":false,"_jetpack_newsletter_access":"","_jetpack_dont_email_post_to_subs":false,"_jetpack_newsletter_tier_id":0,"_jetpack_memberships_contains_paywalled_content":false,"_jetpack_memberships_contains_paid_content":false,"footnotes":"","jetpack_publicize_message":"","jetpack_publicize_feature_enabled":true,"jetpack_social_post_already_shared":true,"jetpack_social_options":{"image_generator_settings":{"template":"highway","default_image_id":0,"font":"","enabled":false},"version":2},"_wpas_customize_per_network":false},"categories":[30],"tags":[244,7205],"class_list":["post-50193","post","type-post","status-publish","format-standard","has-post-thumbnail","hentry","category-municipio","tag-municipio-2","tag-torta-frita","generate-columns","tablet-grid-50","mobile-grid-100","grid-parent","grid-50"],"jetpack_publicize_connections":[],"jetpack_featured_media_url":"https:\/\/www.hoymercedes.com.ar\/principal\/wp-content\/uploads\/2016\/05\/21-TORTA-FRITA.jpg","wps_subtitle":"Despu\u00e9s de varias suspensiones","jetpack_sharing_enabled":true,"_links":{"self":[{"href":"https:\/\/www.hoymercedes.com.ar\/principal\/wp-json\/wp\/v2\/posts\/50193","targetHints":{"allow":["GET"]}}],"collection":[{"href":"https:\/\/www.hoymercedes.com.ar\/principal\/wp-json\/wp\/v2\/posts"}],"about":[{"href":"https:\/\/www.hoymercedes.com.ar\/principal\/wp-json\/wp\/v2\/types\/post"}],"author":[{"embeddable":true,"href":"https:\/\/www.hoymercedes.com.ar\/principal\/wp-json\/wp\/v2\/users\/1"}],"replies":[{"embeddable":true,"href":"https:\/\/www.hoymercedes.com.ar\/principal\/wp-json\/wp\/v2\/comments?post=50193"}],"version-history":[{"count":0,"href":"https:\/\/www.hoymercedes.com.ar\/principal\/wp-json\/wp\/v2\/posts\/50193\/revisions"}],"wp:featuredmedia":[{"embeddable":true,"href":"https:\/\/www.hoymercedes.com.ar\/principal\/wp-json\/wp\/v2\/media\/50195"}],"wp:attachment":[{"href":"https:\/\/www.hoymercedes.com.ar\/principal\/wp-json\/wp\/v2\/media?parent=50193"}],"wp:term":[{"taxonomy":"category","embeddable":true,"href":"https:\/\/www.hoymercedes.com.ar\/principal\/wp-json\/wp\/v2\/categories?post=50193"},{"taxonomy":"post_tag","embeddable":true,"href":"https:\/\/www.hoymercedes.com.ar\/principal\/wp-json\/wp\/v2\/tags?post=50193"}],"curies":[{"name":"wp","href":"https:\/\/api.w.org\/{rel}","templated":true}]}}