{"id":50205,"date":"2016-05-21T16:35:11","date_gmt":"2016-05-21T19:35:11","guid":{"rendered":"http:\/\/www.hoymercedes.com.ar\/principal\/?p=50205"},"modified":"2016-05-21T14:36:59","modified_gmt":"2016-05-21T17:36:59","slug":"cambiemos-piden-iluminacion-zanjeos-limpieza-y-senalizacion-de-paradas-de-colectivos","status":"publish","type":"post","link":"https:\/\/www.hoymercedes.com.ar\/principal\/2016\/05\/21\/cambiemos-piden-iluminacion-zanjeos-limpieza-y-senalizacion-de-paradas-de-colectivos\/","title":{"rendered":"Cambiemos piden iluminaci\u00f3n, zanjeos, limpieza y se\u00f1alizaci\u00f3n de paradas de colectivos"},"content":{"rendered":"<figure id=\"attachment_48714\" aria-describedby=\"caption-attachment-48714\" style=\"width: 438px\" class=\"wp-caption aligncenter\"><img loading=\"lazy\" decoding=\"async\" data-attachment-id=\"48714\" data-permalink=\"https:\/\/www.hoymercedes.com.ar\/principal\/2016\/04\/09\/cambiemos-propone-hacer-ordenanza-de-proteccion-animal\/09-cambiemos\/#main\" data-orig-file=\"https:\/\/www.hoymercedes.com.ar\/principal\/wp-content\/uploads\/2016\/04\/09-cambiemos.jpg\" data-orig-size=\"448,299\" data-comments-opened=\"1\" data-image-meta=\"{&quot;aperture&quot;:&quot;0&quot;,&quot;credit&quot;:&quot;&quot;,&quot;camera&quot;:&quot;&quot;,&quot;caption&quot;:&quot;&quot;,&quot;created_timestamp&quot;:&quot;0&quot;,&quot;copyright&quot;:&quot;&quot;,&quot;focal_length&quot;:&quot;0&quot;,&quot;iso&quot;:&quot;0&quot;,&quot;shutter_speed&quot;:&quot;0&quot;,&quot;title&quot;:&quot;&quot;,&quot;orientation&quot;:&quot;0&quot;}\" data-image-title=\"09 cambiemos\" data-image-description=\"\" data-image-caption=\"&lt;p&gt;Foto de Archivo&lt;\/p&gt;\n\" data-large-file=\"https:\/\/www.hoymercedes.com.ar\/principal\/wp-content\/uploads\/2016\/04\/09-cambiemos.jpg\" class=\"size-full wp-image-48714\" src=\"https:\/\/www.hoymercedes.com.ar\/principal\/wp-content\/uploads\/2016\/04\/09-cambiemos.jpg\" alt=\"Foto de Archivo\" width=\"448\" height=\"299\" srcset=\"https:\/\/www.hoymercedes.com.ar\/principal\/wp-content\/uploads\/2016\/04\/09-cambiemos.jpg 448w, https:\/\/www.hoymercedes.com.ar\/principal\/wp-content\/uploads\/2016\/04\/09-cambiemos-150x100.jpg 150w, https:\/\/www.hoymercedes.com.ar\/principal\/wp-content\/uploads\/2016\/04\/09-cambiemos-300x200.jpg 300w\" sizes=\"auto, (max-width: 448px) 100vw, 448px\" \/><figcaption id=\"caption-attachment-48714\" class=\"wp-caption-text\">Foto de Archivo<\/figcaption><\/figure>\n<p><em><strong>El bloque de concejales present\u00f3 diferentes propuestas para la pr\u00f3xima sesi\u00f3n legislativa. Entre ellas, piden reforzar seguridad y realizar arreglos en zona rural. Adem\u00e1s solicitan arreglos de p\u00e9rdidas de agua corriente.<\/strong><\/em><\/p>\n<p>El venidero lunes 23 de mayo se llevar\u00e1 adelante una nueva sesi\u00f3n ordinaria del Concejo Deliberante. El orden del d\u00eda programado para esa fecha lo est\u00e1n recibieron los legisladores por estas horas. No obstante, el bloque del Frente Cambiemos que integran los concejales Oscar Albini, Juan Carlos Badano, Juan Carlos Benitez, Edgar Killmeate, Aida Laporta, y Alejandra Repetto, dieron a conocer p\u00fablicamente las propuestas presentadas los \u00faltimos d\u00edas.<\/p>\n<p>Algo de lo que finalmente figura en el orden del d\u00eda lo dieron a conocer a trav\u00e9s de la conferencia de prensa brindada la semana pasada. Sin embargo, en esta oportunidad detallan cada uno de los proyectos presentados. Algunos de ellos, no s\u00f3lo tienen que ver con el agua corriente, sino tambi\u00e9n con iluminaci\u00f3n y refuerzo de la seguridad en la localidad de Gowland y arreglos varios en distintos barrios.<\/p>\n<p>\u201cCon la reciente implementaci\u00f3n del nuevo servicio local de colectivos y que muchos vecinos han comenzado a utilizarlo, pero no saben bien cu\u00e1les son las paradas ni los horarios, pedimos en un proyecto de ordenanza que se identifique con pintura y con la carteleria correspondiente, todas las paradas del colectivo de l\u00ednea local en sus recorrido de l\u00ednea 1 y l\u00ednea 2, los cuales en su reverso tendr\u00e1n los horarios de parada del transporte\u201d, contaron del bloque Cambiemos.<\/p>\n<p>En relaci\u00f3n con este tema, y al servicio de colectivos, pero del Atl\u00e1ntida y el servicio que lleva adelante en Gowland. La preocupaci\u00f3n particular que plantean los concejales de Cambiemos es que despu\u00e9s de cierto horario, 22:45 horas, no ingresan colectivos a la localidad rural y paran en la rotonda de acceso y diagonal oeste. Lugar, donde, varias veces, se producen cortes de alumbrado el\u00e9ctrico y la zona queda insegura. \u201cEn el proyecto de resoluci\u00f3n nos dirigimos al Destacamento Policial de la localidad de Gowland para que implemente un patrullaje o una guardia de seguridad a partir de las 22:45hs todos los d\u00edas en la rotonda y diagonal oeste de esa localidad\u201d, agregaron.<\/p>\n<p>Asimismo, explicaron que en la misma localidad, m\u00e1s exactamente en la estaci\u00f3n del Ferrocarril Sarmiento, tambi\u00e9n queda oscura generando inseguridad en el and\u00e9n de la v\u00eda rumbo a Luj\u00e1n. Es as\u00ed que proponen dirigirse a la Administraci\u00f3n de Infraestructuras Ferroviarias Sociedad del Estado (ADIFSE), dependiente del Ministerio de Transporte de la Naci\u00f3n para que proceda a la iluminaci\u00f3n de ese and\u00e9n\u201d<\/p>\n<p>Siguiendo en la zona rural, el Frente Cambiemos pide que se repare y nivele la Ruta 42 en su trayecto de tierra desde calle 10 hasta la localidad de Franklin y desde el Har\u00e1s Martino hasta l\u00edmites con Suipacha y desde la localidad de La Verde hasta l\u00edmites del partido con direcci\u00f3n a La Choza. \u201cPor convenio establecido en la Ley Provincial 13010, las municipalidades son las que deben mantener el buen estado de las rutas provinciales en su trayecto de tierra. Entendemos oportuno proponer este proyecto de resoluci\u00f3n\u201d, destacan.<\/p>\n<p>Asimismo, piden que se realice el zanjeo, reparaci\u00f3n y nivelaci\u00f3n, el camino real en direcci\u00f3n a la EGB N\u00ba 16 ubicada en circuncisi\u00f3n XVI del cuartel XVI desde el campo de Luis Esnaola aproximadamente 400 metros hasta llegar a dicha escuela.<\/p>\n<p>&nbsp;<\/p>\n<p><strong>Limpieza y arreglos<\/strong><\/p>\n<p>Las denuncias de p\u00e9rdidas de agua corriente y l\u00edquidos cloacales en distintos puntos motivaron al bloque de concejales a hacer efectivo el pedido anunciado la semana pasada. \u201cProponemos dirigirnos al Departamento Ejecutivo para que a trav\u00e9s del Laboratorio Municipal se proceda a hacer\u00a0 muestreos de control para verificar el estado de potabilidad del agua corriente que llega a los domicilios de las zonas ubicadas en calle 40 desde 31 a 39, calle 12 desde 7 a 17, calle 11 desde 10 a 30, Acceso Sur desde 114 hasta Barrio Favaloro, Barrio Malvinas, Barrio La Amistad, Barrio Belgrano\u00a0 y otras zonas donde se han detectado p\u00e9rdidas de agua corriente y del servicio cloacal y una vez realizados los muestreos pedimos que eleven los resultados el cuerpo legislativo\u201d, explicaron<\/p>\n<p>Adem\u00e1s de pedir la reparaci\u00f3n de la perdida de agua, ubicada en calle 34 entre 19 y 17 en el sentido a la calle, mano derecha sobre el cord\u00f3n, dado que se observa una gran acumulaci\u00f3n de agua lo cual genera inconvenientes para el transito como molestias a los vecinos.<\/p>\n<p>Por otra parte, Cambiemos pide diferentes arreglos y limpiezas en la ciudad. Uno de los proyectos pide la limpieza de la calle 49, entre 36 y calle 38, \u201cdado que en ambos m\u00e1rgenes de la misma se encuentra una gran acumulaci\u00f3n de ramas producto de restos de poda y descartes, lo que ha producido que la arteria se reduzca en su ancho lo cual dificulta el tr\u00e1nsito de los vecinos\u201d, destacan.<\/p>\n<p>Asimismo, piden que se retire la tierra, barro y suciedad acumulada en ambos sentidos y en ambos m\u00e1rgenes de la Avenida 47 en su recorrido de Calle 10 a Avenida 40. \u201cLa tierra, barro y suciedad acumulada, hace que con el transito el polvo se disperse por el aire, afectando no solo la visibilidad sino tambi\u00e9n entrando a las casas y negocios de los vecinos, y los conductores de bicicletas y motos se ven obligados a transitar pr\u00e1cticamente por el medio de la acera por el temor de sufrir ca\u00eddas con el peligro que ello conlleva\u201d, destacan desde el bloque de concejales.<\/p>\n<p>Tambi\u00e9n piden el zanjeo, reparaci\u00f3n y nivelaci\u00f3n, de la calle 24 entre calle 119 y calle 129 y la reparaci\u00f3n de los baches que afectan a la calle 9 en su tramo comprendido entre calle 34 y calle 40, as\u00ed como el zanjeo de las cunetas ubicadas en la calle 46 bis entre 101 y 103.<\/p>\n<p>&nbsp;<\/p>\n<p>&nbsp;<\/p>\n<p>&nbsp;<\/p>\n","protected":false},"excerpt":{"rendered":"<p>El bloque de concejales present\u00f3 diferentes propuestas para la pr\u00f3xima sesi\u00f3n legislativa. Entre ellas, piden reforzar seguridad y realizar arreglos &#8230; <a title=\"Cambiemos piden iluminaci\u00f3n, zanjeos, limpieza y se\u00f1alizaci\u00f3n de paradas de colectivos\" class=\"read-more\" href=\"https:\/\/www.hoymercedes.com.ar\/principal\/2016\/05\/21\/cambiemos-piden-iluminacion-zanjeos-limpieza-y-senalizacion-de-paradas-de-colectivos\/\" aria-label=\"Leer m\u00e1s sobre Cambiemos piden iluminaci\u00f3n, zanjeos, limpieza y se\u00f1alizaci\u00f3n de paradas de colectivos\">Leer m\u00e1s<\/a><\/p>\n","protected":false},"author":1,"featured_media":48714,"comment_status":"open","ping_status":"open","sticky":false,"template":"","format":"standard","meta":{"_monsterinsights_skip_tracking":false,"_monsterinsights_sitenote_active":false,"_monsterinsights_sitenote_note":"","_monsterinsights_sitenote_category":0,"jetpack_post_was_ever_published":false,"_jetpack_newsletter_access":"","_jetpack_dont_email_post_to_subs":false,"_jetpack_newsletter_tier_id":0,"_jetpack_memberships_contains_paywalled_content":false,"_jetpack_memberships_contains_paid_content":false,"footnotes":"","jetpack_publicize_message":"","jetpack_publicize_feature_enabled":true,"jetpack_social_post_already_shared":true,"jetpack_social_options":{"image_generator_settings":{"template":"highway","default_image_id":0,"font":"","enabled":false},"version":2},"_wpas_customize_per_network":false},"categories":[5],"tags":[9307,5319,9308],"class_list":["post-50205","post","type-post","status-publish","format-standard","has-post-thumbnail","hentry","category-politica","tag-bloque-cambiemos","tag-politica-2","tag-proyectos-hcd","generate-columns","tablet-grid-50","mobile-grid-100","grid-parent","grid-50"],"jetpack_publicize_connections":[],"jetpack_featured_media_url":"https:\/\/www.hoymercedes.com.ar\/principal\/wp-content\/uploads\/2016\/04\/09-cambiemos.jpg","wps_subtitle":"Proyectos a sesi\u00f3n ","jetpack_sharing_enabled":true,"_links":{"self":[{"href":"https:\/\/www.hoymercedes.com.ar\/principal\/wp-json\/wp\/v2\/posts\/50205","targetHints":{"allow":["GET"]}}],"collection":[{"href":"https:\/\/www.hoymercedes.com.ar\/principal\/wp-json\/wp\/v2\/posts"}],"about":[{"href":"https:\/\/www.hoymercedes.com.ar\/principal\/wp-json\/wp\/v2\/types\/post"}],"author":[{"embeddable":true,"href":"https:\/\/www.hoymercedes.com.ar\/principal\/wp-json\/wp\/v2\/users\/1"}],"replies":[{"embeddable":true,"href":"https:\/\/www.hoymercedes.com.ar\/principal\/wp-json\/wp\/v2\/comments?post=50205"}],"version-history":[{"count":0,"href":"https:\/\/www.hoymercedes.com.ar\/principal\/wp-json\/wp\/v2\/posts\/50205\/revisions"}],"wp:featuredmedia":[{"embeddable":true,"href":"https:\/\/www.hoymercedes.com.ar\/principal\/wp-json\/wp\/v2\/media\/48714"}],"wp:attachment":[{"href":"https:\/\/www.hoymercedes.com.ar\/principal\/wp-json\/wp\/v2\/media?parent=50205"}],"wp:term":[{"taxonomy":"category","embeddable":true,"href":"https:\/\/www.hoymercedes.com.ar\/principal\/wp-json\/wp\/v2\/categories?post=50205"},{"taxonomy":"post_tag","embeddable":true,"href":"https:\/\/www.hoymercedes.com.ar\/principal\/wp-json\/wp\/v2\/tags?post=50205"}],"curies":[{"name":"wp","href":"https:\/\/api.w.org\/{rel}","templated":true}]}}