{"id":5023,"date":"2011-06-17T01:53:27","date_gmt":"2011-06-17T01:53:27","guid":{"rendered":"http:\/\/www.hoymercedes.com.ar\/principal\/?p=5023"},"modified":"2011-06-17T01:53:27","modified_gmt":"2011-06-17T01:53:27","slug":"futbol-solidario-realizaran-una-subasta-a-beneficio-del-hospital","status":"publish","type":"post","link":"https:\/\/www.hoymercedes.com.ar\/principal\/2011\/06\/17\/futbol-solidario-realizaran-una-subasta-a-beneficio-del-hospital\/","title":{"rendered":"F\u00fatbol Solidario: Realizar\u00e1n una subasta a beneficio del Hospital"},"content":{"rendered":"<figure id=\"attachment_5025\" aria-describedby=\"caption-attachment-5025\" style=\"width: 290px\" class=\"wp-caption alignleft\"><a href=\"https:\/\/www.hoymercedes.com.ar\/principal\/wp-content\/uploads\/2011\/06\/futbolsolidario.jpg\"><img loading=\"lazy\" decoding=\"async\" data-attachment-id=\"5025\" data-permalink=\"https:\/\/www.hoymercedes.com.ar\/principal\/2011\/06\/17\/futbol-solidario-realizaran-una-subasta-a-beneficio-del-hospital\/futbolsolidario\/#main\" data-orig-file=\"https:\/\/www.hoymercedes.com.ar\/principal\/wp-content\/uploads\/2011\/06\/futbolsolidario.jpg\" data-orig-size=\"300,172\" data-comments-opened=\"1\" data-image-meta=\"{&quot;aperture&quot;:&quot;3.5&quot;,&quot;credit&quot;:&quot;&quot;,&quot;camera&quot;:&quot;KODAK EASYSHARE Z915 DIGITAL CAMERA&quot;,&quot;caption&quot;:&quot;&quot;,&quot;created_timestamp&quot;:&quot;1234257361&quot;,&quot;copyright&quot;:&quot;&quot;,&quot;focal_length&quot;:&quot;6.2&quot;,&quot;iso&quot;:&quot;160&quot;,&quot;shutter_speed&quot;:&quot;0.033333333333333&quot;,&quot;title&quot;:&quot;&quot;}\" data-image-title=\"futbolsolidario\" data-image-description=\"\" data-image-caption=\"&lt;p&gt;Vera, Moner, Elizondo  y Castroman al frente de la organizaci\u00f3n. &lt;\/p&gt;\n\" data-large-file=\"https:\/\/www.hoymercedes.com.ar\/principal\/wp-content\/uploads\/2011\/06\/futbolsolidario.jpg\" class=\"size-full wp-image-5025\" title=\"futbolsolidario\" src=\"https:\/\/www.hoymercedes.com.ar\/principal\/wp-content\/uploads\/2011\/06\/futbolsolidario.jpg\" alt=\"\" width=\"300\" height=\"172\" \/><\/a><figcaption id=\"caption-attachment-5025\" class=\"wp-caption-text\">Vera, Moner, Elizondo  y Castroman al frente de la organizaci\u00f3n. <\/figcaption><\/figure>\n<p>Ser\u00e1 en el Sal\u00f3n Indira (Cuartel de Bomberos) a las 20.30 horas. Entre otros objetos habr\u00e1: guantes de Mike Tyson, remeras firmadas por Diego Maradona, Rafael Nadal, Lionel Messi, el plantel completo de la Selecci\u00f3n Argentina y de los mercedinos.<\/p>\n<p>El pr\u00f3ximo martes a las 20.30 horas tendr\u00e1 lugar la presentaci\u00f3n oficial de la 4\u00ba edici\u00f3n del denominado F\u00fatbol Solidario y al mismo tiempo lo organizadores implementar\u00e1n una subasta de objetos especiales a beneficio del Hospital Blas L. Dubarry.<\/p>\n<p>El lugar elegido es el Sal\u00f3n Indira, ubicado en el Cuartel de Bomberos Voluntarios con entrada libre y gratuita. All\u00ed habr\u00e1 unas palabras alusivas, la proyecci\u00f3n de un video de la Fundaci\u00f3n LUCAS (Luj\u00e1n Camino Solidario) del jugador Lucas Castroman y luego a cargo de Diego Mar\u00fa la mencionada subasta.<\/p>\n<p>En esta oportunidad mediante el gran esfuerzo de los organizadores (Mariano Elizondo, Mart\u00edn Elizondo, Fernando Moner, Lucas Castroman y Pablo Vera De Bonis) habr\u00e1 diversos presentes, entre ellos: guantes de Mike Tyson, remeras firmadas por Diego Maradona, Rafael Nadal, Lionel Messi, el plantel completo de la Selecci\u00f3n Argentina y de los mercedinos Lucas Biglia, Mat\u00edas Silvestre, Emanuel Culio y Federico Lertora.<\/p>\n<p>&nbsp;<\/p>\n","protected":false},"excerpt":{"rendered":"<p>Ser\u00e1 en el Sal\u00f3n Indira (Cuartel de Bomberos) a las 20.30 horas. Entre otros objetos habr\u00e1: guantes de Mike Tyson, &#8230; <a title=\"F\u00fatbol Solidario: Realizar\u00e1n una subasta a beneficio del Hospital\" class=\"read-more\" href=\"https:\/\/www.hoymercedes.com.ar\/principal\/2011\/06\/17\/futbol-solidario-realizaran-una-subasta-a-beneficio-del-hospital\/\" aria-label=\"Leer m\u00e1s sobre F\u00fatbol Solidario: Realizar\u00e1n una subasta a beneficio del Hospital\">Leer m\u00e1s<\/a><\/p>\n","protected":false},"author":1,"featured_media":0,"comment_status":"open","ping_status":"open","sticky":false,"template":"","format":"standard","meta":{"_monsterinsights_skip_tracking":false,"_monsterinsights_sitenote_active":false,"_monsterinsights_sitenote_note":"","_monsterinsights_sitenote_category":0,"jetpack_post_was_ever_published":false,"_jetpack_newsletter_access":"","_jetpack_dont_email_post_to_subs":false,"_jetpack_newsletter_tier_id":0,"_jetpack_memberships_contains_paywalled_content":false,"_jetpack_memberships_contains_paid_content":false,"footnotes":"","jetpack_publicize_message":"","jetpack_publicize_feature_enabled":true,"jetpack_social_post_already_shared":false,"jetpack_social_options":{"image_generator_settings":{"template":"highway","default_image_id":0,"font":"","enabled":false},"version":2},"_wpas_customize_per_network":false},"categories":[8],"tags":[919],"class_list":["post-5023","post","type-post","status-publish","format-standard","hentry","category-sociedad","tag-futbol-solidario-mercedes","generate-columns","tablet-grid-50","mobile-grid-100","grid-parent","grid-50"],"jetpack_publicize_connections":[],"jetpack_featured_media_url":"","wps_subtitle":"","jetpack_sharing_enabled":true,"_links":{"self":[{"href":"https:\/\/www.hoymercedes.com.ar\/principal\/wp-json\/wp\/v2\/posts\/5023","targetHints":{"allow":["GET"]}}],"collection":[{"href":"https:\/\/www.hoymercedes.com.ar\/principal\/wp-json\/wp\/v2\/posts"}],"about":[{"href":"https:\/\/www.hoymercedes.com.ar\/principal\/wp-json\/wp\/v2\/types\/post"}],"author":[{"embeddable":true,"href":"https:\/\/www.hoymercedes.com.ar\/principal\/wp-json\/wp\/v2\/users\/1"}],"replies":[{"embeddable":true,"href":"https:\/\/www.hoymercedes.com.ar\/principal\/wp-json\/wp\/v2\/comments?post=5023"}],"version-history":[{"count":0,"href":"https:\/\/www.hoymercedes.com.ar\/principal\/wp-json\/wp\/v2\/posts\/5023\/revisions"}],"wp:attachment":[{"href":"https:\/\/www.hoymercedes.com.ar\/principal\/wp-json\/wp\/v2\/media?parent=5023"}],"wp:term":[{"taxonomy":"category","embeddable":true,"href":"https:\/\/www.hoymercedes.com.ar\/principal\/wp-json\/wp\/v2\/categories?post=5023"},{"taxonomy":"post_tag","embeddable":true,"href":"https:\/\/www.hoymercedes.com.ar\/principal\/wp-json\/wp\/v2\/tags?post=5023"}],"curies":[{"name":"wp","href":"https:\/\/api.w.org\/{rel}","templated":true}]}}