{"id":5027,"date":"2011-06-17T02:09:55","date_gmt":"2011-06-17T02:09:55","guid":{"rendered":"http:\/\/www.hoymercedes.com.ar\/principal\/?p=5027"},"modified":"2011-06-17T02:09:55","modified_gmt":"2011-06-17T02:09:55","slug":"representantes-de-asociacion-civil-para-la-ayuda-de-liberados-estuvieron-en-el-congreso","status":"publish","type":"post","link":"https:\/\/www.hoymercedes.com.ar\/principal\/2011\/06\/17\/representantes-de-asociacion-civil-para-la-ayuda-de-liberados-estuvieron-en-el-congreso\/","title":{"rendered":"Representantes de asociaci\u00f3n civil para la ayuda de liberados estuvieron en el Congreso"},"content":{"rendered":"<figure id=\"attachment_5029\" aria-describedby=\"caption-attachment-5029\" style=\"width: 290px\" class=\"wp-caption alignleft\"><a href=\"https:\/\/www.hoymercedes.com.ar\/principal\/wp-content\/uploads\/2011\/06\/walter-flores-.jpg\"><img loading=\"lazy\" decoding=\"async\" data-attachment-id=\"5029\" data-permalink=\"https:\/\/www.hoymercedes.com.ar\/principal\/2011\/06\/17\/representantes-de-asociacion-civil-para-la-ayuda-de-liberados-estuvieron-en-el-congreso\/walter-flores\/#main\" data-orig-file=\"https:\/\/www.hoymercedes.com.ar\/principal\/wp-content\/uploads\/2011\/06\/walter-flores-.jpg\" data-orig-size=\"512,353\" data-comments-opened=\"1\" data-image-meta=\"{&quot;aperture&quot;:&quot;3.1&quot;,&quot;credit&quot;:&quot;&quot;,&quot;camera&quot;:&quot;DSC-S2100&quot;,&quot;caption&quot;:&quot;&quot;,&quot;created_timestamp&quot;:&quot;1308154101&quot;,&quot;copyright&quot;:&quot;&quot;,&quot;focal_length&quot;:&quot;6.2&quot;,&quot;iso&quot;:&quot;400&quot;,&quot;shutter_speed&quot;:&quot;0.025&quot;,&quot;title&quot;:&quot;&quot;}\" data-image-title=\"walter-flores-\" data-image-description=\"&lt;p&gt;Migueliz escucha atentamente a Walter Flores, liberado que es presidente de la ONG &lt;\/p&gt;\n\" data-image-caption=\"\" data-large-file=\"https:\/\/www.hoymercedes.com.ar\/principal\/wp-content\/uploads\/2011\/06\/walter-flores-.jpg\" class=\"size-medium wp-image-5029\" title=\"walter-flores-\" src=\"https:\/\/www.hoymercedes.com.ar\/principal\/wp-content\/uploads\/2011\/06\/walter-flores--300x206.jpg\" alt=\"\" width=\"300\" height=\"206\" srcset=\"https:\/\/www.hoymercedes.com.ar\/principal\/wp-content\/uploads\/2011\/06\/walter-flores--300x206.jpg 300w, https:\/\/www.hoymercedes.com.ar\/principal\/wp-content\/uploads\/2011\/06\/walter-flores-.jpg 512w\" sizes=\"auto, (max-width: 300px) 100vw, 300px\" \/><\/a><figcaption id=\"caption-attachment-5029\" class=\"wp-caption-text\">Migueliz escucha atentamente a Walter Flores, liberado que es presidente de la ONG <\/figcaption><\/figure>\n<p>Se reunieron con el doctor N\u00e9stor Fabi\u00e1n Migueliz, subdirector de Estudios e Investigaciones del Instituto Federal de Estudios Parlamentarios del Senado. Escuch\u00f3 las necesidades de la asociaci\u00f3n. Futuros trabajos conjuntos.<\/p>\n<p>Dos integrantes de la Asociaci\u00f3n Civil<strong><a href=\"http:\/\/www.teacompanamos.org\/\" target=\"_blank\" rel=\"noopener\"> \u201cNosotros Te Acompa\u00f1amos\u201d<\/a><\/strong>, para la ayuda a liberados del proceso penal y con sede en la ciudad de Mercedes, estuvieron este mi\u00e9rcoles en una dependencia anexa al Congreso de la Naci\u00f3n reunidos con el subdirector de la Comisi\u00f3n de Estudios e Investigaciones del Senado, al que le explicaron su forma de trabajo y le plantearon sus logros, problemas y necesidades.<\/p>\n<p>El doctor N\u00e9stor Fabi\u00e1n Migueliz, subdirector de Estudios e Investigaciones del Instituto Federal de Estudios Parlamentarios del Honorable Senado de la Naci\u00f3n recibi\u00f3 ayer por la tarde a Walter Flores, presidente de \u201cNosotros Te Acompa\u00f1amos\u201d y a Cristian Falabella, responsable de Prensa y Difusi\u00f3n de la organizaci\u00f3n.<\/p>\n<p>&nbsp;<\/p>\n<p>Migueliz se interes\u00f3 por el trabajo que se viene realizando y junto a uno de sus colaboradores tom\u00f3 nota de todo cuanto fue planteado por los integrantes de la asociaci\u00f3n civil, que tiene su personer\u00eda jur\u00eddica en tr\u00e1mite bajo el expediente n\u00famero 2273.<\/p>\n<p>El funcionario se ofreci\u00f3 para brindar asistencia a esta y otras ONGs, con las que pretende realizar un encuentro para que estas puedan intercambiar sus experiencias de trabajo. Por caso, coment\u00f3 lo importante de la labor similar a la de \u201cNosotros Te Acompa\u00f1amos\u201d que realizan desde \u201cHacer Haciendo\u201d, en la localidad bonaerense de Marcos Paz.<\/p>\n<p>Desde la asociaci\u00f3n que tiene su sede en Mercedes se le plante\u00f3 la necesidad de reinserci\u00f3n en el \u00e1mbito laboral que tienen los liberados, y Migueliz escuch\u00f3 atentamente los planteos y tom\u00f3 nota para luego elevar un informe a los legisladores sobre la situaci\u00f3n, con la idea de que estos planteos sean la base para futuros proyectos.<\/p>\n<p>En una charla amena y distendida, el subdirector, que es oriundo de Luj\u00e1n, trat\u00f3 asimismo ciertas cuestiones relacionadas con la actualidad de la zona oeste bonaerense, y volviendo al punto del encuentro lament\u00f3 que no pudieran hacerse presente como estaba previsto responsables de otras organizaciones por diversos contratiempos, y reconoci\u00f3 el trabajo que se viene realizando en al Unidad Penal 5 por parte de los miembros de la Pastoral Penitenciaria, que tambi\u00e9n integran la asociaci\u00f3n \u201cNosotros Te Acompa\u00f1amos\u201d<\/p>\n<p>Por \u00faltimo, se acord\u00f3 la realizaci\u00f3n de un pr\u00f3ximo encuentro que podr\u00eda tener sede en Mercedes, Luj\u00e1n o Marcos Paz,<\/p>\n<figure id=\"attachment_5030\" aria-describedby=\"caption-attachment-5030\" style=\"width: 290px\" class=\"wp-caption alignright\"><a href=\"https:\/\/www.hoymercedes.com.ar\/principal\/wp-content\/uploads\/2011\/06\/walter-flores-II.jpg\"><img loading=\"lazy\" decoding=\"async\" data-attachment-id=\"5030\" data-permalink=\"https:\/\/www.hoymercedes.com.ar\/principal\/2011\/06\/17\/representantes-de-asociacion-civil-para-la-ayuda-de-liberados-estuvieron-en-el-congreso\/walter-flores-ii\/#main\" data-orig-file=\"https:\/\/www.hoymercedes.com.ar\/principal\/wp-content\/uploads\/2011\/06\/walter-flores-II.jpg\" data-orig-size=\"512,349\" data-comments-opened=\"1\" data-image-meta=\"{&quot;aperture&quot;:&quot;3.1&quot;,&quot;credit&quot;:&quot;&quot;,&quot;camera&quot;:&quot;DSC-S2100&quot;,&quot;caption&quot;:&quot;&quot;,&quot;created_timestamp&quot;:&quot;1308154125&quot;,&quot;copyright&quot;:&quot;&quot;,&quot;focal_length&quot;:&quot;6.2&quot;,&quot;iso&quot;:&quot;400&quot;,&quot;shutter_speed&quot;:&quot;0.025&quot;,&quot;title&quot;:&quot;&quot;}\" data-image-title=\"walter-flores-II\" data-image-description=\"\" data-image-caption=\"&lt;p&gt;Walter Flores&lt;\/p&gt;\n\" data-large-file=\"https:\/\/www.hoymercedes.com.ar\/principal\/wp-content\/uploads\/2011\/06\/walter-flores-II.jpg\" class=\"size-medium wp-image-5030\" title=\"walter-flores-II\" src=\"https:\/\/www.hoymercedes.com.ar\/principal\/wp-content\/uploads\/2011\/06\/walter-flores-II-300x204.jpg\" alt=\"\" width=\"300\" height=\"204\" srcset=\"https:\/\/www.hoymercedes.com.ar\/principal\/wp-content\/uploads\/2011\/06\/walter-flores-II-300x204.jpg 300w, https:\/\/www.hoymercedes.com.ar\/principal\/wp-content\/uploads\/2011\/06\/walter-flores-II.jpg 512w\" sizes=\"auto, (max-width: 300px) 100vw, 300px\" \/><\/a><figcaption id=\"caption-attachment-5030\" class=\"wp-caption-text\">Walter Flores<\/figcaption><\/figure>\n<p>y de una charla que se podr\u00eda dar a empresarios y empleadores, como propuesta de la \u201cNosotros Te Acompa\u00f1amos\u201d, para desmitificar ciertos preconceptos que a veces complican la reaserci\u00f3n efectiva de los liberados en el mercado laboral. Desde el Senado felicitaron el trabajo que se viene realizando e instaron a seguir en el camino emprendido a la asociaci\u00f3n.<\/p>\n<p>Vale destacar que, en estos tiempos preelectorales, esta reuni\u00f3n no fue pactada ni auspiciada por agrupaci\u00f3n pol\u00edtica ni referente alguno, sino motivada por el inter\u00e9s de conocer el trabajo que se viene realizando por parte de las asociaciones como \u201cNosotros Te Acompa\u00f1amos\u201d para el estudio de la realidad social por parte de la mencionada Comisi\u00f3n de Estudios e Investigaciones del Instituto Federal de Estudios Parlamentarios del Senado de la Naci\u00f3n.<\/p>\n<p>Fuente: <a href=\"http:\/\/www.teacompanamos.org\/\" target=\"_blank\" rel=\"noopener\">Teacompanamos.org<\/a><\/p>\n<p>&nbsp;<\/p>\n","protected":false},"excerpt":{"rendered":"<p>Se reunieron con el doctor N\u00e9stor Fabi\u00e1n Migueliz, subdirector de Estudios e Investigaciones del Instituto Federal de Estudios Parlamentarios del &#8230; <a title=\"Representantes de asociaci\u00f3n civil para la ayuda de liberados estuvieron en el Congreso\" class=\"read-more\" href=\"https:\/\/www.hoymercedes.com.ar\/principal\/2011\/06\/17\/representantes-de-asociacion-civil-para-la-ayuda-de-liberados-estuvieron-en-el-congreso\/\" aria-label=\"Leer m\u00e1s sobre Representantes de asociaci\u00f3n civil para la ayuda de liberados estuvieron en el Congreso\">Leer m\u00e1s<\/a><\/p>\n","protected":false},"author":1,"featured_media":0,"comment_status":"open","ping_status":"open","sticky":false,"template":"","format":"standard","meta":{"_monsterinsights_skip_tracking":false,"_monsterinsights_sitenote_active":false,"_monsterinsights_sitenote_note":"","_monsterinsights_sitenote_category":0,"jetpack_post_was_ever_published":false,"_jetpack_newsletter_access":"","_jetpack_dont_email_post_to_subs":false,"_jetpack_newsletter_tier_id":0,"_jetpack_memberships_contains_paywalled_content":false,"_jetpack_memberships_contains_paid_content":false,"footnotes":"","jetpack_publicize_message":"","jetpack_publicize_feature_enabled":true,"jetpack_social_post_already_shared":false,"jetpack_social_options":{"image_generator_settings":{"template":"highway","default_image_id":0,"font":"","enabled":false},"version":2},"_wpas_customize_per_network":false},"categories":[8],"tags":[920],"class_list":["post-5027","post","type-post","status-publish","format-standard","hentry","category-sociedad","tag-asociacion-civil-nosotros-te-acompanaremos","generate-columns","tablet-grid-50","mobile-grid-100","grid-parent","grid-50"],"jetpack_publicize_connections":[],"jetpack_featured_media_url":"","wps_subtitle":"","jetpack_sharing_enabled":true,"_links":{"self":[{"href":"https:\/\/www.hoymercedes.com.ar\/principal\/wp-json\/wp\/v2\/posts\/5027","targetHints":{"allow":["GET"]}}],"collection":[{"href":"https:\/\/www.hoymercedes.com.ar\/principal\/wp-json\/wp\/v2\/posts"}],"about":[{"href":"https:\/\/www.hoymercedes.com.ar\/principal\/wp-json\/wp\/v2\/types\/post"}],"author":[{"embeddable":true,"href":"https:\/\/www.hoymercedes.com.ar\/principal\/wp-json\/wp\/v2\/users\/1"}],"replies":[{"embeddable":true,"href":"https:\/\/www.hoymercedes.com.ar\/principal\/wp-json\/wp\/v2\/comments?post=5027"}],"version-history":[{"count":0,"href":"https:\/\/www.hoymercedes.com.ar\/principal\/wp-json\/wp\/v2\/posts\/5027\/revisions"}],"wp:attachment":[{"href":"https:\/\/www.hoymercedes.com.ar\/principal\/wp-json\/wp\/v2\/media?parent=5027"}],"wp:term":[{"taxonomy":"category","embeddable":true,"href":"https:\/\/www.hoymercedes.com.ar\/principal\/wp-json\/wp\/v2\/categories?post=5027"},{"taxonomy":"post_tag","embeddable":true,"href":"https:\/\/www.hoymercedes.com.ar\/principal\/wp-json\/wp\/v2\/tags?post=5027"}],"curies":[{"name":"wp","href":"https:\/\/api.w.org\/{rel}","templated":true}]}}