{"id":50326,"date":"2016-05-24T09:51:54","date_gmt":"2016-05-24T12:51:54","guid":{"rendered":"http:\/\/www.hoymercedes.com.ar\/principal\/?p=50326"},"modified":"2016-05-24T14:05:34","modified_gmt":"2016-05-24T17:05:34","slug":"encuentro-sobre-empleo-para-las-internas-de-la-unidad-5","status":"publish","type":"post","link":"https:\/\/www.hoymercedes.com.ar\/principal\/2016\/05\/24\/encuentro-sobre-empleo-para-las-internas-de-la-unidad-5\/","title":{"rendered":"Encuentro sobre empleo para las internas de la Unidad 5"},"content":{"rendered":"<p>El viernes pasado, en el anexo femenino de la Unidad Penitenciaria N\u00ba 5, se llev\u00f3 adelante el segundo encuentro, destinado a la capacitaci\u00f3n en Curriculum Vitae y entrevistas laborales, dictado por la Oficina de Empleo Municipal a cargo de Carolina Galeano.<\/p>\n<p>En esta oportunidad, se terminaron de completar las hojas de vida, y se hablo de entrevistas laborales, dando sugerencias de las formas de llevar adelante dicha situaci\u00f3n.<\/p>\n<p>Con ejemplos sencillos y muy did\u00e1cticos se les explico como deben presentarse, formas de saludar, de vestir, etc., y los tips m\u00e1s comunes que no llevan a una buena referencia. Los m\u00e1s frecuentes, atender el celular, ir acompa\u00f1ados de otras personas, no sacarse la gorra, vestirse de manera desalineada, usar lenguaje incompresible para el otro, aclarando que no es necesario ropa nueva, solo limpia, planchada al igual que el aseo personal, lo cual genero preguntas y dio por resultado una gran participaci\u00f3n y entusiasmo entre las internas.<\/p>\n<p>Adem\u00e1s se les inform\u00f3 sobre Programas Nacionales para el d\u00eda que tengan su libertad, y de las Oficinas de Empleo en cada municipio a los que pueden acudir para inscribirse o solicitar asesoramiento.<br \/>\nPor otra parte, se les entregara un certificado a cada una de las asistentes, donde constara de la capacitaci\u00f3n recibida.<\/p>\n<p>Acompa\u00f1aron a Carolina Galeano, Celeste Burone del Patronato de Liberados, Oficina de Pre Egreso, quien coordino esta actividad y el Director de la Unidad Adolfo Cersosimo, quien agradeci\u00f3 una vez m\u00e1s el apoyo brindado desde diversas instituciones y el trabajo en com\u00fan que se realiza en pos de la inclusi\u00f3n de las mujeres detenidas.<\/p>\n<p>Fuente: Prensa Unidad N\u00ba 5<\/p>\n","protected":false},"excerpt":{"rendered":"<p>El viernes pasado, en el anexo femenino de la Unidad Penitenciaria N\u00ba 5, se llev\u00f3 adelante el segundo encuentro, destinado &#8230; <a title=\"Encuentro sobre empleo para las internas de la Unidad 5\" class=\"read-more\" href=\"https:\/\/www.hoymercedes.com.ar\/principal\/2016\/05\/24\/encuentro-sobre-empleo-para-las-internas-de-la-unidad-5\/\" aria-label=\"Leer m\u00e1s sobre Encuentro sobre empleo para las internas de la Unidad 5\">Leer m\u00e1s<\/a><\/p>\n","protected":false},"author":1,"featured_media":50327,"comment_status":"open","ping_status":"open","sticky":false,"template":"","format":"standard","meta":{"_monsterinsights_skip_tracking":false,"_monsterinsights_sitenote_active":false,"_monsterinsights_sitenote_note":"","_monsterinsights_sitenote_category":0,"jetpack_post_was_ever_published":false,"_jetpack_newsletter_access":"","_jetpack_dont_email_post_to_subs":false,"_jetpack_newsletter_tier_id":0,"_jetpack_memberships_contains_paywalled_content":false,"_jetpack_memberships_contains_paid_content":false,"footnotes":"","jetpack_publicize_message":"","jetpack_publicize_feature_enabled":true,"jetpack_social_post_already_shared":true,"jetpack_social_options":{"image_generator_settings":{"template":"highway","default_image_id":0,"font":"","enabled":false},"version":2},"_wpas_customize_per_network":false},"categories":[8],"tags":[8656,9125,9041],"class_list":["post-50326","post","type-post","status-publish","format-standard","has-post-thumbnail","hentry","category-sociedad","tag-capacitacion","tag-empleo","tag-unidad-no-5","generate-columns","tablet-grid-50","mobile-grid-100","grid-parent","grid-50"],"jetpack_publicize_connections":[],"jetpack_featured_media_url":"https:\/\/www.hoymercedes.com.ar\/principal\/wp-content\/uploads\/2016\/05\/24-carcel.jpg","wps_subtitle":"Segunda capacitaci\u00f3n","jetpack_sharing_enabled":true,"_links":{"self":[{"href":"https:\/\/www.hoymercedes.com.ar\/principal\/wp-json\/wp\/v2\/posts\/50326","targetHints":{"allow":["GET"]}}],"collection":[{"href":"https:\/\/www.hoymercedes.com.ar\/principal\/wp-json\/wp\/v2\/posts"}],"about":[{"href":"https:\/\/www.hoymercedes.com.ar\/principal\/wp-json\/wp\/v2\/types\/post"}],"author":[{"embeddable":true,"href":"https:\/\/www.hoymercedes.com.ar\/principal\/wp-json\/wp\/v2\/users\/1"}],"replies":[{"embeddable":true,"href":"https:\/\/www.hoymercedes.com.ar\/principal\/wp-json\/wp\/v2\/comments?post=50326"}],"version-history":[{"count":0,"href":"https:\/\/www.hoymercedes.com.ar\/principal\/wp-json\/wp\/v2\/posts\/50326\/revisions"}],"wp:featuredmedia":[{"embeddable":true,"href":"https:\/\/www.hoymercedes.com.ar\/principal\/wp-json\/wp\/v2\/media\/50327"}],"wp:attachment":[{"href":"https:\/\/www.hoymercedes.com.ar\/principal\/wp-json\/wp\/v2\/media?parent=50326"}],"wp:term":[{"taxonomy":"category","embeddable":true,"href":"https:\/\/www.hoymercedes.com.ar\/principal\/wp-json\/wp\/v2\/categories?post=50326"},{"taxonomy":"post_tag","embeddable":true,"href":"https:\/\/www.hoymercedes.com.ar\/principal\/wp-json\/wp\/v2\/tags?post=50326"}],"curies":[{"name":"wp","href":"https:\/\/api.w.org\/{rel}","templated":true}]}}