{"id":5033,"date":"2011-06-17T02:27:29","date_gmt":"2011-06-17T02:27:29","guid":{"rendered":"http:\/\/www.hoymercedes.com.ar\/principal\/?p=5033"},"modified":"2011-06-17T02:27:29","modified_gmt":"2011-06-17T02:27:29","slug":"no-se-realizara-el-acto-con-la-presencia-del-ministro-carlos-tomada","status":"publish","type":"post","link":"https:\/\/www.hoymercedes.com.ar\/principal\/2011\/06\/17\/no-se-realizara-el-acto-con-la-presencia-del-ministro-carlos-tomada\/","title":{"rendered":"No se realizar\u00e1 el acto con la presencia del Ministro Carlos Tomada"},"content":{"rendered":"<p>Para hoy en la C\u00e1mara Econ\u00f3mica se hab\u00eda anunciado la presencia del Ministro de Trabajo de la Naci\u00f3n, Carlos Tomada en un acto programado por el Sindicato de Trabajadores Municipales de nuestra ciudad en el cual se iba a abordar de manera prioritaria el tema Paritarias con la participaci\u00f3n de los referentes gremiales de los diferentes sindicatos de Mercedes y la zona, pero en horas de la ma\u00f1ana de ayer de manera oficial se inform\u00f3 que dicho encuentro se hab\u00eda suspendido.<\/p>\n<p>Desde el gremio organizador explicaron \u201crecibimos un llamada telef\u00f3nica de la gente de Protocolo y Ceremonial del Ministerio de Trabajo de la Naci\u00f3n anunciando  que por diversos inconvenientes generados a \u00faltimo momento el Ministro Carlos Tomada se ve\u00eda en la obligaci\u00f3n de posponer la visita que deb\u00eda efectuar este viernes a nuestra ciudad y que el propio Tomada solicit\u00f3 que la reuni\u00f3n de la C\u00e1mara Econ\u00f3mica mantenga la programaci\u00f3n que ten\u00eda prevista pero para que se lleve a cabo el d\u00eda 25 de julio.<\/p>\n<p>Nosotros hab\u00edamos pensado en concretar igual la disertaci\u00f3n acerca de la violencia en el trabajo a la mujer con la gente del Ministerio de Desarrollo Social pero el propio Tomada pidi\u00f3 que pasemos todo completo para el mes pr\u00f3ximo as\u00ed que ahora estamos a trav\u00e9s de los medios dando a conocer la informaci\u00f3n porque era mucha la cantidad de invitaciones que hab\u00edamos repartido\u201d<\/p>\n<p>&nbsp;<\/p>\n","protected":false},"excerpt":{"rendered":"<p>Para hoy en la C\u00e1mara Econ\u00f3mica se hab\u00eda anunciado la presencia del Ministro de Trabajo de la Naci\u00f3n, Carlos Tomada &#8230; <a title=\"No se realizar\u00e1 el acto con la presencia del Ministro Carlos Tomada\" class=\"read-more\" href=\"https:\/\/www.hoymercedes.com.ar\/principal\/2011\/06\/17\/no-se-realizara-el-acto-con-la-presencia-del-ministro-carlos-tomada\/\" aria-label=\"Leer m\u00e1s sobre No se realizar\u00e1 el acto con la presencia del Ministro Carlos Tomada\">Leer m\u00e1s<\/a><\/p>\n","protected":false},"author":1,"featured_media":0,"comment_status":"open","ping_status":"open","sticky":false,"template":"","format":"standard","meta":{"_monsterinsights_skip_tracking":false,"_monsterinsights_sitenote_active":false,"_monsterinsights_sitenote_note":"","_monsterinsights_sitenote_category":0,"jetpack_post_was_ever_published":false,"_jetpack_newsletter_access":"","_jetpack_dont_email_post_to_subs":false,"_jetpack_newsletter_tier_id":0,"_jetpack_memberships_contains_paywalled_content":false,"_jetpack_memberships_contains_paid_content":false,"footnotes":"","jetpack_publicize_message":"","jetpack_publicize_feature_enabled":true,"jetpack_social_post_already_shared":false,"jetpack_social_options":{"image_generator_settings":{"template":"highway","default_image_id":0,"font":"","enabled":false},"version":2},"_wpas_customize_per_network":false},"categories":[5],"tags":[921],"class_list":["post-5033","post","type-post","status-publish","format-standard","hentry","category-politica","tag-carlos-tomada","generate-columns","tablet-grid-50","mobile-grid-100","grid-parent","grid-50"],"jetpack_publicize_connections":[],"jetpack_featured_media_url":"","wps_subtitle":"","jetpack_sharing_enabled":true,"_links":{"self":[{"href":"https:\/\/www.hoymercedes.com.ar\/principal\/wp-json\/wp\/v2\/posts\/5033","targetHints":{"allow":["GET"]}}],"collection":[{"href":"https:\/\/www.hoymercedes.com.ar\/principal\/wp-json\/wp\/v2\/posts"}],"about":[{"href":"https:\/\/www.hoymercedes.com.ar\/principal\/wp-json\/wp\/v2\/types\/post"}],"author":[{"embeddable":true,"href":"https:\/\/www.hoymercedes.com.ar\/principal\/wp-json\/wp\/v2\/users\/1"}],"replies":[{"embeddable":true,"href":"https:\/\/www.hoymercedes.com.ar\/principal\/wp-json\/wp\/v2\/comments?post=5033"}],"version-history":[{"count":0,"href":"https:\/\/www.hoymercedes.com.ar\/principal\/wp-json\/wp\/v2\/posts\/5033\/revisions"}],"wp:attachment":[{"href":"https:\/\/www.hoymercedes.com.ar\/principal\/wp-json\/wp\/v2\/media?parent=5033"}],"wp:term":[{"taxonomy":"category","embeddable":true,"href":"https:\/\/www.hoymercedes.com.ar\/principal\/wp-json\/wp\/v2\/categories?post=5033"},{"taxonomy":"post_tag","embeddable":true,"href":"https:\/\/www.hoymercedes.com.ar\/principal\/wp-json\/wp\/v2\/tags?post=5033"}],"curies":[{"name":"wp","href":"https:\/\/api.w.org\/{rel}","templated":true}]}}