{"id":50348,"date":"2016-05-25T08:04:58","date_gmt":"2016-05-25T11:04:58","guid":{"rendered":"http:\/\/www.hoymercedes.com.ar\/principal\/?p=50348"},"modified":"2016-05-24T15:08:26","modified_gmt":"2016-05-24T18:08:26","slug":"invitan-a-artistas-a-realizar-talleres-infantiles","status":"publish","type":"post","link":"https:\/\/www.hoymercedes.com.ar\/principal\/2016\/05\/25\/invitan-a-artistas-a-realizar-talleres-infantiles\/","title":{"rendered":"Invitan a artistas a realizar talleres infantiles"},"content":{"rendered":"<p><strong><em>Convocan a docentes de talleres de artes pl\u00e1sticas para ni\u00f1os a realizar talleres infantiles abiertos para las vacaciones de invierno. Los proyectos pueden presentarse hasta el 17 de junio en el MAMM.<\/em><\/strong><\/p>\n<p>Durante las vacaciones de invierno el Museo de Arte estar\u00e1 dedicado al arte para los chicos. Desde esta perspectiva, teniendo en cuenta la gran cantidad de espacios independientes que hay hoy en nuestra ciudad, asumiendo el compromiso de un museo que aglutine propuestas y apoye estos espacios que aportan a que nuestra sociedad crezca y mejore cada d\u00eda, generando alternativas para fomentar y revitalizar el arte, es que abrimos las puertas del MAMM para promocionar las diferentes propuestas de talleres de nuestra ciudad.<\/p>\n<p>Para esto les ofrecemos el espacio y uno o dos d\u00edas (a elecci\u00f3n) durante las vacaciones de invierno para que den un taller abierto, para mostrar su trabajo y adem\u00e1s promocionar sus clases.<\/p>\n<p>Dichos talleres, ser\u00e1n gratuitos, tendr\u00e1n el objetivo de: por un lado brindar al p\u00fablico y a la ciudad una multiplicidad de propuestas y formas de abordaje de la materia,\u00a0 por el otro, permitir que los ciudadanos conozcan m\u00e1s propuestas de talleres para enviar a los ni\u00f1os, logrando que estos ni\u00f1os, a su vez puedan obtener diferentes experiencias que despierten en su interior el deseo de practicarlas.<\/p>\n<p>Fecha l\u00edmite para presentaci\u00f3n de proyectos: 17 de Junio.<\/p>\n","protected":false},"excerpt":{"rendered":"<p>Convocan a docentes de talleres de artes pl\u00e1sticas para ni\u00f1os a realizar talleres infantiles abiertos para las vacaciones de invierno. &#8230; <a title=\"Invitan a artistas a realizar talleres infantiles\" class=\"read-more\" href=\"https:\/\/www.hoymercedes.com.ar\/principal\/2016\/05\/25\/invitan-a-artistas-a-realizar-talleres-infantiles\/\" aria-label=\"Leer m\u00e1s sobre Invitan a artistas a realizar talleres infantiles\">Leer m\u00e1s<\/a><\/p>\n","protected":false},"author":1,"featured_media":0,"comment_status":"open","ping_status":"open","sticky":false,"template":"","format":"standard","meta":{"_monsterinsights_skip_tracking":false,"_monsterinsights_sitenote_active":false,"_monsterinsights_sitenote_note":"","_monsterinsights_sitenote_category":0,"jetpack_post_was_ever_published":false,"_jetpack_newsletter_access":"","_jetpack_dont_email_post_to_subs":false,"_jetpack_newsletter_tier_id":0,"_jetpack_memberships_contains_paywalled_content":false,"_jetpack_memberships_contains_paid_content":false,"footnotes":"","jetpack_publicize_message":"","jetpack_publicize_feature_enabled":true,"jetpack_social_post_already_shared":true,"jetpack_social_options":{"image_generator_settings":{"template":"highway","default_image_id":0,"font":"","enabled":false},"version":2},"_wpas_customize_per_network":false},"categories":[11],"tags":[7805,9327,7629],"class_list":["post-50348","post","type-post","status-publish","format-standard","hentry","category-ciudad","tag-cultura","tag-talleres-de-arte","tag-vacaciones-de-invierno","generate-columns","tablet-grid-50","mobile-grid-100","grid-parent","grid-50"],"jetpack_publicize_connections":[],"jetpack_featured_media_url":"","wps_subtitle":"","jetpack_sharing_enabled":true,"_links":{"self":[{"href":"https:\/\/www.hoymercedes.com.ar\/principal\/wp-json\/wp\/v2\/posts\/50348","targetHints":{"allow":["GET"]}}],"collection":[{"href":"https:\/\/www.hoymercedes.com.ar\/principal\/wp-json\/wp\/v2\/posts"}],"about":[{"href":"https:\/\/www.hoymercedes.com.ar\/principal\/wp-json\/wp\/v2\/types\/post"}],"author":[{"embeddable":true,"href":"https:\/\/www.hoymercedes.com.ar\/principal\/wp-json\/wp\/v2\/users\/1"}],"replies":[{"embeddable":true,"href":"https:\/\/www.hoymercedes.com.ar\/principal\/wp-json\/wp\/v2\/comments?post=50348"}],"version-history":[{"count":0,"href":"https:\/\/www.hoymercedes.com.ar\/principal\/wp-json\/wp\/v2\/posts\/50348\/revisions"}],"wp:attachment":[{"href":"https:\/\/www.hoymercedes.com.ar\/principal\/wp-json\/wp\/v2\/media?parent=50348"}],"wp:term":[{"taxonomy":"category","embeddable":true,"href":"https:\/\/www.hoymercedes.com.ar\/principal\/wp-json\/wp\/v2\/categories?post=50348"},{"taxonomy":"post_tag","embeddable":true,"href":"https:\/\/www.hoymercedes.com.ar\/principal\/wp-json\/wp\/v2\/tags?post=50348"}],"curies":[{"name":"wp","href":"https:\/\/api.w.org\/{rel}","templated":true}]}}