{"id":50350,"date":"2016-05-24T20:08:50","date_gmt":"2016-05-24T23:08:50","guid":{"rendered":"http:\/\/www.hoymercedes.com.ar\/principal\/?p=50350"},"modified":"2016-05-24T23:35:13","modified_gmt":"2016-05-25T02:35:13","slug":"siguen-recibiendo-otras-para-el-salon-de-pintura","status":"publish","type":"post","link":"https:\/\/www.hoymercedes.com.ar\/principal\/2016\/05\/24\/siguen-recibiendo-otras-para-el-salon-de-pintura\/","title":{"rendered":"Siguen recibiendo obras para el Sal\u00f3n de Pintura"},"content":{"rendered":"<p>La Direcci\u00f3n de Cultura de la Municipalidad de Mercedes contin\u00faa recibiendo las\u00a0obras para el 13\u00ba Sal\u00f3n Anual Provincial De Pintura \u00abCiudad de Mercedes\u00bb. Hasta el 12 de junio, los artistas pl\u00e1sticos podr\u00e1n entregar sus trabajos en el Museo de Arte (MAMM?<\/p>\n<p>Este a\u00f1o, la exposici\u00f3n abrir\u00e1 el 18 de junio. Ese d\u00eda tambi\u00e9n se conocer\u00e1n qui\u00e9nes son los ganadores y se les entregar\u00e1 los premios correspondientes.\u00a0En esta edici\u00f3n 2016, el 1\u00ba Premio ser\u00e1 de $10000, el 2\u00ba de $7500 y el Premio Local de $10000, siendo estos los premios que son adquiridos por el municipio y luego destinados a enriquecer el patrimonio pict\u00f3rico del Museo de Arte. Adem\u00e1s, se otorgar\u00e1n medallas al 3\u00ba Premio y diplomas a las distintas Menciones Especiales y de Jurado.<\/p>\n<p>La fecha de recepci\u00f3n de obras ir\u00e1 desde el 17 de Mayo al 12 de Junio, inclusive, y el lugar, el Museo de Arte (Calle 23 N\u00ba 383). Es importante tener en cuenta el reglamento\u00a0del Sal\u00f3n antes de enviar las obras. \u00c9ste\u00a0puede descargarse a trav\u00e9s de la fanpage del Museo, o ser\u00e1 extendido a quien lo solicite en la sede. Una vez que haya finalizado el Sal\u00f3n, los participantes que no hayan sido seleccionados, de lo cual ser\u00e1n debidamente notificados d\u00edas antes de la inauguraci\u00f3n, deber\u00e1n retirar sus obras dentro de los 7 d\u00edas luego del cierre. Para aquellos trabajos seleccionados para exhibici\u00f3n, el tiempo se extiende a 15 d\u00edas.<\/p>\n<p>&nbsp;<\/p>\n","protected":false},"excerpt":{"rendered":"<p>La Direcci\u00f3n de Cultura de la Municipalidad de Mercedes contin\u00faa recibiendo las\u00a0obras para el 13\u00ba Sal\u00f3n Anual Provincial De Pintura &#8230; <a title=\"Siguen recibiendo obras para el Sal\u00f3n de Pintura\" class=\"read-more\" href=\"https:\/\/www.hoymercedes.com.ar\/principal\/2016\/05\/24\/siguen-recibiendo-otras-para-el-salon-de-pintura\/\" aria-label=\"Leer m\u00e1s sobre Siguen recibiendo obras para el Sal\u00f3n de Pintura\">Leer m\u00e1s<\/a><\/p>\n","protected":false},"author":1,"featured_media":49261,"comment_status":"open","ping_status":"open","sticky":false,"template":"","format":"standard","meta":{"_monsterinsights_skip_tracking":false,"_monsterinsights_sitenote_active":false,"_monsterinsights_sitenote_note":"","_monsterinsights_sitenote_category":0,"jetpack_post_was_ever_published":false,"_jetpack_newsletter_access":"","_jetpack_dont_email_post_to_subs":false,"_jetpack_newsletter_tier_id":0,"_jetpack_memberships_contains_paywalled_content":false,"_jetpack_memberships_contains_paid_content":false,"footnotes":"","jetpack_publicize_message":"","jetpack_publicize_feature_enabled":true,"jetpack_social_post_already_shared":true,"jetpack_social_options":{"image_generator_settings":{"template":"highway","default_image_id":0,"font":"","enabled":false},"version":2},"_wpas_customize_per_network":false},"categories":[104],"tags":[8668,8674,970],"class_list":["post-50350","post","type-post","status-publish","format-standard","has-post-thumbnail","hentry","category-cultura","tag-inscripcion","tag-mamm","tag-salon-de-pintura","generate-columns","tablet-grid-50","mobile-grid-100","grid-parent","grid-50"],"jetpack_publicize_connections":[],"jetpack_featured_media_url":"https:\/\/www.hoymercedes.com.ar\/principal\/wp-content\/uploads\/2016\/04\/26-salon-de-pintura.jpg","wps_subtitle":"Hasta el 12 de junio","jetpack_sharing_enabled":true,"_links":{"self":[{"href":"https:\/\/www.hoymercedes.com.ar\/principal\/wp-json\/wp\/v2\/posts\/50350","targetHints":{"allow":["GET"]}}],"collection":[{"href":"https:\/\/www.hoymercedes.com.ar\/principal\/wp-json\/wp\/v2\/posts"}],"about":[{"href":"https:\/\/www.hoymercedes.com.ar\/principal\/wp-json\/wp\/v2\/types\/post"}],"author":[{"embeddable":true,"href":"https:\/\/www.hoymercedes.com.ar\/principal\/wp-json\/wp\/v2\/users\/1"}],"replies":[{"embeddable":true,"href":"https:\/\/www.hoymercedes.com.ar\/principal\/wp-json\/wp\/v2\/comments?post=50350"}],"version-history":[{"count":0,"href":"https:\/\/www.hoymercedes.com.ar\/principal\/wp-json\/wp\/v2\/posts\/50350\/revisions"}],"wp:featuredmedia":[{"embeddable":true,"href":"https:\/\/www.hoymercedes.com.ar\/principal\/wp-json\/wp\/v2\/media\/49261"}],"wp:attachment":[{"href":"https:\/\/www.hoymercedes.com.ar\/principal\/wp-json\/wp\/v2\/media?parent=50350"}],"wp:term":[{"taxonomy":"category","embeddable":true,"href":"https:\/\/www.hoymercedes.com.ar\/principal\/wp-json\/wp\/v2\/categories?post=50350"},{"taxonomy":"post_tag","embeddable":true,"href":"https:\/\/www.hoymercedes.com.ar\/principal\/wp-json\/wp\/v2\/tags?post=50350"}],"curies":[{"name":"wp","href":"https:\/\/api.w.org\/{rel}","templated":true}]}}