{"id":50363,"date":"2016-05-26T08:32:26","date_gmt":"2016-05-26T11:32:26","guid":{"rendered":"http:\/\/www.hoymercedes.com.ar\/principal\/?p=50363"},"modified":"2016-05-25T19:32:08","modified_gmt":"2016-05-25T22:32:08","slug":"central-cordoba-perdio-como-local","status":"publish","type":"post","link":"https:\/\/www.hoymercedes.com.ar\/principal\/2016\/05\/26\/central-cordoba-perdio-como-local\/","title":{"rendered":"Central C\u00f3rdoba perdi\u00f3 como local"},"content":{"rendered":"<p><em><strong><img loading=\"lazy\" decoding=\"async\" data-attachment-id=\"50365\" data-permalink=\"https:\/\/www.hoymercedes.com.ar\/principal\/2016\/05\/26\/central-cordoba-perdio-como-local\/26-martin-minadevino\/#main\" data-orig-file=\"https:\/\/www.hoymercedes.com.ar\/principal\/wp-content\/uploads\/2016\/05\/26-Martin-Minadevino.jpg\" data-orig-size=\"448,311\" data-comments-opened=\"1\" data-image-meta=\"{&quot;aperture&quot;:&quot;0&quot;,&quot;credit&quot;:&quot;&quot;,&quot;camera&quot;:&quot;&quot;,&quot;caption&quot;:&quot;&quot;,&quot;created_timestamp&quot;:&quot;0&quot;,&quot;copyright&quot;:&quot;&quot;,&quot;focal_length&quot;:&quot;0&quot;,&quot;iso&quot;:&quot;0&quot;,&quot;shutter_speed&quot;:&quot;0&quot;,&quot;title&quot;:&quot;&quot;,&quot;orientation&quot;:&quot;0&quot;}\" data-image-title=\"26 Martin Minadevino\" data-image-description=\"\" data-image-caption=\"\" data-large-file=\"https:\/\/www.hoymercedes.com.ar\/principal\/wp-content\/uploads\/2016\/05\/26-Martin-Minadevino.jpg\" class=\"aligncenter size-full wp-image-50365\" src=\"https:\/\/www.hoymercedes.com.ar\/principal\/wp-content\/uploads\/2016\/05\/26-Martin-Minadevino.jpg\" alt=\"26 Martin Minadevino\" width=\"448\" height=\"311\" srcset=\"https:\/\/www.hoymercedes.com.ar\/principal\/wp-content\/uploads\/2016\/05\/26-Martin-Minadevino.jpg 448w, https:\/\/www.hoymercedes.com.ar\/principal\/wp-content\/uploads\/2016\/05\/26-Martin-Minadevino-150x104.jpg 150w\" sizes=\"auto, (max-width: 448px) 100vw, 448px\" \/>El equipo donde juega Mart\u00edn Minadevino sigue sin poder levantar la cabeza y las \u00faltimas fechas de la B Nacional empiezan a ser vitales para que pueda mantener la categor\u00eda. Este fin de semana perdi\u00f3 con Crucero Del Norte como local por 1 a 0.<\/strong><\/em><\/p>\n<p>Central C\u00f3rdoba no reacciona, sigue en ca\u00edda libre y hundido en la zona de descenso. El Ferro perdi\u00f3 este domingo por 1 a 0 ante Crucero del Norte en el estadio \u201cAlfredo Terrera\u201d y compromete cada vez m\u00e1s su permanencia en la segunda categor\u00eda del f\u00fatbol argentino.<\/p>\n<p>En el equipo que dirige Andr\u00e9s Guglielminpietro volvi\u00f3 a ser titular Mart\u00edn Minadevino.<\/p>\n<p>El elenco santiague\u00f1o no le encontr\u00f3 nunca la vuelta a un modesto rival que supo pegar en el momento justo para luego jugar con la desesperaci\u00f3n del Ferro. Central fue eso. Un c\u00famulo de nervios y ansiedad. Un equipo sin ideas y sin respuestas que comenz\u00f3 a sentir el descontento de su gente, que ve que las fechas pasan y las cosas no cambian.<\/p>\n<p>El \u00fanico gol del partido fue marcado por Jos\u00e9 Dujaut a los 23 minutos del primer tiempo y a pesar de algunas llegadas espor\u00e1dicas, al Ferro le faltaron ideas y astucia para generar peligro. Los minutos pasaron y la impotencia de Central C\u00f3rdoba crec\u00eda. As\u00ed lleg\u00f3 el final, que marc\u00f3 una nueva derrota del Ferro, que ya suma 11 partidos sin ganar y hundido en la zona de descenso.<\/p>\n<p>En la pr\u00f3xima fecha el elenco ferroviario visitar\u00e1 a Los Andes en Buenos Aires.<\/p>\n<p>&nbsp;<\/p>\n<p>Fuente: Diario Panorama<\/p>\n","protected":false},"excerpt":{"rendered":"<p>El equipo donde juega Mart\u00edn Minadevino sigue sin poder levantar la cabeza y las \u00faltimas fechas de la B Nacional &#8230; <a title=\"Central C\u00f3rdoba perdi\u00f3 como local\" class=\"read-more\" href=\"https:\/\/www.hoymercedes.com.ar\/principal\/2016\/05\/26\/central-cordoba-perdio-como-local\/\" aria-label=\"Leer m\u00e1s sobre Central C\u00f3rdoba perdi\u00f3 como local\">Leer m\u00e1s<\/a><\/p>\n","protected":false},"author":1,"featured_media":50365,"comment_status":"open","ping_status":"open","sticky":false,"template":"","format":"standard","meta":{"_monsterinsights_skip_tracking":false,"_monsterinsights_sitenote_active":false,"_monsterinsights_sitenote_note":"","_monsterinsights_sitenote_category":0,"jetpack_post_was_ever_published":false,"_jetpack_newsletter_access":"","_jetpack_dont_email_post_to_subs":false,"_jetpack_newsletter_tier_id":0,"_jetpack_memberships_contains_paywalled_content":false,"_jetpack_memberships_contains_paid_content":false,"footnotes":"","jetpack_publicize_message":"","jetpack_publicize_feature_enabled":true,"jetpack_social_post_already_shared":true,"jetpack_social_options":{"image_generator_settings":{"template":"highway","default_image_id":0,"font":"","enabled":false},"version":2},"_wpas_customize_per_network":false},"categories":[21],"tags":[204,1003,7582,9328,8733],"class_list":["post-50363","post","type-post","status-publish","format-standard","has-post-thumbnail","hentry","category-deportes","tag-deportes-2","tag-futbol","tag-la-legion","tag-minadevino","tag-musante","generate-columns","tablet-grid-50","mobile-grid-100","grid-parent","grid-50"],"jetpack_publicize_connections":[],"jetpack_featured_media_url":"https:\/\/www.hoymercedes.com.ar\/principal\/wp-content\/uploads\/2016\/05\/26-Martin-Minadevino.jpg","wps_subtitle":"Se complica con el descenso","jetpack_sharing_enabled":true,"_links":{"self":[{"href":"https:\/\/www.hoymercedes.com.ar\/principal\/wp-json\/wp\/v2\/posts\/50363","targetHints":{"allow":["GET"]}}],"collection":[{"href":"https:\/\/www.hoymercedes.com.ar\/principal\/wp-json\/wp\/v2\/posts"}],"about":[{"href":"https:\/\/www.hoymercedes.com.ar\/principal\/wp-json\/wp\/v2\/types\/post"}],"author":[{"embeddable":true,"href":"https:\/\/www.hoymercedes.com.ar\/principal\/wp-json\/wp\/v2\/users\/1"}],"replies":[{"embeddable":true,"href":"https:\/\/www.hoymercedes.com.ar\/principal\/wp-json\/wp\/v2\/comments?post=50363"}],"version-history":[{"count":0,"href":"https:\/\/www.hoymercedes.com.ar\/principal\/wp-json\/wp\/v2\/posts\/50363\/revisions"}],"wp:featuredmedia":[{"embeddable":true,"href":"https:\/\/www.hoymercedes.com.ar\/principal\/wp-json\/wp\/v2\/media\/50365"}],"wp:attachment":[{"href":"https:\/\/www.hoymercedes.com.ar\/principal\/wp-json\/wp\/v2\/media?parent=50363"}],"wp:term":[{"taxonomy":"category","embeddable":true,"href":"https:\/\/www.hoymercedes.com.ar\/principal\/wp-json\/wp\/v2\/categories?post=50363"},{"taxonomy":"post_tag","embeddable":true,"href":"https:\/\/www.hoymercedes.com.ar\/principal\/wp-json\/wp\/v2\/tags?post=50363"}],"curies":[{"name":"wp","href":"https:\/\/api.w.org\/{rel}","templated":true}]}}